{"id":1006,"date":"2019-08-27T16:04:06","date_gmt":"2019-08-27T16:04:06","guid":{"rendered":"http:\/\/www.112canarias.com\/112\/2019\/08\/27\/incendio-artenara-10\/"},"modified":"2019-08-27T16:04:06","modified_gmt":"2019-08-27T16:04:06","slug":"incendio-artenara-10","status":"publish","type":"post","link":"https:\/\/www.112canarias.com\/112\/incendio-artenara-10\/","title":{"rendered":"Hoy regresan a Castilla-La Mancha los dos aviones enviados para combatir el incendio de Valleseco"},"content":{"rendered":"<p><\/p>\n<p style=\"text-align: justify;\"><strong>El Gobierno de Canarias, a trav\u00e9s del consejero de Seguridad, Julio P\u00e9rez, agradece al Ejecutivo de Castilla-La Mancha la aportaci\u00f3n voluntaria de dos aeronaves de carga en tierra del tipo Air Tractor que, entre los d\u00edas 20 y 23 de agosto, descargaron m\u00e1s de 445.000 litros de agua sobre el incendio de Valleseco, Gran Canaria<\/strong><\/p>\n<p style=\"text-align: justify;\">Los dos aviones de carga en tierra del tipo Air Tractor que la Comunidad Aut\u00f3noma de Castilla-La Mancha envi\u00f3 a las Islas para sumarse a las labores de extinci\u00f3n del incendio de Valleseco, en Gran Canaria, regresan hoy a la Pen\u00ednsula. Tienen previsto realizar una escala en Lanzarote y otras posteriores antes de llegar a sus bases Albacete y Toledo.<\/p>\n<p style=\"text-align: justify;\">Las aeronaves partieron de Castilla-La Mancha el pasado lunes 19 de agosto y vuelven hoy tras haber intervenido en la lucha contra el fuego entre los d\u00edas 20 y 23 de agosto, periodo en el que descargaron m\u00e1s de 445.000 litros de agua.<\/p>\n<p style=\"text-align: justify;\">El resto del tiempo estuvieron a disposici\u00f3n de la direcci\u00f3n del Infoca (Plan Especial de Protecci\u00f3n Civil y Atenci\u00f3n de Emergencias por incendios forestales de Canarias), por si era necesaria su activaci\u00f3n. Su tripulaci\u00f3n se compuso de dos pilotos y un mec\u00e1nico.<\/p>\n<p style=\"text-align: justify;\">El ofrecimiento de los aviones Air Tractor lo realiz\u00f3 el presidente de la Junta de Castilla La Mancha, Emiliano Garc\u00eda-Page, al presidente de la Comunidad Aut\u00f3noma de Canarias, \u00c1ngel V\u00edctor Torres, y se materializ\u00f3 a trav\u00e9s del Centro Nacional de Seguimiento y Coordinaci\u00f3n de Emergencias (CENEM).<\/p>\n<p style=\"text-align: justify;\">El consejero de Administraciones P\u00fablicas, Justicia y Seguridad, Julio P\u00e9rez, expresa el agradecimiento de la Comunidad Aut\u00f3noma de Canarias a la de Castilla-La Mancha por la iniciativa de ceder de manera voluntaria estas aeronaves y recalc\u00f3 su importante contribuci\u00f3n en las labores de extinci\u00f3n en Gran Canaria.<\/p>\n<div class=\"pvc_clear\"><\/div>\n<p id=\"pvc_stats_1006\" class=\"pvc_stats all  \" data-element-id=\"1006\" style=\"\"><i class=\"pvc-stats-icon medium\" aria-hidden=\"true\"><svg aria-hidden=\"true\" focusable=\"false\" data-prefix=\"far\" data-icon=\"chart-bar\" role=\"img\" xmlns=\"http:\/\/www.w3.org\/2000\/svg\" viewBox=\"0 0 512 512\" class=\"svg-inline--fa fa-chart-bar fa-w-16 fa-2x\"><path fill=\"currentColor\" d=\"M396.8 352h22.4c6.4 0 12.8-6.4 12.8-12.8V108.8c0-6.4-6.4-12.8-12.8-12.8h-22.4c-6.4 0-12.8 6.4-12.8 12.8v230.4c0 6.4 6.4 12.8 12.8 12.8zm-192 0h22.4c6.4 0 12.8-6.4 12.8-12.8V140.8c0-6.4-6.4-12.8-12.8-12.8h-22.4c-6.4 0-12.8 6.4-12.8 12.8v198.4c0 6.4 6.4 12.8 12.8 12.8zm96 0h22.4c6.4 0 12.8-6.4 12.8-12.8V204.8c0-6.4-6.4-12.8-12.8-12.8h-22.4c-6.4 0-12.8 6.4-12.8 12.8v134.4c0 6.4 6.4 12.8 12.8 12.8zM496 400H48V80c0-8.84-7.16-16-16-16H16C7.16 64 0 71.16 0 80v336c0 17.67 14.33 32 32 32h464c8.84 0 16-7.16 16-16v-16c0-8.84-7.16-16-16-16zm-387.2-48h22.4c6.4 0 12.8-6.4 12.8-12.8v-70.4c0-6.4-6.4-12.8-12.8-12.8h-22.4c-6.4 0-12.8 6.4-12.8 12.8v70.4c0 6.4 6.4 12.8 12.8 12.8z\" class=\"\"><\/path><\/svg><\/i> <\/p>\n<div class=\"pvc_clear\"><\/div>\n<div class=\"print\"><span class=\"page_title\">P\u00e1gina: <span>Hoy regresan a Castilla-La Mancha los dos aviones enviados para combatir el incendio de Valleseco<\/span><\/span>\n\t\t\t\t\t\t\t\t\t\t\t<span class=\"stmp_trans_date\">\u00daltima actualizaci\u00f3n: <span>27\/08\/2019 - 16:04:06<\/span><\/span>\n\t\t\t\t\t\t\t\t\t\t\t<span class=\"stmp_trans_date\">Fecha publicaci\u00f3n: <span>27\/08\/2019 - 16:04:06<\/span><\/span>\n\t\t\t\t\t\t\t\t\t\t\t<span class=\"stmp_trans_date\">Fecha creaci\u00f3n: <span>27\/08\/2019 - 16:04:06<\/span><\/span><\/div>","protected":false},"excerpt":{"rendered":"<p>El Gobierno de Canarias, a trav\u00e9s del consejero de Seguridad, Julio P\u00e9rez, agradece al Ejecutivo de Castilla-La Mancha la aportaci\u00f3n voluntaria de dos aeronaves de carga en tierra del tipo Air Tractor que, entre los d\u00edas 20 y 23 de agosto, descargaron m\u00e1s de 445.000&#8230;<\/p>\n<div class=\"pvc_clear\"><\/div>\n<p id=\"pvc_stats_1006\" class=\"pvc_stats all  \" data-element-id=\"1006\" style=\"\"><i class=\"pvc-stats-icon medium\" aria-hidden=\"true\"><svg aria-hidden=\"true\" focusable=\"false\" data-prefix=\"far\" data-icon=\"chart-bar\" role=\"img\" xmlns=\"http:\/\/www.w3.org\/2000\/svg\" viewBox=\"0 0 512 512\" class=\"svg-inline--fa fa-chart-bar fa-w-16 fa-2x\"><path fill=\"currentColor\" d=\"M396.8 352h22.4c6.4 0 12.8-6.4 12.8-12.8V108.8c0-6.4-6.4-12.8-12.8-12.8h-22.4c-6.4 0-12.8 6.4-12.8 12.8v230.4c0 6.4 6.4 12.8 12.8 12.8zm-192 0h22.4c6.4 0 12.8-6.4 12.8-12.8V140.8c0-6.4-6.4-12.8-12.8-12.8h-22.4c-6.4 0-12.8 6.4-12.8 12.8v198.4c0 6.4 6.4 12.8 12.8 12.8zm96 0h22.4c6.4 0 12.8-6.4 12.8-12.8V204.8c0-6.4-6.4-12.8-12.8-12.8h-22.4c-6.4 0-12.8 6.4-12.8 12.8v134.4c0 6.4 6.4 12.8 12.8 12.8zM496 400H48V80c0-8.84-7.16-16-16-16H16C7.16 64 0 71.16 0 80v336c0 17.67 14.33 32 32 32h464c8.84 0 16-7.16 16-16v-16c0-8.84-7.16-16-16-16zm-387.2-48h22.4c6.4 0 12.8-6.4 12.8-12.8v-70.4c0-6.4-6.4-12.8-12.8-12.8h-22.4c-6.4 0-12.8 6.4-12.8 12.8v70.4c0 6.4 6.4 12.8 12.8 12.8z\" class=\"\"><\/path><\/svg><\/i> <img loading=\"lazy\" decoding=\"async\" width=\"16\" height=\"16\" alt=\"Loading\" src=\"https:\/\/www.112canarias.com\/112\/wp-content\/plugins\/page-views-count\/ajax-loader-2x.gif\" border=0 \/><\/p>\n<div class=\"pvc_clear\"><\/div>\n","protected":false},"author":1,"featured_media":1444,"comment_status":"open","ping_status":"open","sticky":false,"template":"","format":"standard","meta":{"footnotes":""},"categories":[10],"tags":[],"class_list":["post-1006","post","type-post","status-publish","format-standard","has-post-thumbnail","hentry","category-ultimasnoticas"],"_links":{"self":[{"href":"https:\/\/www.112canarias.com\/112\/wp-json\/wp\/v2\/posts\/1006","targetHints":{"allow":["GET"]}}],"collection":[{"href":"https:\/\/www.112canarias.com\/112\/wp-json\/wp\/v2\/posts"}],"about":[{"href":"https:\/\/www.112canarias.com\/112\/wp-json\/wp\/v2\/types\/post"}],"author":[{"embeddable":true,"href":"https:\/\/www.112canarias.com\/112\/wp-json\/wp\/v2\/users\/1"}],"replies":[{"embeddable":true,"href":"https:\/\/www.112canarias.com\/112\/wp-json\/wp\/v2\/comments?post=1006"}],"version-history":[{"count":0,"href":"https:\/\/www.112canarias.com\/112\/wp-json\/wp\/v2\/posts\/1006\/revisions"}],"wp:featuredmedia":[{"embeddable":true,"href":"https:\/\/www.112canarias.com\/112\/wp-json\/wp\/v2\/media\/1444"}],"wp:attachment":[{"href":"https:\/\/www.112canarias.com\/112\/wp-json\/wp\/v2\/media?parent=1006"}],"wp:term":[{"taxonomy":"category","embeddable":true,"href":"https:\/\/www.112canarias.com\/112\/wp-json\/wp\/v2\/categories?post=1006"},{"taxonomy":"post_tag","embeddable":true,"href":"https:\/\/www.112canarias.com\/112\/wp-json\/wp\/v2\/tags?post=1006"}],"curies":[{"name":"wp","href":"https:\/\/api.w.org\/{rel}","templated":true}]}}