{"id":1012,"date":"2019-08-20T11:33:00","date_gmt":"2019-08-20T11:33:00","guid":{"rendered":"http:\/\/www.112canarias.com\/112\/2019\/08\/20\/los-intensos-trabajos-de-extincion-del-incendio-de-gran-canaria-logran-que-el-fuego-pierda-potencia\/"},"modified":"2019-08-20T11:33:00","modified_gmt":"2019-08-20T11:33:00","slug":"los-intensos-trabajos-de-extincion-del-incendio-de-gran-canaria-logran-que-el-fuego-pierda-potencia","status":"publish","type":"post","link":"https:\/\/www.112canarias.com\/112\/los-intensos-trabajos-de-extincion-del-incendio-de-gran-canaria-logran-que-el-fuego-pierda-potencia\/","title":{"rendered":"Los intensos trabajos de extinci\u00f3n del incendio de Gran Canaria logran que el fuego pierda potencia"},"content":{"rendered":"<p><\/p>\n<h2 class=\"article-title\" style=\"text-align: justify;\"><strong><span style=\"font-family: Tahoma, Helvetica, Arial, sans-serif; font-size: 12.16px;\">M\u00e1s de 350 efectivos en primera l\u00ednea y 18 medios a\u00e9reos act\u00faan durante el d\u00eda de hoy para lograr contenerlo<\/span><\/strong><\/h2>\n<p style=\"text-align: justify;\"><strong>La superficie afectada alcanza las 12.000 hect\u00e1reas en un per\u00edmetro de unos 80 kil\u00f3metros<\/strong><\/p>\n<p style=\"text-align: justify;\">Los intensos trabajos de extinci\u00f3n que se han desarrollado en el incendio de Gran Canaria, ayudados por los cambios meteorol\u00f3gicos, han logrado que el fuego progrese m\u00e1s lentamente y pierda potencia, seg\u00fan inform\u00f3 en rueda de prensa el presidente de Canarias, \u00c1ngel V\u00edctor Torres.<\/p>\n<p style=\"text-align: justify;\">El \u00e1rea donde se concentra ahora el mayor n\u00famero de efectivos es la zona norte desde \u00a0Valleseco hacia Agaete y Tamadaba. En esta \u00e1rea, los trabajos se centrar\u00e1n en tareas de liquidaci\u00f3n y control de las posibles reactivaciones. La parte m\u00e1s activa va desde Guayedra hasta el Pinar de Tamadaba donde hay puntos activos de fuego.<\/p>\n<p style=\"text-align: justify;\">En la zona sur los trabajos se centrar\u00e1n en la vigilancia y primer ataque de posibles rebrotes peligrosos que pueden avanzar hacia las cumbres de los municipios de Mog\u00e1n, San Bartolom\u00e9 y Tejeda. En la cola del incendio, desde la Cruz de Tejeda hacia Lanzarote es donde se han logrado hasta ahora los mejores resultados.<\/p>\n<p style=\"text-align: justify;\">Durante el d\u00eda de hoy trabaja en la zona un operativo de 700 efectivos terrestres, de los cuales 350 trabajar\u00e1n directamente en las labores de extinci\u00f3n. A ellos se suman 16 medios a\u00e9reos coordinados por dos aeronaves m\u00e1s que realizan descargas de agua en diferentes lugares. A estos recursos se unir\u00e1n pr\u00f3ximamente tres Brigadas de Refuerzo de Incendios Forestales (BRIF) adem\u00e1s de los dos helic\u00f3pteros Kamov y un avi\u00f3n de coordinaci\u00f3n ya anunciados ayer por el Ministerio de Agricultura, Pesca y Alimentaci\u00f3n.<\/p>\n<p style=\"text-align: justify;\">Alrededor de 10.000 personas procedentes de diez municipios diferentes, seg\u00fan el censo poblacional, han sido desalojadas de sus domicilios, de las cuales 700 han sido realojadas en ocho albergues habilitados para ello. El resto de los evacuados ha podido pernoctar en casas de familiares o amigos.<\/p>\n<p style=\"text-align: justify;\">En este sentido, el presidente avanz\u00f3 que \u201cla previsi\u00f3n es que esta tarde algunos vecinos puedan regresar a sus casas de manera progresiva\u201d, seg\u00fan la direcci\u00f3n de extinci\u00f3n considere que ya son zonas seguras. Esta informaci\u00f3n se comunicar\u00e1 a los vecinos por las autoridades locales y fuerzas y cuerpos de seguridad siguiendo lo establecido desde la direcci\u00f3n del INFOCA.<\/p>\n<p style=\"text-align: justify;\">En cuanto a las carreteras cortadas, un total de 21 v\u00edas se encuentran cerradas en este momento pero en funci\u00f3n de que se vaya conteniendo el incendio, se restablecer\u00e1 el tr\u00e1fico en las mismas de manera paulatina siempre que se den las condiciones de seguridad adecuadas.<\/p>\n<p style=\"text-align: justify;\">Por \u00faltimo, el presidente de Canarias recalc\u00f3 que aunque hoy las noticias son m\u00e1s favorables, \u201cel incendio no est\u00e1 extinguido y por lo tanto el riesgo contin\u00faa\u201d. En ese sentido, record\u00f3 una vez m\u00e1s que se deben seguir las indicaciones de las fuerzas y cuerpos de seguridad y que est\u00e1 prohibido eludir los cortes de tr\u00e1fico.\u00a0 \u201cSaltarse los controles de acceso es ilegal y quedarse en las casas es una temeridad\u201d, afirm\u00f3.<\/p>\n<p style=\"text-align: justify;\"><strong>Repercusi\u00f3n en el sector tur\u00edstico<\/strong><\/p>\n<p style=\"text-align: justify;\">Las autoridades canarias reiteran que esta situaci\u00f3n ha tenido escasa incidencia en los turistas que se encuentran de vacaciones en la isla, dado que la mayor\u00eda de las infraestructuras alojativas se concentran en zonas de costa, muy alejadas de las cumbres, como Puerto de Mog\u00e1n, Meloneras, Playa del Ingl\u00e9s o San Agust\u00edn, entre otras. Muchos de los \u201cevacuados\u201d son desplazados por el riesgo para la salud del intenso humo, no por efecto del fuego.<\/p>\n<p style=\"text-align: justify;\">Los puertos y aeropuertos siguen funcionando con total normalidad, as\u00ed como los transportes p\u00fablicos y privados. Todas las carreteras est\u00e1n operativas, excepto las 21 de la cumbre, a las que solo tienen acceso los equipos de emergencia y extinci\u00f3n del incendio.<\/p>\n<p style=\"text-align: justify;\">El Gobierno de Canarias solicita a los medios de comunicaci\u00f3n que difundan informaci\u00f3n procedente de canales oficiales y no de redes sociales, u otros medios, para que los datos correctos lleguen a la poblaci\u00f3n de pa\u00edses emisores de turistas de forma veraz.<\/p>\n<div class=\"pvc_clear\"><\/div>\n<p id=\"pvc_stats_1012\" class=\"pvc_stats all  \" data-element-id=\"1012\" style=\"\"><i class=\"pvc-stats-icon medium\" aria-hidden=\"true\"><svg aria-hidden=\"true\" focusable=\"false\" data-prefix=\"far\" data-icon=\"chart-bar\" role=\"img\" xmlns=\"http:\/\/www.w3.org\/2000\/svg\" viewBox=\"0 0 512 512\" class=\"svg-inline--fa fa-chart-bar fa-w-16 fa-2x\"><path fill=\"currentColor\" d=\"M396.8 352h22.4c6.4 0 12.8-6.4 12.8-12.8V108.8c0-6.4-6.4-12.8-12.8-12.8h-22.4c-6.4 0-12.8 6.4-12.8 12.8v230.4c0 6.4 6.4 12.8 12.8 12.8zm-192 0h22.4c6.4 0 12.8-6.4 12.8-12.8V140.8c0-6.4-6.4-12.8-12.8-12.8h-22.4c-6.4 0-12.8 6.4-12.8 12.8v198.4c0 6.4 6.4 12.8 12.8 12.8zm96 0h22.4c6.4 0 12.8-6.4 12.8-12.8V204.8c0-6.4-6.4-12.8-12.8-12.8h-22.4c-6.4 0-12.8 6.4-12.8 12.8v134.4c0 6.4 6.4 12.8 12.8 12.8zM496 400H48V80c0-8.84-7.16-16-16-16H16C7.16 64 0 71.16 0 80v336c0 17.67 14.33 32 32 32h464c8.84 0 16-7.16 16-16v-16c0-8.84-7.16-16-16-16zm-387.2-48h22.4c6.4 0 12.8-6.4 12.8-12.8v-70.4c0-6.4-6.4-12.8-12.8-12.8h-22.4c-6.4 0-12.8 6.4-12.8 12.8v70.4c0 6.4 6.4 12.8 12.8 12.8z\" class=\"\"><\/path><\/svg><\/i> <\/p>\n<div class=\"pvc_clear\"><\/div>\n<div class=\"print\"><span class=\"page_title\">P\u00e1gina: <span>Los intensos trabajos de extinci\u00f3n del incendio de Gran Canaria logran que el fuego pierda potencia<\/span><\/span>\n\t\t\t\t\t\t\t\t\t\t\t<span class=\"stmp_trans_date\">\u00daltima actualizaci\u00f3n: <span>20\/08\/2019 - 11:33:00<\/span><\/span>\n\t\t\t\t\t\t\t\t\t\t\t<span class=\"stmp_trans_date\">Fecha publicaci\u00f3n: <span>20\/08\/2019 - 11:33:00<\/span><\/span>\n\t\t\t\t\t\t\t\t\t\t\t<span class=\"stmp_trans_date\">Fecha creaci\u00f3n: <span>20\/08\/2019 - 11:33:00<\/span><\/span><\/div>","protected":false},"excerpt":{"rendered":"<p>M\u00e1s de 350 efectivos en primera l\u00ednea y 18 medios a\u00e9reos act\u00faan durante el d\u00eda de hoy para lograr contenerlo La superficie afectada alcanza las 12.000 hect\u00e1reas en un per\u00edmetro de unos 80 kil\u00f3metros Los intensos trabajos de extinci\u00f3n que se han desarrollado en el&#8230;<\/p>\n<div class=\"pvc_clear\"><\/div>\n<p id=\"pvc_stats_1012\" class=\"pvc_stats all  \" data-element-id=\"1012\" style=\"\"><i class=\"pvc-stats-icon medium\" aria-hidden=\"true\"><svg aria-hidden=\"true\" focusable=\"false\" data-prefix=\"far\" data-icon=\"chart-bar\" role=\"img\" xmlns=\"http:\/\/www.w3.org\/2000\/svg\" viewBox=\"0 0 512 512\" class=\"svg-inline--fa fa-chart-bar fa-w-16 fa-2x\"><path fill=\"currentColor\" d=\"M396.8 352h22.4c6.4 0 12.8-6.4 12.8-12.8V108.8c0-6.4-6.4-12.8-12.8-12.8h-22.4c-6.4 0-12.8 6.4-12.8 12.8v230.4c0 6.4 6.4 12.8 12.8 12.8zm-192 0h22.4c6.4 0 12.8-6.4 12.8-12.8V140.8c0-6.4-6.4-12.8-12.8-12.8h-22.4c-6.4 0-12.8 6.4-12.8 12.8v198.4c0 6.4 6.4 12.8 12.8 12.8zm96 0h22.4c6.4 0 12.8-6.4 12.8-12.8V204.8c0-6.4-6.4-12.8-12.8-12.8h-22.4c-6.4 0-12.8 6.4-12.8 12.8v134.4c0 6.4 6.4 12.8 12.8 12.8zM496 400H48V80c0-8.84-7.16-16-16-16H16C7.16 64 0 71.16 0 80v336c0 17.67 14.33 32 32 32h464c8.84 0 16-7.16 16-16v-16c0-8.84-7.16-16-16-16zm-387.2-48h22.4c6.4 0 12.8-6.4 12.8-12.8v-70.4c0-6.4-6.4-12.8-12.8-12.8h-22.4c-6.4 0-12.8 6.4-12.8 12.8v70.4c0 6.4 6.4 12.8 12.8 12.8z\" class=\"\"><\/path><\/svg><\/i> <img loading=\"lazy\" decoding=\"async\" width=\"16\" height=\"16\" alt=\"Loading\" src=\"https:\/\/www.112canarias.com\/112\/wp-content\/plugins\/page-views-count\/ajax-loader-2x.gif\" border=0 \/><\/p>\n<div class=\"pvc_clear\"><\/div>\n","protected":false},"author":1,"featured_media":1438,"comment_status":"open","ping_status":"open","sticky":false,"template":"","format":"standard","meta":{"footnotes":""},"categories":[10],"tags":[],"class_list":["post-1012","post","type-post","status-publish","format-standard","has-post-thumbnail","hentry","category-ultimasnoticas"],"_links":{"self":[{"href":"https:\/\/www.112canarias.com\/112\/wp-json\/wp\/v2\/posts\/1012","targetHints":{"allow":["GET"]}}],"collection":[{"href":"https:\/\/www.112canarias.com\/112\/wp-json\/wp\/v2\/posts"}],"about":[{"href":"https:\/\/www.112canarias.com\/112\/wp-json\/wp\/v2\/types\/post"}],"author":[{"embeddable":true,"href":"https:\/\/www.112canarias.com\/112\/wp-json\/wp\/v2\/users\/1"}],"replies":[{"embeddable":true,"href":"https:\/\/www.112canarias.com\/112\/wp-json\/wp\/v2\/comments?post=1012"}],"version-history":[{"count":0,"href":"https:\/\/www.112canarias.com\/112\/wp-json\/wp\/v2\/posts\/1012\/revisions"}],"wp:featuredmedia":[{"embeddable":true,"href":"https:\/\/www.112canarias.com\/112\/wp-json\/wp\/v2\/media\/1438"}],"wp:attachment":[{"href":"https:\/\/www.112canarias.com\/112\/wp-json\/wp\/v2\/media?parent=1012"}],"wp:term":[{"taxonomy":"category","embeddable":true,"href":"https:\/\/www.112canarias.com\/112\/wp-json\/wp\/v2\/categories?post=1012"},{"taxonomy":"post_tag","embeddable":true,"href":"https:\/\/www.112canarias.com\/112\/wp-json\/wp\/v2\/tags?post=1012"}],"curies":[{"name":"wp","href":"https:\/\/api.w.org\/{rel}","templated":true}]}}