{"id":1013,"date":"2019-08-19T21:32:00","date_gmt":"2019-08-19T21:32:00","guid":{"rendered":"http:\/\/www.112canarias.com\/112\/2019\/08\/19\/la-seguridad-de-las-personas-continua-siendo-la-prioridad-en-este-incendio-forestal\/"},"modified":"2019-08-19T21:32:00","modified_gmt":"2019-08-19T21:32:00","slug":"la-seguridad-de-las-personas-continua-siendo-la-prioridad-en-este-incendio-forestal","status":"publish","type":"post","link":"https:\/\/www.112canarias.com\/112\/la-seguridad-de-las-personas-continua-siendo-la-prioridad-en-este-incendio-forestal\/","title":{"rendered":"La seguridad de las personas contin\u00faa siendo la prioridad en este incendio forestal"},"content":{"rendered":"<p><\/p>\n<p><strong style=\"font-size: 12.16px;\">El incendio de Gran Canaria sigue muy activo y alcanza las 10.000 hect\u00e1reas<\/strong><\/p>\n<h2 class=\"article-title\" style=\"text-align: justify;\"><strong>\u00a0<\/strong><\/h2>\n<p style=\"text-align: justify;\">El presidente de Canarias, \u00c1ngel V\u00edctor Torres, en su comparecencia de esta noche destac\u00f3 que durante el d\u00eda de hoy todos los medios a\u00e9reos desplegados han descargado m\u00e1s de un mill\u00f3n de litros de agua en la zona del incendio y como dato significativo subray\u00f3 que s\u00f3lo los cuatro hidroaviones realizaron 133 descargas. \u201cA pesar de ello y de tener m\u00e1s de 600 personas trabajando en la contenci\u00f3n de este incendio, a\u00f1adi\u00f3, el per\u00edmetro ha aumentado de 60 a 75 kil\u00f3metros y las hect\u00e1reas afectadas han pasado de 6.000 a 10.000, de las cuales 2.000 evolucionaron dentro del Parque de Tamadaba y las otras 2.000 en el flanco hacia Inagua\u201d.<\/p>\n<p style=\"text-align: justify;\">Durante la jornada de hoy se han realizado nuevas evacuaciones en Cercados de Ara\u00f1a, Ayacata y La Plata, municipio de San Bartolom\u00e9 de Tirajana. En estos momentos permanecen alojadas en los albergues 473 personas de las m\u00e1s de 9.000 censadas en los diferentes n\u00facleos poblacionales afectados.<\/p>\n<p style=\"text-align: justify;\">En cuanto a la evoluci\u00f3n del incendio, el presidente de Canarias se\u00f1al\u00f3 que en la zona Norte, que afecta a San Mateo, Cueva Corcho, Valleseco y Moya se ha hecho un intenso trabajo y esta zona se encuentran m\u00e1s contenida.<\/p>\n<p style=\"text-align: justify;\">Adem\u00e1s, destac\u00f3 que en la zona Sur hay un flanco que se introdujo en Tamadaba, donde se ha producido la quema de matorral bajo y el incendio camina hacia el mar. Y un segundo flanco que se ha ido dirigiendo hacia la zona de Inagua y debido al comportamiento del viento el incendio podr\u00eda avanzar hacia el Sur.<\/p>\n<p style=\"text-align: justify;\">Ante esta situaci\u00f3n y debido a la incertidumbre que existe sobre el avance del fuego, \u00c1ngel V\u00edctor Torres subray\u00f3 que se mantiene el plan de contingencia y se han planteado posibles nuevas zonas de evacuaci\u00f3n en Mog\u00e1n, La Aldea de San Nicol\u00e1s y en San Bartolom\u00e9 de Tirajana, municipios que ya han sido prealertados.<\/p>\n<p style=\"text-align: justify;\">El dispositivo que trabajar\u00e1 durante la noche asciende a 475 efectivos, 230 combatiendo directamente el incendio, a los que se suman los efectivos de las diferentes agrupaciones de protecci\u00f3n civil.<\/p>\n<p style=\"text-align: justify;\">El presidente de Canarias insisti\u00f3, una vez m\u00e1s, en priorizar la seguridad de las personas en esta emergencia, y reiter\u00f3 que \u201ceste es un incendio muy serio, un gran incendio forestal y hay que confiar en el magn\u00edfico trabajo de los que luchan para combatirlo\u201d. Por ello, hizo un llamamiento a la poblaci\u00f3n de las zonas afectadas para que respeten las indicaciones de las fuerzas y cuerpos de seguridad y atiendan sus instrucciones ante una orden de desalojo.<\/p>\n<p style=\"text-align: justify;\">Por su parte, el director de emergencias del Cabildo de Gran Canaria, Federico Grillo, destac\u00f3 que se mantienen los mismos flancos en la evoluci\u00f3n del incendio y aunque ha aumentado el per\u00edmetro existen zonas m\u00e1s tranquilas. No obstante, insisti\u00f3 en que los cambios en la direcci\u00f3n del viento est\u00e1n influyendo en las labores de extinci\u00f3n.<\/p>\n<p style=\"text-align: justify;\">La zona de Tamadaba ya no es la de mayor intensidad, el fuego ha salido en su mayor\u00eda del pinar y se dirige al mar por zona de pasto.<\/p>\n<p style=\"text-align: justify;\">El flanco m\u00e1s activo, en estos momentos, es el izquierdo, ya que dependiendo de los vientos locales puede dirigirse hacia Mog\u00e1n y San Bartolom\u00e9 de Tirajana.<\/p>\n<p style=\"text-align: justify;\">En su intervenci\u00f3n, el ministro de Agricultura, Pesca y Alimentaci\u00f3n en funciones, Luis Planas, suscribi\u00f3 las palabras del presidente de Canarias en el sentido de que \u201ceste incendio lo vamos a ganar\u201d, si bien reconoci\u00f3 \u201cque est\u00e1 siendo un trabajo muy complicado, al tiempo que rindi\u00f3 un homenaje a los que luchan para combatirlo y contribuyen a que no se pierdan vidas en esta emergencia\u201d.<\/p>\n<p style=\"text-align: justify;\">Planas indic\u00f3 que el Gobierno de Espa\u00f1a podr\u00e1 a disposici\u00f3n todos los medios que sean necesarios \u201cy se colaborar\u00e1 para conseguir extinguir cuanto antes este incendio, que es sin duda, el m\u00e1s importante que hemos tenido en nuestro pa\u00eds en lo que va de a\u00f1o\u201d, subray\u00f3.<\/p>\n<p style=\"text-align: justify;\">En este sentido, el ministro anunci\u00f3 que esta misma noche comenzar\u00e1 a operar el dron aportado por el Estado, que permitir\u00e1 durante la noche obtener una foto real de la situaci\u00f3n y contribuir\u00e1 a mejorar la respuesta en las tareas de extinci\u00f3n.<\/p>\n<p style=\"text-align: justify;\"><strong>Sin incidencias tur\u00edsticas<\/strong><\/p>\n<p style=\"text-align: justify;\">Aunque el incendio forestal se encuentra cercano a caser\u00edos pertenecientes al t\u00e9rmino municipal de Mog\u00e1n, ello no supone que llegue a la zona tur\u00edstica costera del lugar, y, por tanto, tampoco a los visitantes que se hospedan en mencionado espacio.<\/p>\n<p style=\"text-align: justify;\">Cabe destacar que por el momento no se han registrado da\u00f1os\/incidencias significativas en lo que al turismo que se encuentra en la isla de Gran Canaria se refiere.<\/p>\n<p style=\"text-align: justify;\">El descenso de temperatura y de las rachas de viento que llegaron a alcanzar los 80 kil\u00f3metros\/hora, est\u00e1n siendo de gran ayuda para los varios cientos de efectivos que trabajan en la extinci\u00f3n del incendio forestal que afecta a la cumbre de Gran Canaria.<\/p>\n<p style=\"text-align: justify;\">Se solicita a los medios de comunicaci\u00f3n internacionales contrastar siempre la informaci\u00f3n con la instituci\u00f3n competente.<\/p>\n<div class=\"pvc_clear\"><\/div>\n<p id=\"pvc_stats_1013\" class=\"pvc_stats all  \" data-element-id=\"1013\" style=\"\"><i class=\"pvc-stats-icon medium\" aria-hidden=\"true\"><svg aria-hidden=\"true\" focusable=\"false\" data-prefix=\"far\" data-icon=\"chart-bar\" role=\"img\" xmlns=\"http:\/\/www.w3.org\/2000\/svg\" viewBox=\"0 0 512 512\" class=\"svg-inline--fa fa-chart-bar fa-w-16 fa-2x\"><path fill=\"currentColor\" d=\"M396.8 352h22.4c6.4 0 12.8-6.4 12.8-12.8V108.8c0-6.4-6.4-12.8-12.8-12.8h-22.4c-6.4 0-12.8 6.4-12.8 12.8v230.4c0 6.4 6.4 12.8 12.8 12.8zm-192 0h22.4c6.4 0 12.8-6.4 12.8-12.8V140.8c0-6.4-6.4-12.8-12.8-12.8h-22.4c-6.4 0-12.8 6.4-12.8 12.8v198.4c0 6.4 6.4 12.8 12.8 12.8zm96 0h22.4c6.4 0 12.8-6.4 12.8-12.8V204.8c0-6.4-6.4-12.8-12.8-12.8h-22.4c-6.4 0-12.8 6.4-12.8 12.8v134.4c0 6.4 6.4 12.8 12.8 12.8zM496 400H48V80c0-8.84-7.16-16-16-16H16C7.16 64 0 71.16 0 80v336c0 17.67 14.33 32 32 32h464c8.84 0 16-7.16 16-16v-16c0-8.84-7.16-16-16-16zm-387.2-48h22.4c6.4 0 12.8-6.4 12.8-12.8v-70.4c0-6.4-6.4-12.8-12.8-12.8h-22.4c-6.4 0-12.8 6.4-12.8 12.8v70.4c0 6.4 6.4 12.8 12.8 12.8z\" class=\"\"><\/path><\/svg><\/i> <\/p>\n<div class=\"pvc_clear\"><\/div>\n<div class=\"print\"><span class=\"page_title\">P\u00e1gina: <span>La seguridad de las personas contin\u00faa siendo la prioridad en este incendio forestal<\/span><\/span>\n\t\t\t\t\t\t\t\t\t\t\t<span class=\"stmp_trans_date\">\u00daltima actualizaci\u00f3n: <span>19\/08\/2019 - 21:32:00<\/span><\/span>\n\t\t\t\t\t\t\t\t\t\t\t<span class=\"stmp_trans_date\">Fecha publicaci\u00f3n: <span>19\/08\/2019 - 21:32:00<\/span><\/span>\n\t\t\t\t\t\t\t\t\t\t\t<span class=\"stmp_trans_date\">Fecha creaci\u00f3n: <span>19\/08\/2019 - 21:32:00<\/span><\/span><\/div>","protected":false},"excerpt":{"rendered":"<p>El incendio de Gran Canaria sigue muy activo y alcanza las 10.000 hect\u00e1reas \u00a0 El presidente de Canarias, \u00c1ngel V\u00edctor Torres, en su comparecencia de esta noche destac\u00f3 que durante el d\u00eda de hoy todos los medios a\u00e9reos desplegados han descargado m\u00e1s de un mill\u00f3n&#8230;<\/p>\n<div class=\"pvc_clear\"><\/div>\n<p id=\"pvc_stats_1013\" class=\"pvc_stats all  \" data-element-id=\"1013\" style=\"\"><i class=\"pvc-stats-icon medium\" aria-hidden=\"true\"><svg aria-hidden=\"true\" focusable=\"false\" data-prefix=\"far\" data-icon=\"chart-bar\" role=\"img\" xmlns=\"http:\/\/www.w3.org\/2000\/svg\" viewBox=\"0 0 512 512\" class=\"svg-inline--fa fa-chart-bar fa-w-16 fa-2x\"><path fill=\"currentColor\" d=\"M396.8 352h22.4c6.4 0 12.8-6.4 12.8-12.8V108.8c0-6.4-6.4-12.8-12.8-12.8h-22.4c-6.4 0-12.8 6.4-12.8 12.8v230.4c0 6.4 6.4 12.8 12.8 12.8zm-192 0h22.4c6.4 0 12.8-6.4 12.8-12.8V140.8c0-6.4-6.4-12.8-12.8-12.8h-22.4c-6.4 0-12.8 6.4-12.8 12.8v198.4c0 6.4 6.4 12.8 12.8 12.8zm96 0h22.4c6.4 0 12.8-6.4 12.8-12.8V204.8c0-6.4-6.4-12.8-12.8-12.8h-22.4c-6.4 0-12.8 6.4-12.8 12.8v134.4c0 6.4 6.4 12.8 12.8 12.8zM496 400H48V80c0-8.84-7.16-16-16-16H16C7.16 64 0 71.16 0 80v336c0 17.67 14.33 32 32 32h464c8.84 0 16-7.16 16-16v-16c0-8.84-7.16-16-16-16zm-387.2-48h22.4c6.4 0 12.8-6.4 12.8-12.8v-70.4c0-6.4-6.4-12.8-12.8-12.8h-22.4c-6.4 0-12.8 6.4-12.8 12.8v70.4c0 6.4 6.4 12.8 12.8 12.8z\" class=\"\"><\/path><\/svg><\/i> <img loading=\"lazy\" decoding=\"async\" width=\"16\" height=\"16\" alt=\"Loading\" src=\"https:\/\/www.112canarias.com\/112\/wp-content\/plugins\/page-views-count\/ajax-loader-2x.gif\" border=0 \/><\/p>\n<div class=\"pvc_clear\"><\/div>\n","protected":false},"author":1,"featured_media":1437,"comment_status":"open","ping_status":"open","sticky":false,"template":"","format":"standard","meta":{"footnotes":""},"categories":[10],"tags":[],"class_list":["post-1013","post","type-post","status-publish","format-standard","has-post-thumbnail","hentry","category-ultimasnoticas"],"_links":{"self":[{"href":"https:\/\/www.112canarias.com\/112\/wp-json\/wp\/v2\/posts\/1013","targetHints":{"allow":["GET"]}}],"collection":[{"href":"https:\/\/www.112canarias.com\/112\/wp-json\/wp\/v2\/posts"}],"about":[{"href":"https:\/\/www.112canarias.com\/112\/wp-json\/wp\/v2\/types\/post"}],"author":[{"embeddable":true,"href":"https:\/\/www.112canarias.com\/112\/wp-json\/wp\/v2\/users\/1"}],"replies":[{"embeddable":true,"href":"https:\/\/www.112canarias.com\/112\/wp-json\/wp\/v2\/comments?post=1013"}],"version-history":[{"count":0,"href":"https:\/\/www.112canarias.com\/112\/wp-json\/wp\/v2\/posts\/1013\/revisions"}],"wp:featuredmedia":[{"embeddable":true,"href":"https:\/\/www.112canarias.com\/112\/wp-json\/wp\/v2\/media\/1437"}],"wp:attachment":[{"href":"https:\/\/www.112canarias.com\/112\/wp-json\/wp\/v2\/media?parent=1013"}],"wp:term":[{"taxonomy":"category","embeddable":true,"href":"https:\/\/www.112canarias.com\/112\/wp-json\/wp\/v2\/categories?post=1013"},{"taxonomy":"post_tag","embeddable":true,"href":"https:\/\/www.112canarias.com\/112\/wp-json\/wp\/v2\/tags?post=1013"}],"curies":[{"name":"wp","href":"https:\/\/api.w.org\/{rel}","templated":true}]}}