{"id":1015,"date":"2019-08-18T11:30:00","date_gmt":"2019-08-18T11:30:00","guid":{"rendered":"http:\/\/www.112canarias.com\/112\/2019\/08\/18\/el-incendio-de-gran-canaria-sigue-sin-control-y-afecta-ya-a-unas-3-400-hectareas\/"},"modified":"2019-08-18T11:30:00","modified_gmt":"2019-08-18T11:30:00","slug":"el-incendio-de-gran-canaria-sigue-sin-control-y-afecta-ya-a-unas-3-400-hectareas","status":"publish","type":"post","link":"https:\/\/www.112canarias.com\/112\/el-incendio-de-gran-canaria-sigue-sin-control-y-afecta-ya-a-unas-3-400-hectareas\/","title":{"rendered":"El incendio de Gran Canaria sigue sin control y afecta ya a unas 3.400 hect\u00e1reas"},"content":{"rendered":"<p><\/p>\n<h2 class=\"article-title\" style=\"text-align: justify;\"><strong><span style=\"font-family: Tahoma, Helvetica, Arial, sans-serif; font-size: 12.16px;\">El n\u00famero de evacuados supera ya las 5.000 personas de Valleseco, Moya, G\u00e1ldar, Agaete, San Mateo, Artenara y Tejeda<\/span><\/strong><\/h2>\n<p style=\"text-align: justify;\">El presidente de Canarias \u00c1ngel V\u00edctor Torres asegur\u00f3 que estamos ante \u201cun incendio voraz\u201d que sigue \u201csin estar contenido, ni controlado\u201d lo que ha provocado que la superficie haya alcanzado ya las 3.400 hect\u00e1reas a pesar del trabajo que ha realizado en la zona el mayor dispositivo de medios a\u00e9reos y terrestres utilizados hasta el momento en un incendio forestal en Canarias.<\/p>\n<p style=\"text-align: justify;\">Nuestra prioridad -a\u00f1adi\u00f3 el presidente- \u201ces la seguridad de las personas\u201d y hacia ah\u00ed se dirigir\u00e1n todas las actuaciones que se lleven a cabo durante la noche y el d\u00eda de ma\u00f1ana. En este sentido, \u00c1ngel V\u00edctor Torres recalc\u00f3 que \u201ces importante contener la cola y los flancos derecho e izquierdo donde hay zonas habitadas\u201d.<\/p>\n<p style=\"text-align: justify;\">De acuerdo con esta l\u00ednea de actuaci\u00f3n, esta noche trabajar\u00e1n en las labores de extinci\u00f3n m\u00e1s de 400 personas que ser\u00e1n relevadas en las primeras horas de la ma\u00f1ana por otros 700 efectivos. A ello se sumar\u00e1 un dispositivo a\u00e9reo en el que participar\u00e1n catorce aeronaves (nueve helic\u00f3pteros, un airtractor y cuatro hidroaviones) que realizar\u00e1n descargas de agua en diferentes zonas seg\u00fan la evoluci\u00f3n del incendio y otros dos helic\u00f3pteros que realizar\u00e1n labores de coordinaci\u00f3n a\u00e9rea.<\/p>\n<p style=\"text-align: justify;\">El presidente de Canarias inform\u00f3 que el n\u00famero de personas evacuadas ha superado ya las 5.000 seg\u00fan el censo procedentes de 40 n\u00facleos poblaciones de los municipios de Valleseco, Moya, G\u00e1ldar, Agaete, San Mateo, Artenara y Tejeda que est\u00e1n siendo realojados en siete albergues.<\/p>\n<p style=\"text-align: justify;\">Ante el probable avance del fuego durante la noche, el presidente de Canarias inform\u00f3 que se mantiene activo el Plan de Contingencia ya que ser\u00e1 muy probable que se lleven a cabo nuevas evacuaciones en las pr\u00f3ximas horas.<\/p>\n<p style=\"text-align: justify;\">La evoluci\u00f3n del incendio ha hecho necesario el cierre de 20 carreteras ubicadas en las zonas afectadas por lo que el presidente de Canarias insisti\u00f3 en la necesidad de que \u201cnadie se acerque a la zona de los incendios\u201d ya que eso afecta a su seguridad y pone en riesgo el trabajo de los efectivos en la zona.<\/p>\n<p style=\"text-align: justify;\">Evoluci\u00f3n del incendio<\/p>\n<p style=\"text-align: justify;\">Por su parte, Federico Grillo, jefe de Emergencias del Cabildo de Gran Canaria, asegur\u00f3 que debido al comportamiento del incendio en las pr\u00f3ximas horas aumentar\u00e1 notablemente la superficie afectada.<\/p>\n<p style=\"text-align: justify;\">La evoluci\u00f3n del incendio debido a los vientos hace, seg\u00fan Grillo, que la cabeza del mismo, que ya se encuentra en Tamadaba, sea la parte m\u00e1s destructiva por el\u00a0 \u00a0comportamiento del fuego que podr\u00eda generar posibilidades de atrapamiento de los intervinientes lo que hace que \u201csea imposible pararlo en la situaci\u00f3n actual\u201d.<\/p>\n<p style=\"text-align: justify;\">El incendio podr\u00eda evolucionar hacia el oeste y en direcci\u00f3n sureste lo que har\u00eda que se pudieran ver afectados los municipios de La Aldea, Artenara, Tejeda y probablemente Mog\u00e1n. \u201cEsa evoluci\u00f3n en sentido suroeste -explic\u00f3 Grillo- podr\u00eda producirse en 24, 48 o 96 horas\u201d.<\/p>\n<p style=\"text-align: justify;\">Ante esta situaci\u00f3n, durante la noche los trabajos se centrar\u00e1n en contener la cola, el flanco izquierdo y el flanco derecho hacia donde hay zonas habitadas.<\/p>\n<div class=\"pvc_clear\"><\/div>\n<p id=\"pvc_stats_1015\" class=\"pvc_stats all  \" data-element-id=\"1015\" style=\"\"><i class=\"pvc-stats-icon medium\" aria-hidden=\"true\"><svg aria-hidden=\"true\" focusable=\"false\" data-prefix=\"far\" data-icon=\"chart-bar\" role=\"img\" xmlns=\"http:\/\/www.w3.org\/2000\/svg\" viewBox=\"0 0 512 512\" class=\"svg-inline--fa fa-chart-bar fa-w-16 fa-2x\"><path fill=\"currentColor\" d=\"M396.8 352h22.4c6.4 0 12.8-6.4 12.8-12.8V108.8c0-6.4-6.4-12.8-12.8-12.8h-22.4c-6.4 0-12.8 6.4-12.8 12.8v230.4c0 6.4 6.4 12.8 12.8 12.8zm-192 0h22.4c6.4 0 12.8-6.4 12.8-12.8V140.8c0-6.4-6.4-12.8-12.8-12.8h-22.4c-6.4 0-12.8 6.4-12.8 12.8v198.4c0 6.4 6.4 12.8 12.8 12.8zm96 0h22.4c6.4 0 12.8-6.4 12.8-12.8V204.8c0-6.4-6.4-12.8-12.8-12.8h-22.4c-6.4 0-12.8 6.4-12.8 12.8v134.4c0 6.4 6.4 12.8 12.8 12.8zM496 400H48V80c0-8.84-7.16-16-16-16H16C7.16 64 0 71.16 0 80v336c0 17.67 14.33 32 32 32h464c8.84 0 16-7.16 16-16v-16c0-8.84-7.16-16-16-16zm-387.2-48h22.4c6.4 0 12.8-6.4 12.8-12.8v-70.4c0-6.4-6.4-12.8-12.8-12.8h-22.4c-6.4 0-12.8 6.4-12.8 12.8v70.4c0 6.4 6.4 12.8 12.8 12.8z\" class=\"\"><\/path><\/svg><\/i> <\/p>\n<div class=\"pvc_clear\"><\/div>\n<div class=\"print\"><span class=\"page_title\">P\u00e1gina: <span>El incendio de Gran Canaria sigue sin control y afecta ya a unas 3.400 hect\u00e1reas<\/span><\/span>\n\t\t\t\t\t\t\t\t\t\t\t<span class=\"stmp_trans_date\">\u00daltima actualizaci\u00f3n: <span>18\/08\/2019 - 11:30:00<\/span><\/span>\n\t\t\t\t\t\t\t\t\t\t\t<span class=\"stmp_trans_date\">Fecha publicaci\u00f3n: <span>18\/08\/2019 - 11:30:00<\/span><\/span>\n\t\t\t\t\t\t\t\t\t\t\t<span class=\"stmp_trans_date\">Fecha creaci\u00f3n: <span>18\/08\/2019 - 11:30:00<\/span><\/span><\/div>","protected":false},"excerpt":{"rendered":"<p>El n\u00famero de evacuados supera ya las 5.000 personas de Valleseco, Moya, G\u00e1ldar, Agaete, San Mateo, Artenara y Tejeda El presidente de Canarias \u00c1ngel V\u00edctor Torres asegur\u00f3 que estamos ante \u201cun incendio voraz\u201d que sigue \u201csin estar contenido, ni controlado\u201d lo que ha provocado que&#8230;<\/p>\n<div class=\"pvc_clear\"><\/div>\n<p id=\"pvc_stats_1015\" class=\"pvc_stats all  \" data-element-id=\"1015\" style=\"\"><i class=\"pvc-stats-icon medium\" aria-hidden=\"true\"><svg aria-hidden=\"true\" focusable=\"false\" data-prefix=\"far\" data-icon=\"chart-bar\" role=\"img\" xmlns=\"http:\/\/www.w3.org\/2000\/svg\" viewBox=\"0 0 512 512\" class=\"svg-inline--fa fa-chart-bar fa-w-16 fa-2x\"><path fill=\"currentColor\" d=\"M396.8 352h22.4c6.4 0 12.8-6.4 12.8-12.8V108.8c0-6.4-6.4-12.8-12.8-12.8h-22.4c-6.4 0-12.8 6.4-12.8 12.8v230.4c0 6.4 6.4 12.8 12.8 12.8zm-192 0h22.4c6.4 0 12.8-6.4 12.8-12.8V140.8c0-6.4-6.4-12.8-12.8-12.8h-22.4c-6.4 0-12.8 6.4-12.8 12.8v198.4c0 6.4 6.4 12.8 12.8 12.8zm96 0h22.4c6.4 0 12.8-6.4 12.8-12.8V204.8c0-6.4-6.4-12.8-12.8-12.8h-22.4c-6.4 0-12.8 6.4-12.8 12.8v134.4c0 6.4 6.4 12.8 12.8 12.8zM496 400H48V80c0-8.84-7.16-16-16-16H16C7.16 64 0 71.16 0 80v336c0 17.67 14.33 32 32 32h464c8.84 0 16-7.16 16-16v-16c0-8.84-7.16-16-16-16zm-387.2-48h22.4c6.4 0 12.8-6.4 12.8-12.8v-70.4c0-6.4-6.4-12.8-12.8-12.8h-22.4c-6.4 0-12.8 6.4-12.8 12.8v70.4c0 6.4 6.4 12.8 12.8 12.8z\" class=\"\"><\/path><\/svg><\/i> <img loading=\"lazy\" decoding=\"async\" width=\"16\" height=\"16\" alt=\"Loading\" src=\"https:\/\/www.112canarias.com\/112\/wp-content\/plugins\/page-views-count\/ajax-loader-2x.gif\" border=0 \/><\/p>\n<div class=\"pvc_clear\"><\/div>\n","protected":false},"author":1,"featured_media":1435,"comment_status":"open","ping_status":"open","sticky":false,"template":"","format":"standard","meta":{"footnotes":""},"categories":[10],"tags":[],"class_list":["post-1015","post","type-post","status-publish","format-standard","has-post-thumbnail","hentry","category-ultimasnoticas"],"_links":{"self":[{"href":"https:\/\/www.112canarias.com\/112\/wp-json\/wp\/v2\/posts\/1015","targetHints":{"allow":["GET"]}}],"collection":[{"href":"https:\/\/www.112canarias.com\/112\/wp-json\/wp\/v2\/posts"}],"about":[{"href":"https:\/\/www.112canarias.com\/112\/wp-json\/wp\/v2\/types\/post"}],"author":[{"embeddable":true,"href":"https:\/\/www.112canarias.com\/112\/wp-json\/wp\/v2\/users\/1"}],"replies":[{"embeddable":true,"href":"https:\/\/www.112canarias.com\/112\/wp-json\/wp\/v2\/comments?post=1015"}],"version-history":[{"count":0,"href":"https:\/\/www.112canarias.com\/112\/wp-json\/wp\/v2\/posts\/1015\/revisions"}],"wp:featuredmedia":[{"embeddable":true,"href":"https:\/\/www.112canarias.com\/112\/wp-json\/wp\/v2\/media\/1435"}],"wp:attachment":[{"href":"https:\/\/www.112canarias.com\/112\/wp-json\/wp\/v2\/media?parent=1015"}],"wp:term":[{"taxonomy":"category","embeddable":true,"href":"https:\/\/www.112canarias.com\/112\/wp-json\/wp\/v2\/categories?post=1015"},{"taxonomy":"post_tag","embeddable":true,"href":"https:\/\/www.112canarias.com\/112\/wp-json\/wp\/v2\/tags?post=1015"}],"curies":[{"name":"wp","href":"https:\/\/api.w.org\/{rel}","templated":true}]}}