{"id":1018,"date":"2019-08-17T16:47:00","date_gmt":"2019-08-17T16:47:00","guid":{"rendered":"http:\/\/www.112canarias.com\/112\/2019\/08\/17\/el-gobierno-de-canarias-declara-nivel-2-y-asume-la-direccion-del-nuevo-incendio-forestal-en-gran-canaria\/"},"modified":"2019-08-17T16:47:00","modified_gmt":"2019-08-17T16:47:00","slug":"el-gobierno-de-canarias-declara-nivel-2-y-asume-la-direccion-del-nuevo-incendio-forestal-en-gran-canaria","status":"publish","type":"post","link":"https:\/\/www.112canarias.com\/112\/el-gobierno-de-canarias-declara-nivel-2-y-asume-la-direccion-del-nuevo-incendio-forestal-en-gran-canaria\/","title":{"rendered":"El Gobierno de Canarias declara nivel 2 y asume la direcci\u00f3n del nuevo incendio forestal en Gran Canaria"},"content":{"rendered":"<p><\/p>\n<h2 class=\"article-title\"><strong><span style=\"text-align: justify; font-family: Tahoma, Helvetica, Arial, sans-serif; font-size: 12.16px;\">El \u00e1mbito territorial de la emergencia, en el momento de la declaraci\u00f3n de nivel 2, comprende los municipios de Valleseco, Tejeda y Moya.<\/span><\/strong><\/h2>\n<p style=\"text-align: justify;\">El incendio que se inici\u00f3 hoy s\u00e1bado, 17 de agosto, en el municipio de Valleseco pas\u00f3 a las 18:00 horas de esta tarde a Nivel 2, por lo que la direcci\u00f3n de la emergencia que estaba en manos del Cabildo de Gran Canaria la asume el Gobierno de Canarias, en aplicaci\u00f3n del Plan Especial de Protecci\u00f3n Civil y Atenci\u00f3n de Emergencias por Incendios Forestales en la Comunidad Aut\u00f3noma de Canarias (INFOCA).<\/p>\n<p style=\"text-align: justify;\">El \u00e1mbito territorial de la emergencia, en el momento de la declaraci\u00f3n, comprende los municipios de Valleseco, Tejeda y Moya.<\/p>\n<p style=\"text-align: justify;\">De manera preventiva y para garantizar la seguridad de la poblaci\u00f3n m\u00e1s cercana, se ha procedido a evacuar Rinc\u00f3n de Tejeda, Cruz de Tejeda y el Parador.<\/p>\n<p>\u00a0<\/p>\n<div class=\"pvc_clear\"><\/div>\n<p id=\"pvc_stats_1018\" class=\"pvc_stats all  \" data-element-id=\"1018\" style=\"\"><i class=\"pvc-stats-icon medium\" aria-hidden=\"true\"><svg aria-hidden=\"true\" focusable=\"false\" data-prefix=\"far\" data-icon=\"chart-bar\" role=\"img\" xmlns=\"http:\/\/www.w3.org\/2000\/svg\" viewBox=\"0 0 512 512\" class=\"svg-inline--fa fa-chart-bar fa-w-16 fa-2x\"><path fill=\"currentColor\" d=\"M396.8 352h22.4c6.4 0 12.8-6.4 12.8-12.8V108.8c0-6.4-6.4-12.8-12.8-12.8h-22.4c-6.4 0-12.8 6.4-12.8 12.8v230.4c0 6.4 6.4 12.8 12.8 12.8zm-192 0h22.4c6.4 0 12.8-6.4 12.8-12.8V140.8c0-6.4-6.4-12.8-12.8-12.8h-22.4c-6.4 0-12.8 6.4-12.8 12.8v198.4c0 6.4 6.4 12.8 12.8 12.8zm96 0h22.4c6.4 0 12.8-6.4 12.8-12.8V204.8c0-6.4-6.4-12.8-12.8-12.8h-22.4c-6.4 0-12.8 6.4-12.8 12.8v134.4c0 6.4 6.4 12.8 12.8 12.8zM496 400H48V80c0-8.84-7.16-16-16-16H16C7.16 64 0 71.16 0 80v336c0 17.67 14.33 32 32 32h464c8.84 0 16-7.16 16-16v-16c0-8.84-7.16-16-16-16zm-387.2-48h22.4c6.4 0 12.8-6.4 12.8-12.8v-70.4c0-6.4-6.4-12.8-12.8-12.8h-22.4c-6.4 0-12.8 6.4-12.8 12.8v70.4c0 6.4 6.4 12.8 12.8 12.8z\" class=\"\"><\/path><\/svg><\/i> <\/p>\n<div class=\"pvc_clear\"><\/div>\n<div class=\"print\"><span class=\"page_title\">P\u00e1gina: <span>El Gobierno de Canarias declara nivel 2 y asume la direcci\u00f3n del nuevo incendio forestal en Gran Canaria<\/span><\/span>\n\t\t\t\t\t\t\t\t\t\t\t<span class=\"stmp_trans_date\">\u00daltima actualizaci\u00f3n: <span>17\/08\/2019 - 16:47:00<\/span><\/span>\n\t\t\t\t\t\t\t\t\t\t\t<span class=\"stmp_trans_date\">Fecha publicaci\u00f3n: <span>17\/08\/2019 - 16:47:00<\/span><\/span>\n\t\t\t\t\t\t\t\t\t\t\t<span class=\"stmp_trans_date\">Fecha creaci\u00f3n: <span>17\/08\/2019 - 16:47:00<\/span><\/span><\/div>","protected":false},"excerpt":{"rendered":"<p>El \u00e1mbito territorial de la emergencia, en el momento de la declaraci\u00f3n de nivel 2, comprende los municipios de Valleseco, Tejeda y Moya. El incendio que se inici\u00f3 hoy s\u00e1bado, 17 de agosto, en el municipio de Valleseco pas\u00f3 a las 18:00 horas de esta&#8230;<\/p>\n<div class=\"pvc_clear\"><\/div>\n<p id=\"pvc_stats_1018\" class=\"pvc_stats all  \" data-element-id=\"1018\" style=\"\"><i class=\"pvc-stats-icon medium\" aria-hidden=\"true\"><svg aria-hidden=\"true\" focusable=\"false\" data-prefix=\"far\" data-icon=\"chart-bar\" role=\"img\" xmlns=\"http:\/\/www.w3.org\/2000\/svg\" viewBox=\"0 0 512 512\" class=\"svg-inline--fa fa-chart-bar fa-w-16 fa-2x\"><path fill=\"currentColor\" d=\"M396.8 352h22.4c6.4 0 12.8-6.4 12.8-12.8V108.8c0-6.4-6.4-12.8-12.8-12.8h-22.4c-6.4 0-12.8 6.4-12.8 12.8v230.4c0 6.4 6.4 12.8 12.8 12.8zm-192 0h22.4c6.4 0 12.8-6.4 12.8-12.8V140.8c0-6.4-6.4-12.8-12.8-12.8h-22.4c-6.4 0-12.8 6.4-12.8 12.8v198.4c0 6.4 6.4 12.8 12.8 12.8zm96 0h22.4c6.4 0 12.8-6.4 12.8-12.8V204.8c0-6.4-6.4-12.8-12.8-12.8h-22.4c-6.4 0-12.8 6.4-12.8 12.8v134.4c0 6.4 6.4 12.8 12.8 12.8zM496 400H48V80c0-8.84-7.16-16-16-16H16C7.16 64 0 71.16 0 80v336c0 17.67 14.33 32 32 32h464c8.84 0 16-7.16 16-16v-16c0-8.84-7.16-16-16-16zm-387.2-48h22.4c6.4 0 12.8-6.4 12.8-12.8v-70.4c0-6.4-6.4-12.8-12.8-12.8h-22.4c-6.4 0-12.8 6.4-12.8 12.8v70.4c0 6.4 6.4 12.8 12.8 12.8z\" class=\"\"><\/path><\/svg><\/i> <img loading=\"lazy\" decoding=\"async\" width=\"16\" height=\"16\" alt=\"Loading\" src=\"https:\/\/www.112canarias.com\/112\/wp-content\/plugins\/page-views-count\/ajax-loader-2x.gif\" border=0 \/><\/p>\n<div class=\"pvc_clear\"><\/div>\n","protected":false},"author":1,"featured_media":1432,"comment_status":"open","ping_status":"open","sticky":false,"template":"","format":"standard","meta":{"footnotes":""},"categories":[10],"tags":[],"class_list":["post-1018","post","type-post","status-publish","format-standard","has-post-thumbnail","hentry","category-ultimasnoticas"],"_links":{"self":[{"href":"https:\/\/www.112canarias.com\/112\/wp-json\/wp\/v2\/posts\/1018","targetHints":{"allow":["GET"]}}],"collection":[{"href":"https:\/\/www.112canarias.com\/112\/wp-json\/wp\/v2\/posts"}],"about":[{"href":"https:\/\/www.112canarias.com\/112\/wp-json\/wp\/v2\/types\/post"}],"author":[{"embeddable":true,"href":"https:\/\/www.112canarias.com\/112\/wp-json\/wp\/v2\/users\/1"}],"replies":[{"embeddable":true,"href":"https:\/\/www.112canarias.com\/112\/wp-json\/wp\/v2\/comments?post=1018"}],"version-history":[{"count":0,"href":"https:\/\/www.112canarias.com\/112\/wp-json\/wp\/v2\/posts\/1018\/revisions"}],"wp:featuredmedia":[{"embeddable":true,"href":"https:\/\/www.112canarias.com\/112\/wp-json\/wp\/v2\/media\/1432"}],"wp:attachment":[{"href":"https:\/\/www.112canarias.com\/112\/wp-json\/wp\/v2\/media?parent=1018"}],"wp:term":[{"taxonomy":"category","embeddable":true,"href":"https:\/\/www.112canarias.com\/112\/wp-json\/wp\/v2\/categories?post=1018"},{"taxonomy":"post_tag","embeddable":true,"href":"https:\/\/www.112canarias.com\/112\/wp-json\/wp\/v2\/tags?post=1018"}],"curies":[{"name":"wp","href":"https:\/\/api.w.org\/{rel}","templated":true}]}}