{"id":1021,"date":"2019-08-12T23:00:00","date_gmt":"2019-08-12T23:00:00","guid":{"rendered":"http:\/\/www.112canarias.com\/112\/2019\/08\/12\/el-incendio-de-gran-canaria-se-podria-dar-por-estabilizado-en-las-proximas-horas-si-se-mantienen-las-previsiones\/"},"modified":"2019-08-12T23:00:00","modified_gmt":"2019-08-12T23:00:00","slug":"el-incendio-de-gran-canaria-se-podria-dar-por-estabilizado-en-las-proximas-horas-si-se-mantienen-las-previsiones","status":"publish","type":"post","link":"https:\/\/www.112canarias.com\/112\/el-incendio-de-gran-canaria-se-podria-dar-por-estabilizado-en-las-proximas-horas-si-se-mantienen-las-previsiones\/","title":{"rendered":"El incendio de Gran Canaria se podr\u00eda dar por estabilizado en las pr\u00f3ximas horas si se mantienen las previsiones"},"content":{"rendered":"<p><\/p>\n<p style=\"text-align: justify;\"><strong style=\"font-size: 12.16px;\">Las personas evacuadas de los municipios de Tejeda, Artenara y G\u00e1ldar han podido regresar a sus viviendas<\/strong><\/p>\n<p style=\"text-align: justify;\"><span style=\"font-size: 12.16px;\">El presidente de Canarias \u00c1ngel V\u00edctor Torres anunci\u00f3 que el incendio forestal de Gran Canaria \u201cse podr\u00eda dar por estabilizado en las pr\u00f3ximas horas y, si durante la noche se cumplen las previsiones, podr\u00eda ser controlado en la ma\u00f1ana del mi\u00e9rcoles\u201d. No obstante, Torres recalc\u00f3 que \u201ceso no significa que est\u00e9 extinguido\u201d por lo que se mantendr\u00e1 todo el dispositivo terrestre y a\u00e9reo trabajando en la zona controlando y vigilando el \u00e1rea quemada y humedeciendo el terreno.<\/span><\/p>\n<p style=\"text-align: justify;\"><span style=\"font-size: 12.16px;\">Esta evoluci\u00f3n favorable ha permitido que las personas evacuadas de los municipios de Tejeda, Artenara y G\u00e1ldar hayan vuelto a sus casas, lo que facilitar\u00e1 tambi\u00e9n la valoraci\u00f3n de los da\u00f1os materiales producidos por el fuego en los pr\u00f3ximos d\u00edas. Ante esta situaci\u00f3n, el Gobierno de Canarias deja sin efecto el Plan de Contingencia activado ya que no se prev\u00e9n nuevas evacuaciones.<\/span><\/p>\n<p style=\"text-align: justify;\"><span style=\"font-size: 12.16px;\">El presidente de Canarias recalc\u00f3 que los ciudadanos \u201cno deben subir a la cumbre salvo que sea imprescindible\u201d ya que el incendio contin\u00faa activo. En este sentido, Torres record\u00f3 que no se ha autorizado el reinicio de las excursiones tur\u00edsticas a la zona y pidi\u00f3 a toda la poblaci\u00f3n que no acudan al \u00e1rea afectada para \u201chacer turismo o ver la zona quemada\u201d por los riesgo que ello conlleva.<\/span><\/p>\n<p style=\"text-align: justify;\"><span style=\"font-size: 12.16px;\">Torres record\u00f3 que en los pr\u00f3ximos d\u00edas se prev\u00e9 una ola de calor, por lo que pidi\u00f3 a la poblaci\u00f3n y administraciones que se extremen las precauciones ya que \u201cla batalla no ha terminado y se pueden producir rebrotes\u201d.<\/span><\/p>\n<p style=\"text-align: justify;\"><span style=\"font-size: 12.16px;\">Debido al riesgo existente en la zona se ha procedido a suspender las fiestas previstas en los pr\u00f3ximos d\u00edas en los municipios afectados.<\/span><\/p>\n<p style=\"text-align: justify;\"><span style=\"font-size: 12.16px;\">Finalmente, el presidente de Canarias reiter\u00f3 su agradecimiento a todos los servicios de seguridad y emergencia que han trabajado en la extinci\u00f3n del incendio, especialmente a \u201caquellos que han estado en primera l\u00ednea y a toda la sociedad civil que ha colaborado en la asistencia a esos efectivos y a las personas evacuadas\u201d, as\u00ed como a los ayuntamiento, cabildos y empresas que han ofrecido su ayuda durante todos estos d\u00edas.<\/span><\/p>\n<p style=\"text-align: justify;\">\u00a0<\/p>\n<div class=\"pvc_clear\"><\/div>\n<p id=\"pvc_stats_1021\" class=\"pvc_stats all  \" data-element-id=\"1021\" style=\"\"><i class=\"pvc-stats-icon medium\" aria-hidden=\"true\"><svg aria-hidden=\"true\" focusable=\"false\" data-prefix=\"far\" data-icon=\"chart-bar\" role=\"img\" xmlns=\"http:\/\/www.w3.org\/2000\/svg\" viewBox=\"0 0 512 512\" class=\"svg-inline--fa fa-chart-bar fa-w-16 fa-2x\"><path fill=\"currentColor\" d=\"M396.8 352h22.4c6.4 0 12.8-6.4 12.8-12.8V108.8c0-6.4-6.4-12.8-12.8-12.8h-22.4c-6.4 0-12.8 6.4-12.8 12.8v230.4c0 6.4 6.4 12.8 12.8 12.8zm-192 0h22.4c6.4 0 12.8-6.4 12.8-12.8V140.8c0-6.4-6.4-12.8-12.8-12.8h-22.4c-6.4 0-12.8 6.4-12.8 12.8v198.4c0 6.4 6.4 12.8 12.8 12.8zm96 0h22.4c6.4 0 12.8-6.4 12.8-12.8V204.8c0-6.4-6.4-12.8-12.8-12.8h-22.4c-6.4 0-12.8 6.4-12.8 12.8v134.4c0 6.4 6.4 12.8 12.8 12.8zM496 400H48V80c0-8.84-7.16-16-16-16H16C7.16 64 0 71.16 0 80v336c0 17.67 14.33 32 32 32h464c8.84 0 16-7.16 16-16v-16c0-8.84-7.16-16-16-16zm-387.2-48h22.4c6.4 0 12.8-6.4 12.8-12.8v-70.4c0-6.4-6.4-12.8-12.8-12.8h-22.4c-6.4 0-12.8 6.4-12.8 12.8v70.4c0 6.4 6.4 12.8 12.8 12.8z\" class=\"\"><\/path><\/svg><\/i> <\/p>\n<div class=\"pvc_clear\"><\/div>\n<div class=\"print\"><span class=\"page_title\">P\u00e1gina: <span>El incendio de Gran Canaria se podr\u00eda dar por estabilizado en las pr\u00f3ximas horas si se mantienen las previsiones<\/span><\/span>\n\t\t\t\t\t\t\t\t\t\t\t<span class=\"stmp_trans_date\">\u00daltima actualizaci\u00f3n: <span>12\/08\/2019 - 23:00:00<\/span><\/span>\n\t\t\t\t\t\t\t\t\t\t\t<span class=\"stmp_trans_date\">Fecha publicaci\u00f3n: <span>12\/08\/2019 - 23:00:00<\/span><\/span>\n\t\t\t\t\t\t\t\t\t\t\t<span class=\"stmp_trans_date\">Fecha creaci\u00f3n: <span>12\/08\/2019 - 23:00:00<\/span><\/span><\/div>","protected":false},"excerpt":{"rendered":"<p>Las personas evacuadas de los municipios de Tejeda, Artenara y G\u00e1ldar han podido regresar a sus viviendas El presidente de Canarias \u00c1ngel V\u00edctor Torres anunci\u00f3 que el incendio forestal de Gran Canaria \u201cse podr\u00eda dar por estabilizado en las pr\u00f3ximas horas y, si durante la&#8230;<\/p>\n<div class=\"pvc_clear\"><\/div>\n<p id=\"pvc_stats_1021\" class=\"pvc_stats all  \" data-element-id=\"1021\" style=\"\"><i class=\"pvc-stats-icon medium\" aria-hidden=\"true\"><svg aria-hidden=\"true\" focusable=\"false\" data-prefix=\"far\" data-icon=\"chart-bar\" role=\"img\" xmlns=\"http:\/\/www.w3.org\/2000\/svg\" viewBox=\"0 0 512 512\" class=\"svg-inline--fa fa-chart-bar fa-w-16 fa-2x\"><path fill=\"currentColor\" d=\"M396.8 352h22.4c6.4 0 12.8-6.4 12.8-12.8V108.8c0-6.4-6.4-12.8-12.8-12.8h-22.4c-6.4 0-12.8 6.4-12.8 12.8v230.4c0 6.4 6.4 12.8 12.8 12.8zm-192 0h22.4c6.4 0 12.8-6.4 12.8-12.8V140.8c0-6.4-6.4-12.8-12.8-12.8h-22.4c-6.4 0-12.8 6.4-12.8 12.8v198.4c0 6.4 6.4 12.8 12.8 12.8zm96 0h22.4c6.4 0 12.8-6.4 12.8-12.8V204.8c0-6.4-6.4-12.8-12.8-12.8h-22.4c-6.4 0-12.8 6.4-12.8 12.8v134.4c0 6.4 6.4 12.8 12.8 12.8zM496 400H48V80c0-8.84-7.16-16-16-16H16C7.16 64 0 71.16 0 80v336c0 17.67 14.33 32 32 32h464c8.84 0 16-7.16 16-16v-16c0-8.84-7.16-16-16-16zm-387.2-48h22.4c6.4 0 12.8-6.4 12.8-12.8v-70.4c0-6.4-6.4-12.8-12.8-12.8h-22.4c-6.4 0-12.8 6.4-12.8 12.8v70.4c0 6.4 6.4 12.8 12.8 12.8z\" class=\"\"><\/path><\/svg><\/i> <img loading=\"lazy\" decoding=\"async\" width=\"16\" height=\"16\" alt=\"Loading\" src=\"https:\/\/www.112canarias.com\/112\/wp-content\/plugins\/page-views-count\/ajax-loader-2x.gif\" border=0 \/><\/p>\n<div class=\"pvc_clear\"><\/div>\n","protected":false},"author":1,"featured_media":0,"comment_status":"open","ping_status":"open","sticky":false,"template":"","format":"standard","meta":{"footnotes":""},"categories":[10],"tags":[],"class_list":["post-1021","post","type-post","status-publish","format-standard","has-post-thumbnail","hentry","category-ultimasnoticas"],"_links":{"self":[{"href":"https:\/\/www.112canarias.com\/112\/wp-json\/wp\/v2\/posts\/1021","targetHints":{"allow":["GET"]}}],"collection":[{"href":"https:\/\/www.112canarias.com\/112\/wp-json\/wp\/v2\/posts"}],"about":[{"href":"https:\/\/www.112canarias.com\/112\/wp-json\/wp\/v2\/types\/post"}],"author":[{"embeddable":true,"href":"https:\/\/www.112canarias.com\/112\/wp-json\/wp\/v2\/users\/1"}],"replies":[{"embeddable":true,"href":"https:\/\/www.112canarias.com\/112\/wp-json\/wp\/v2\/comments?post=1021"}],"version-history":[{"count":0,"href":"https:\/\/www.112canarias.com\/112\/wp-json\/wp\/v2\/posts\/1021\/revisions"}],"wp:attachment":[{"href":"https:\/\/www.112canarias.com\/112\/wp-json\/wp\/v2\/media?parent=1021"}],"wp:term":[{"taxonomy":"category","embeddable":true,"href":"https:\/\/www.112canarias.com\/112\/wp-json\/wp\/v2\/categories?post=1021"},{"taxonomy":"post_tag","embeddable":true,"href":"https:\/\/www.112canarias.com\/112\/wp-json\/wp\/v2\/tags?post=1021"}],"curies":[{"name":"wp","href":"https:\/\/api.w.org\/{rel}","templated":true}]}}