{"id":1024,"date":"2019-08-11T10:56:35","date_gmt":"2019-08-11T10:56:35","guid":{"rendered":"http:\/\/www.112canarias.com\/112\/2019\/08\/11\/incendio-artenara-4\/"},"modified":"2019-08-11T10:56:35","modified_gmt":"2019-08-11T10:56:35","slug":"incendio-artenara-4","status":"publish","type":"post","link":"https:\/\/www.112canarias.com\/112\/incendio-artenara-4\/","title":{"rendered":"El incendio forestal de Gran Canaria sigue dentro del per\u00edmetro, pero puede complicarse por el viento"},"content":{"rendered":"<p><\/p>\n<p style=\"text-align: justify;\"><strong>Los medios a\u00e9reos han descargado en las zonas m\u00e1s afectadas m\u00e1s de 250.000 litros de agua<\/strong><\/p>\n<p style=\"text-align: justify;\">El incendio forestal de Gran Canaria sigue dentro del per\u00edmetro de los 23 kil\u00f3metros, pero podr\u00eda complicarse durante la noche, seg\u00fan ha informado el presidente de Canarias, \u00c1ngel V\u00edctor Torres, ya que las previsiones meteorol\u00f3gicas apuntan a un aumento de la velocidad del viento en las zonas afectadas.<\/p>\n<p style=\"text-align: justify;\">El punto m\u00e1s complicado contin\u00faa siendo el flanco Sur del incendio hacia el municipio de Tejeda por lo que ya se \u201chan activado -seg\u00fan \u00c1ngel V\u00edctor Torres- todos los medios necesarios y se ha preparado un plan de contingencia, coordinado con el Cabildo de Gran Canaria y los municipios de Tejeda, Artenara, G\u00e1ldar y La Aldea, en el que se tienen previstas posibles evacuaciones en la zona si la evoluci\u00f3n del incendio lo hiciera preciso\u201d. Para ello se encuentran prealertadas las polic\u00edas locales de la zona, as\u00ed como el equipo log\u00edstico y el dispositivo sanitario desplegado en las diferentes \u00e1reas por el Servicio de Urgencias Canario (SUC) y Cruz Roja y personal de Protecci\u00f3n Civil.<\/p>\n<p style=\"text-align: justify;\">Los medios a\u00e9reos y terrestres han vertido en el \u00e1rea del incendio entre 250.000 y 300.000 litros de agua y se ha trabajado en la apertura de zanjas para controlar un posible avance del fuego si esto se produjera.<\/p>\n<p style=\"text-align: justify;\">Durante la noche trabajar\u00e1n en primera l\u00ednea del incendio 230 efectivos, a los que hay que sumar el personal de Protecci\u00f3n Civil de diferentes municipios, equipo log\u00edstico, polic\u00edas locales, Guardia Civil, Cuerpo General de la Polic\u00eda Canaria, SUC y Cruz Roja.<\/p>\n<p style=\"text-align: justify;\">El presidente de Canarias destac\u00f3 \u201cla gran solidaridad de todas las administraciones, de las islas y de la sociedad civil\u201d que contribuyen de diferentes maneras en la tarea de control este incendio y reiter\u00f3 de nuevo el agradecimiento por \u201cel trabajo realizado, el que se est\u00e1 realizando y el que se va a seguir llevando a cabo\u201d.<\/p>\n<p style=\"text-align: justify;\">Por \u00faltimo, el presidente de Canarias recalc\u00f3 la importancia de que la poblaci\u00f3n siga de manera rigurosa las indicaciones de los servicios de seguridad y emergencia de las distintas administraciones, se mantengan informados a trav\u00e9s de las v\u00edas oficiales y no suban, bajo ning\u00fan concepto, hacia las zonas afectadas por el incendio.<\/p>\n<div class=\"pvc_clear\"><\/div>\n<p id=\"pvc_stats_1024\" class=\"pvc_stats all  \" data-element-id=\"1024\" style=\"\"><i class=\"pvc-stats-icon medium\" aria-hidden=\"true\"><svg aria-hidden=\"true\" focusable=\"false\" data-prefix=\"far\" data-icon=\"chart-bar\" role=\"img\" xmlns=\"http:\/\/www.w3.org\/2000\/svg\" viewBox=\"0 0 512 512\" class=\"svg-inline--fa fa-chart-bar fa-w-16 fa-2x\"><path fill=\"currentColor\" d=\"M396.8 352h22.4c6.4 0 12.8-6.4 12.8-12.8V108.8c0-6.4-6.4-12.8-12.8-12.8h-22.4c-6.4 0-12.8 6.4-12.8 12.8v230.4c0 6.4 6.4 12.8 12.8 12.8zm-192 0h22.4c6.4 0 12.8-6.4 12.8-12.8V140.8c0-6.4-6.4-12.8-12.8-12.8h-22.4c-6.4 0-12.8 6.4-12.8 12.8v198.4c0 6.4 6.4 12.8 12.8 12.8zm96 0h22.4c6.4 0 12.8-6.4 12.8-12.8V204.8c0-6.4-6.4-12.8-12.8-12.8h-22.4c-6.4 0-12.8 6.4-12.8 12.8v134.4c0 6.4 6.4 12.8 12.8 12.8zM496 400H48V80c0-8.84-7.16-16-16-16H16C7.16 64 0 71.16 0 80v336c0 17.67 14.33 32 32 32h464c8.84 0 16-7.16 16-16v-16c0-8.84-7.16-16-16-16zm-387.2-48h22.4c6.4 0 12.8-6.4 12.8-12.8v-70.4c0-6.4-6.4-12.8-12.8-12.8h-22.4c-6.4 0-12.8 6.4-12.8 12.8v70.4c0 6.4 6.4 12.8 12.8 12.8z\" class=\"\"><\/path><\/svg><\/i> <\/p>\n<div class=\"pvc_clear\"><\/div>\n<div class=\"print\"><span class=\"page_title\">P\u00e1gina: <span>El incendio forestal de Gran Canaria sigue dentro del per\u00edmetro, pero puede complicarse por el viento<\/span><\/span>\n\t\t\t\t\t\t\t\t\t\t\t<span class=\"stmp_trans_date\">\u00daltima actualizaci\u00f3n: <span>11\/08\/2019 - 10:56:35<\/span><\/span>\n\t\t\t\t\t\t\t\t\t\t\t<span class=\"stmp_trans_date\">Fecha publicaci\u00f3n: <span>11\/08\/2019 - 10:56:35<\/span><\/span>\n\t\t\t\t\t\t\t\t\t\t\t<span class=\"stmp_trans_date\">Fecha creaci\u00f3n: <span>11\/08\/2019 - 10:56:35<\/span><\/span><\/div>","protected":false},"excerpt":{"rendered":"<p>Los medios a\u00e9reos han descargado en las zonas m\u00e1s afectadas m\u00e1s de 250.000 litros de agua El incendio forestal de Gran Canaria sigue dentro del per\u00edmetro de los 23 kil\u00f3metros, pero podr\u00eda complicarse durante la noche, seg\u00fan ha informado el presidente de Canarias, \u00c1ngel V\u00edctor&#8230;<\/p>\n<div class=\"pvc_clear\"><\/div>\n<p id=\"pvc_stats_1024\" class=\"pvc_stats all  \" data-element-id=\"1024\" style=\"\"><i class=\"pvc-stats-icon medium\" aria-hidden=\"true\"><svg aria-hidden=\"true\" focusable=\"false\" data-prefix=\"far\" data-icon=\"chart-bar\" role=\"img\" xmlns=\"http:\/\/www.w3.org\/2000\/svg\" viewBox=\"0 0 512 512\" class=\"svg-inline--fa fa-chart-bar fa-w-16 fa-2x\"><path fill=\"currentColor\" d=\"M396.8 352h22.4c6.4 0 12.8-6.4 12.8-12.8V108.8c0-6.4-6.4-12.8-12.8-12.8h-22.4c-6.4 0-12.8 6.4-12.8 12.8v230.4c0 6.4 6.4 12.8 12.8 12.8zm-192 0h22.4c6.4 0 12.8-6.4 12.8-12.8V140.8c0-6.4-6.4-12.8-12.8-12.8h-22.4c-6.4 0-12.8 6.4-12.8 12.8v198.4c0 6.4 6.4 12.8 12.8 12.8zm96 0h22.4c6.4 0 12.8-6.4 12.8-12.8V204.8c0-6.4-6.4-12.8-12.8-12.8h-22.4c-6.4 0-12.8 6.4-12.8 12.8v134.4c0 6.4 6.4 12.8 12.8 12.8zM496 400H48V80c0-8.84-7.16-16-16-16H16C7.16 64 0 71.16 0 80v336c0 17.67 14.33 32 32 32h464c8.84 0 16-7.16 16-16v-16c0-8.84-7.16-16-16-16zm-387.2-48h22.4c6.4 0 12.8-6.4 12.8-12.8v-70.4c0-6.4-6.4-12.8-12.8-12.8h-22.4c-6.4 0-12.8 6.4-12.8 12.8v70.4c0 6.4 6.4 12.8 12.8 12.8z\" class=\"\"><\/path><\/svg><\/i> <img loading=\"lazy\" decoding=\"async\" width=\"16\" height=\"16\" alt=\"Loading\" src=\"https:\/\/www.112canarias.com\/112\/wp-content\/plugins\/page-views-count\/ajax-loader-2x.gif\" border=0 \/><\/p>\n<div class=\"pvc_clear\"><\/div>\n","protected":false},"author":1,"featured_media":1426,"comment_status":"open","ping_status":"open","sticky":false,"template":"","format":"standard","meta":{"footnotes":""},"categories":[10],"tags":[],"class_list":["post-1024","post","type-post","status-publish","format-standard","has-post-thumbnail","hentry","category-ultimasnoticas"],"_links":{"self":[{"href":"https:\/\/www.112canarias.com\/112\/wp-json\/wp\/v2\/posts\/1024","targetHints":{"allow":["GET"]}}],"collection":[{"href":"https:\/\/www.112canarias.com\/112\/wp-json\/wp\/v2\/posts"}],"about":[{"href":"https:\/\/www.112canarias.com\/112\/wp-json\/wp\/v2\/types\/post"}],"author":[{"embeddable":true,"href":"https:\/\/www.112canarias.com\/112\/wp-json\/wp\/v2\/users\/1"}],"replies":[{"embeddable":true,"href":"https:\/\/www.112canarias.com\/112\/wp-json\/wp\/v2\/comments?post=1024"}],"version-history":[{"count":0,"href":"https:\/\/www.112canarias.com\/112\/wp-json\/wp\/v2\/posts\/1024\/revisions"}],"wp:featuredmedia":[{"embeddable":true,"href":"https:\/\/www.112canarias.com\/112\/wp-json\/wp\/v2\/media\/1426"}],"wp:attachment":[{"href":"https:\/\/www.112canarias.com\/112\/wp-json\/wp\/v2\/media?parent=1024"}],"wp:term":[{"taxonomy":"category","embeddable":true,"href":"https:\/\/www.112canarias.com\/112\/wp-json\/wp\/v2\/categories?post=1024"},{"taxonomy":"post_tag","embeddable":true,"href":"https:\/\/www.112canarias.com\/112\/wp-json\/wp\/v2\/tags?post=1024"}],"curies":[{"name":"wp","href":"https:\/\/api.w.org\/{rel}","templated":true}]}}