{"id":1026,"date":"2019-08-11T08:33:39","date_gmt":"2019-08-11T08:33:39","guid":{"rendered":"http:\/\/www.112canarias.com\/112\/2019\/08\/11\/incendio-artenara-2\/"},"modified":"2019-08-11T08:33:39","modified_gmt":"2019-08-11T08:33:39","slug":"incendio-artenara-2","status":"publish","type":"post","link":"https:\/\/www.112canarias.com\/112\/incendio-artenara-2\/","title":{"rendered":"El incendio de Gran Canaria afecta ya a una superficie aproximada de 1.000 hect\u00e1reas"},"content":{"rendered":"<p><\/p>\n<p style=\"text-align: justify;\"><strong>Contin\u00faan desalojadas un millar de personas procedentes de diferentes barrios de los municipios de Artenara, Tejeda y G\u00e1ldar<\/strong><\/p>\n<p style=\"text-align: justify;\">El incendio forestal que se inici\u00f3 ayer s\u00e1bado en el municipio de Artenara afecta ya a una superficie aproximada de 1.000 hect\u00e1reas, seg\u00fan inform\u00f3 el presidente de Canarias, \u00c1ngel V\u00edctor Torres, tras la reuni\u00f3n de coordinaci\u00f3n mantenida esta ma\u00f1ana en el CECOES 1-1-2.<\/p>\n<p style=\"text-align: justify;\">Asimismo, el presidente de Canarias confirm\u00f3 que contin\u00faan desalojadas un millar de personas procedentes de diferentes barrios de los municipios de Artenara, Tejeda y G\u00e1ldar que, por ahora, no podr\u00e1n volver a sus casas \u201cdebido a que el riesgo contin\u00faa siendo alto\u201d. \u201cEntiendo que el deseo de los ciudadanos es volver cuanto antes a sus domicilios -se\u00f1al\u00f3 Torres- pero por encima de ese deseo est\u00e1 su seguridad\u201d.<\/p>\n<p style=\"text-align: justify;\">En este sentido, el presidente de Canarias recalc\u00f3 la necesidad de \u201cextremar las precauciones y dejar trabajar a los operativos para poder controlar cuanto antes este incendio que est\u00e1 haciendo un da\u00f1o indudable al coraz\u00f3n de Gran Canaria y a esta sociedad\u201d.<\/p>\n<p style=\"text-align: justify;\">Respecto a los recursos intervinientes, \u00c1ngel V\u00edctor Torres inform\u00f3 que durante el d\u00eda de hoy trabajar\u00e1n en la extinci\u00f3n del incendio diez recursos a\u00e9reos procedentes del Gobierno de Canarias, Cabildos de Gran Canaria y Tenerife y Administraci\u00f3n del Estado y que se ha solicitado al Gobierno de Espa\u00f1a la incorporaci\u00f3n de un hidroavi\u00f3n a las labores de extinci\u00f3n.<\/p>\n<p style=\"text-align: justify;\">A estos recursos a\u00e9reos se a\u00f1aden m\u00e1s de 200 efectivos procedentes del Cabildo de Gran Canaria, Grupo de Emergencias y Salvamento (GES), la Brigada de Refuerzo de Incendios Forestales (BRIF) de La Palma, los Equipos de Intervenci\u00f3n y Refuerzo contra Incendios Forestales (EIRIF) de La Gomera y el Hierro, Consorcio de Emergencias de Gran Canaria, Unidad Militar de Emergencias (UME), Servicio de Urgencias Canario (SUC), Cruz Roja, Protecci\u00f3n Civil y Polic\u00edas Locales de varios municipios y Guardia Civil.<\/p>\n<p style=\"text-align: justify;\">Las zonas evacuadas han sido los barrios de Los Majuelos, Crucitas, Erilla, Pe\u00f1a Rajada, Rinc\u00f3n de Tejeda, Los Manantiales, Juan Fern\u00e1ndez, La Culata y Retamal en el municipio de Tejeda; el casco de Artenara, Los Hoyos, Las Pe\u00f1as, Coru\u00f1a, Chahunco y Lugarejo en Artenara y Juncalillo, El Tablado, El Retamar, Molino de Viento, Barranco Hondo y La Gloria en el municipio de G\u00e1ldar.<\/p>\n<div class=\"pvc_clear\"><\/div>\n<p id=\"pvc_stats_1026\" class=\"pvc_stats all  \" data-element-id=\"1026\" style=\"\"><i class=\"pvc-stats-icon medium\" aria-hidden=\"true\"><svg aria-hidden=\"true\" focusable=\"false\" data-prefix=\"far\" data-icon=\"chart-bar\" role=\"img\" xmlns=\"http:\/\/www.w3.org\/2000\/svg\" viewBox=\"0 0 512 512\" class=\"svg-inline--fa fa-chart-bar fa-w-16 fa-2x\"><path fill=\"currentColor\" d=\"M396.8 352h22.4c6.4 0 12.8-6.4 12.8-12.8V108.8c0-6.4-6.4-12.8-12.8-12.8h-22.4c-6.4 0-12.8 6.4-12.8 12.8v230.4c0 6.4 6.4 12.8 12.8 12.8zm-192 0h22.4c6.4 0 12.8-6.4 12.8-12.8V140.8c0-6.4-6.4-12.8-12.8-12.8h-22.4c-6.4 0-12.8 6.4-12.8 12.8v198.4c0 6.4 6.4 12.8 12.8 12.8zm96 0h22.4c6.4 0 12.8-6.4 12.8-12.8V204.8c0-6.4-6.4-12.8-12.8-12.8h-22.4c-6.4 0-12.8 6.4-12.8 12.8v134.4c0 6.4 6.4 12.8 12.8 12.8zM496 400H48V80c0-8.84-7.16-16-16-16H16C7.16 64 0 71.16 0 80v336c0 17.67 14.33 32 32 32h464c8.84 0 16-7.16 16-16v-16c0-8.84-7.16-16-16-16zm-387.2-48h22.4c6.4 0 12.8-6.4 12.8-12.8v-70.4c0-6.4-6.4-12.8-12.8-12.8h-22.4c-6.4 0-12.8 6.4-12.8 12.8v70.4c0 6.4 6.4 12.8 12.8 12.8z\" class=\"\"><\/path><\/svg><\/i> <\/p>\n<div class=\"pvc_clear\"><\/div>\n<div class=\"print\"><span class=\"page_title\">P\u00e1gina: <span>El incendio de Gran Canaria afecta ya a una superficie aproximada de 1.000 hect\u00e1reas<\/span><\/span>\n\t\t\t\t\t\t\t\t\t\t\t<span class=\"stmp_trans_date\">\u00daltima actualizaci\u00f3n: <span>11\/08\/2019 - 08:33:39<\/span><\/span>\n\t\t\t\t\t\t\t\t\t\t\t<span class=\"stmp_trans_date\">Fecha publicaci\u00f3n: <span>11\/08\/2019 - 08:33:39<\/span><\/span>\n\t\t\t\t\t\t\t\t\t\t\t<span class=\"stmp_trans_date\">Fecha creaci\u00f3n: <span>11\/08\/2019 - 08:33:39<\/span><\/span><\/div>","protected":false},"excerpt":{"rendered":"<p>Contin\u00faan desalojadas un millar de personas procedentes de diferentes barrios de los municipios de Artenara, Tejeda y G\u00e1ldar El incendio forestal que se inici\u00f3 ayer s\u00e1bado en el municipio de Artenara afecta ya a una superficie aproximada de 1.000 hect\u00e1reas, seg\u00fan inform\u00f3 el presidente de&#8230;<\/p>\n<div class=\"pvc_clear\"><\/div>\n<p id=\"pvc_stats_1026\" class=\"pvc_stats all  \" data-element-id=\"1026\" style=\"\"><i class=\"pvc-stats-icon medium\" aria-hidden=\"true\"><svg aria-hidden=\"true\" focusable=\"false\" data-prefix=\"far\" data-icon=\"chart-bar\" role=\"img\" xmlns=\"http:\/\/www.w3.org\/2000\/svg\" viewBox=\"0 0 512 512\" class=\"svg-inline--fa fa-chart-bar fa-w-16 fa-2x\"><path fill=\"currentColor\" d=\"M396.8 352h22.4c6.4 0 12.8-6.4 12.8-12.8V108.8c0-6.4-6.4-12.8-12.8-12.8h-22.4c-6.4 0-12.8 6.4-12.8 12.8v230.4c0 6.4 6.4 12.8 12.8 12.8zm-192 0h22.4c6.4 0 12.8-6.4 12.8-12.8V140.8c0-6.4-6.4-12.8-12.8-12.8h-22.4c-6.4 0-12.8 6.4-12.8 12.8v198.4c0 6.4 6.4 12.8 12.8 12.8zm96 0h22.4c6.4 0 12.8-6.4 12.8-12.8V204.8c0-6.4-6.4-12.8-12.8-12.8h-22.4c-6.4 0-12.8 6.4-12.8 12.8v134.4c0 6.4 6.4 12.8 12.8 12.8zM496 400H48V80c0-8.84-7.16-16-16-16H16C7.16 64 0 71.16 0 80v336c0 17.67 14.33 32 32 32h464c8.84 0 16-7.16 16-16v-16c0-8.84-7.16-16-16-16zm-387.2-48h22.4c6.4 0 12.8-6.4 12.8-12.8v-70.4c0-6.4-6.4-12.8-12.8-12.8h-22.4c-6.4 0-12.8 6.4-12.8 12.8v70.4c0 6.4 6.4 12.8 12.8 12.8z\" class=\"\"><\/path><\/svg><\/i> <img loading=\"lazy\" decoding=\"async\" width=\"16\" height=\"16\" alt=\"Loading\" src=\"https:\/\/www.112canarias.com\/112\/wp-content\/plugins\/page-views-count\/ajax-loader-2x.gif\" border=0 \/><\/p>\n<div class=\"pvc_clear\"><\/div>\n","protected":false},"author":1,"featured_media":1424,"comment_status":"open","ping_status":"open","sticky":false,"template":"","format":"standard","meta":{"footnotes":""},"categories":[10],"tags":[],"class_list":["post-1026","post","type-post","status-publish","format-standard","has-post-thumbnail","hentry","category-ultimasnoticas"],"_links":{"self":[{"href":"https:\/\/www.112canarias.com\/112\/wp-json\/wp\/v2\/posts\/1026","targetHints":{"allow":["GET"]}}],"collection":[{"href":"https:\/\/www.112canarias.com\/112\/wp-json\/wp\/v2\/posts"}],"about":[{"href":"https:\/\/www.112canarias.com\/112\/wp-json\/wp\/v2\/types\/post"}],"author":[{"embeddable":true,"href":"https:\/\/www.112canarias.com\/112\/wp-json\/wp\/v2\/users\/1"}],"replies":[{"embeddable":true,"href":"https:\/\/www.112canarias.com\/112\/wp-json\/wp\/v2\/comments?post=1026"}],"version-history":[{"count":0,"href":"https:\/\/www.112canarias.com\/112\/wp-json\/wp\/v2\/posts\/1026\/revisions"}],"wp:featuredmedia":[{"embeddable":true,"href":"https:\/\/www.112canarias.com\/112\/wp-json\/wp\/v2\/media\/1424"}],"wp:attachment":[{"href":"https:\/\/www.112canarias.com\/112\/wp-json\/wp\/v2\/media?parent=1026"}],"wp:term":[{"taxonomy":"category","embeddable":true,"href":"https:\/\/www.112canarias.com\/112\/wp-json\/wp\/v2\/categories?post=1026"},{"taxonomy":"post_tag","embeddable":true,"href":"https:\/\/www.112canarias.com\/112\/wp-json\/wp\/v2\/tags?post=1026"}],"curies":[{"name":"wp","href":"https:\/\/api.w.org\/{rel}","templated":true}]}}