{"id":10770,"date":"2025-12-11T20:14:49","date_gmt":"2025-12-11T20:14:49","guid":{"rendered":"https:\/\/www.112canarias.com\/112\/?p=10770"},"modified":"2025-12-11T20:14:49","modified_gmt":"2025-12-11T20:14:49","slug":"el-gobierno-actualiza-la-situacion-y-declara-la-alerta-por-fenomenos-costeros-en-canarias","status":"publish","type":"post","link":"https:\/\/www.112canarias.com\/112\/el-gobierno-actualiza-la-situacion-y-declara-la-alerta-por-fenomenos-costeros-en-canarias\/","title":{"rendered":"El Gobierno actualiza la situaci\u00f3n y declara la alerta por fen\u00f3menos costeros en Canarias"},"content":{"rendered":"<p>El Gobierno de Canarias, a trav\u00e9s de la Direcci\u00f3n General de Emergencias, actualiza la situaci\u00f3n pasando a alerta por fen\u00f3menos costeros en Canarias, a partir de las 09:00 horas de ma\u00f1ana, viernes 12 de diciembre. Esta decisi\u00f3n se toma teniendo en cuenta la informaci\u00f3n facilitada por la Agencia Estatal de Meteorolog\u00eda y otras fuentes disponibles, y en aplicaci\u00f3n del Plan Espec\u00edfico de Emergencias de Canarias por Riesgos de Fen\u00f3menos Meteorol\u00f3gicos Adversos (PEFMA).<\/p>\n<p><!--more--><\/p>\n<p><strong>\u00c1mbito territorial:\u00a0<\/strong>comunidad aut\u00f3noma de Canarias.<\/p>\n<p><strong>Observaciones:<\/strong> el estado del mar empeorar\u00e1 <strong>este viernes<\/strong>, tanto por viento como por mar de fondo. En general el empeoramiento se har\u00e1 notar con m\u00e1s intensidad a partir de las 12:00 horas, aproximadamente. Se prev\u00e9 viento fuerza 6 \u2013 7, con \u00e1reas de fuerza 8 (viento medio, no rachas) en La Gomera y parte de Tenerife, que afectar\u00e1 al canal mar\u00edtimo entre las dos islas. Antes de la medianoche del viernes, la altura significante de las olas en las costas expuesta al norte y oeste de las islas ser\u00e1 de 4 \u2013 4,5 metros. \u00a0El horario de la pleamar de la segunda mitad del d\u00eda 19:35 \u2013 20:15 horas.<strong> Para el s\u00e1bado 13<\/strong> se prev\u00e9 un empeoramiento del estado del mar, con fuerte marejada a mar gruesa, con \u00e1reas de muy gruesa y mar de fondo del norte y noroeste de 3 \u2013 5 metros. En el mar, se prev\u00e9 viento de fuerza 6 a 8 (39 \u2013 74 kil\u00f3metros por hora). La altura significante del oleaje de mar combinada, en las costas abiertas al norte de Gran Canaria (Noroeste-norte y nordeste) y en las del norte y oeste del resto del archipi\u00e9lago, ser\u00e1 de 4 a 6,3 metros de altura, con un coeficiente de marea que ser\u00e1 peque\u00f1o de 48 y 49, pero con un per\u00edodo pico de olas de 16 \u2013 20 segundos. Esta predicci\u00f3n de oleaje supone que el 67% de las olas tendr\u00e1n una altura media de 1,6 \u2013 4 metros; un 10% de las olas tendr\u00e1n una altura media de 5 \u2013 8 metros; un 1% de las olas podr\u00edan alcanzar los 7 -11 metros y te\u00f3ricamente la altura m\u00e1xima de ola ser\u00e1 de 13 metros, por lo que <strong>si se confirman las previsiones se actualizar\u00e1 a Alerta M\u00e1xima el s\u00e1bado<\/strong>. Los horarios de las pleamares del s\u00e1bado: 07:55 \u2013 08:40 horas y 20:40 \u2013 21:20<\/p>\n<p>Se insta a la poblaci\u00f3n a seguir los siguientes\u00a0<a href=\"https:\/\/www.gobiernodecanarias.org\/emergencias\/alertas\/consejos\/costeros\/costeros.html\">consejos de autoprotecci\u00f3n\u00a0<\/a>de la Direcci\u00f3n General de Emergencias.<\/p>\n<p><a href=\"https:\/\/www3.gobiernodecanarias.org\/noticias\/wp-content\/uploads\/2025\/12\/25-12-12-Actualizacion_3-68-2025-PEFMA-Alerta-Costeros.pdf\">25-12-12 Actualizacion_3 68 2025 PEFMA Alerta Costeros<\/a><\/p>\n<p><a href=\"https:\/\/www3.gobiernodecanarias.org\/noticias\/wp-content\/uploads\/2025\/04\/RECOMENDACIONES-POBLACION-FENOMENOS-COSTEROS_.pdf\">RECOMENDACIONES POBLACI\u00d3N FEN\u00d3MENOS COSTEROS<\/a><\/p>\n<div class=\"pvc_clear\"><\/div>\n<p id=\"pvc_stats_10770\" class=\"pvc_stats all  \" data-element-id=\"10770\" style=\"\"><i class=\"pvc-stats-icon medium\" aria-hidden=\"true\"><svg aria-hidden=\"true\" focusable=\"false\" data-prefix=\"far\" data-icon=\"chart-bar\" role=\"img\" xmlns=\"http:\/\/www.w3.org\/2000\/svg\" viewBox=\"0 0 512 512\" class=\"svg-inline--fa fa-chart-bar fa-w-16 fa-2x\"><path fill=\"currentColor\" d=\"M396.8 352h22.4c6.4 0 12.8-6.4 12.8-12.8V108.8c0-6.4-6.4-12.8-12.8-12.8h-22.4c-6.4 0-12.8 6.4-12.8 12.8v230.4c0 6.4 6.4 12.8 12.8 12.8zm-192 0h22.4c6.4 0 12.8-6.4 12.8-12.8V140.8c0-6.4-6.4-12.8-12.8-12.8h-22.4c-6.4 0-12.8 6.4-12.8 12.8v198.4c0 6.4 6.4 12.8 12.8 12.8zm96 0h22.4c6.4 0 12.8-6.4 12.8-12.8V204.8c0-6.4-6.4-12.8-12.8-12.8h-22.4c-6.4 0-12.8 6.4-12.8 12.8v134.4c0 6.4 6.4 12.8 12.8 12.8zM496 400H48V80c0-8.84-7.16-16-16-16H16C7.16 64 0 71.16 0 80v336c0 17.67 14.33 32 32 32h464c8.84 0 16-7.16 16-16v-16c0-8.84-7.16-16-16-16zm-387.2-48h22.4c6.4 0 12.8-6.4 12.8-12.8v-70.4c0-6.4-6.4-12.8-12.8-12.8h-22.4c-6.4 0-12.8 6.4-12.8 12.8v70.4c0 6.4 6.4 12.8 12.8 12.8z\" class=\"\"><\/path><\/svg><\/i> <\/p>\n<div class=\"pvc_clear\"><\/div>\n<div class=\"print\"><span class=\"page_title\">P\u00e1gina: <span>El Gobierno actualiza la situaci\u00f3n y declara la alerta por fen\u00f3menos costeros en Canarias<\/span><\/span>\n\t\t\t\t\t\t\t\t\t\t\t<span class=\"stmp_trans_date\">\u00daltima actualizaci\u00f3n: <span>11\/12\/2025 - 20:14:49<\/span><\/span>\n\t\t\t\t\t\t\t\t\t\t\t<span class=\"stmp_trans_date\">Fecha publicaci\u00f3n: <span>11\/12\/2025 - 20:14:49<\/span><\/span>\n\t\t\t\t\t\t\t\t\t\t\t<span class=\"stmp_trans_date\">Fecha creaci\u00f3n: <span>11\/12\/2025 - 20:14:49<\/span><\/span><\/div>","protected":false},"excerpt":{"rendered":"<p>El Gobierno de Canarias, a trav\u00e9s de la Direcci\u00f3n General de Emergencias, actualiza la situaci\u00f3n pasando a alerta por fen\u00f3menos costeros en Canarias, a partir de las 09:00 horas de ma\u00f1ana, viernes 12 de diciembre. Esta decisi\u00f3n se toma teniendo en cuenta la informaci\u00f3n facilitada&#8230;<\/p>\n<div class=\"pvc_clear\"><\/div>\n<p id=\"pvc_stats_10770\" class=\"pvc_stats all  \" data-element-id=\"10770\" style=\"\"><i class=\"pvc-stats-icon medium\" aria-hidden=\"true\"><svg aria-hidden=\"true\" focusable=\"false\" data-prefix=\"far\" data-icon=\"chart-bar\" role=\"img\" xmlns=\"http:\/\/www.w3.org\/2000\/svg\" viewBox=\"0 0 512 512\" class=\"svg-inline--fa fa-chart-bar fa-w-16 fa-2x\"><path fill=\"currentColor\" d=\"M396.8 352h22.4c6.4 0 12.8-6.4 12.8-12.8V108.8c0-6.4-6.4-12.8-12.8-12.8h-22.4c-6.4 0-12.8 6.4-12.8 12.8v230.4c0 6.4 6.4 12.8 12.8 12.8zm-192 0h22.4c6.4 0 12.8-6.4 12.8-12.8V140.8c0-6.4-6.4-12.8-12.8-12.8h-22.4c-6.4 0-12.8 6.4-12.8 12.8v198.4c0 6.4 6.4 12.8 12.8 12.8zm96 0h22.4c6.4 0 12.8-6.4 12.8-12.8V204.8c0-6.4-6.4-12.8-12.8-12.8h-22.4c-6.4 0-12.8 6.4-12.8 12.8v134.4c0 6.4 6.4 12.8 12.8 12.8zM496 400H48V80c0-8.84-7.16-16-16-16H16C7.16 64 0 71.16 0 80v336c0 17.67 14.33 32 32 32h464c8.84 0 16-7.16 16-16v-16c0-8.84-7.16-16-16-16zm-387.2-48h22.4c6.4 0 12.8-6.4 12.8-12.8v-70.4c0-6.4-6.4-12.8-12.8-12.8h-22.4c-6.4 0-12.8 6.4-12.8 12.8v70.4c0 6.4 6.4 12.8 12.8 12.8z\" class=\"\"><\/path><\/svg><\/i> <img loading=\"lazy\" decoding=\"async\" width=\"16\" height=\"16\" alt=\"Loading\" src=\"https:\/\/www.112canarias.com\/112\/wp-content\/plugins\/page-views-count\/ajax-loader-2x.gif\" border=0 \/><\/p>\n<div class=\"pvc_clear\"><\/div>\n","protected":false},"author":12,"featured_media":8934,"comment_status":"closed","ping_status":"open","sticky":false,"template":"","format":"standard","meta":{"footnotes":""},"categories":[9,10],"tags":[],"class_list":["post-10770","post","type-post","status-publish","format-standard","has-post-thumbnail","hentry","category-noticias","category-ultimasnoticas"],"_links":{"self":[{"href":"https:\/\/www.112canarias.com\/112\/wp-json\/wp\/v2\/posts\/10770","targetHints":{"allow":["GET"]}}],"collection":[{"href":"https:\/\/www.112canarias.com\/112\/wp-json\/wp\/v2\/posts"}],"about":[{"href":"https:\/\/www.112canarias.com\/112\/wp-json\/wp\/v2\/types\/post"}],"author":[{"embeddable":true,"href":"https:\/\/www.112canarias.com\/112\/wp-json\/wp\/v2\/users\/12"}],"replies":[{"embeddable":true,"href":"https:\/\/www.112canarias.com\/112\/wp-json\/wp\/v2\/comments?post=10770"}],"version-history":[{"count":1,"href":"https:\/\/www.112canarias.com\/112\/wp-json\/wp\/v2\/posts\/10770\/revisions"}],"predecessor-version":[{"id":10771,"href":"https:\/\/www.112canarias.com\/112\/wp-json\/wp\/v2\/posts\/10770\/revisions\/10771"}],"wp:featuredmedia":[{"embeddable":true,"href":"https:\/\/www.112canarias.com\/112\/wp-json\/wp\/v2\/media\/8934"}],"wp:attachment":[{"href":"https:\/\/www.112canarias.com\/112\/wp-json\/wp\/v2\/media?parent=10770"}],"wp:term":[{"taxonomy":"category","embeddable":true,"href":"https:\/\/www.112canarias.com\/112\/wp-json\/wp\/v2\/categories?post=10770"},{"taxonomy":"post_tag","embeddable":true,"href":"https:\/\/www.112canarias.com\/112\/wp-json\/wp\/v2\/tags?post=10770"}],"curies":[{"name":"wp","href":"https:\/\/api.w.org\/{rel}","templated":true}]}}