{"id":1151,"date":"2021-11-11T18:30:54","date_gmt":"2021-11-11T18:30:54","guid":{"rendered":"http:\/\/www.112canarias.com\/112\/2021\/11\/11\/la-armada-se-incorpora-al-pevolca-e-inicia-el-traslado-de-agricultores-a-zonas-que-estan-aisladas-por-la-lava\/"},"modified":"2021-11-11T18:30:54","modified_gmt":"2021-11-11T18:30:54","slug":"la-armada-se-incorpora-al-pevolca-e-inicia-el-traslado-de-agricultores-a-zonas-que-estan-aisladas-por-la-lava","status":"publish","type":"post","link":"https:\/\/www.112canarias.com\/112\/la-armada-se-incorpora-al-pevolca-e-inicia-el-traslado-de-agricultores-a-zonas-que-estan-aisladas-por-la-lava\/","title":{"rendered":"La Armada se incorpora al PEVOLCA e inicia el traslado de agricultores a zonas que est\u00e1n aisladas por la lava"},"content":{"rendered":"<p><\/p>\n<p style=\"text-align: justify;\"><strong>Se mantiene la mejora de la calidad del aire, con picos puntuales en Los Llanos de Aridane<\/strong><\/p>\n<p style=\"text-align: justify;\"><strong>Aumenta la sismicidad profunda, que registra el mayor n\u00famero de eventos localizados a m\u00e1s de 20 kil\u00f3metros desde el comienzo de la erupci\u00f3n<\/strong><\/p>\n<p style=\"text-align: justify;\"><strong>Cerca de 65 kil\u00f3metros de infraestructuras viarias est\u00e1n afectadas, de los cuales 9,5 km son v\u00edas insulares y m\u00e1s de 55 km municipales<\/strong><\/p>\n<p style=\"text-align: justify;\">La Armada Espa\u00f1ola ha comenzado hoy a trasladar por v\u00eda mar\u00edtima a los agricultores, desde Tazacorte a la Playa de Puerto Naos, para facilitar el acceso de los regantes a las zonas de cultivos que han quedado aisladas por tierra por las coladas de lava. Esta actuaci\u00f3n se lleva a cabo por lanchas r\u00e1pidas del Buque Castilla, bajo la coordinaci\u00f3n del Grupo Naval de Playa.<\/p>\n<p style=\"text-align: justify;\">Por este motivo, el Almirante Comandante Naval de Canarias, Jos\u00e9 Lago Ochoa, y el Comandante del Buque Castilla, Eduardo Guitian, se han incorporado al Comit\u00e9 Director del Plan Especial de Protecci\u00f3n Civil y Atenci\u00f3n de Emergencias por Riesgo Volc\u00e1nico de Canarias (PEVOLCA) del Gobierno de Canarias, que estuvo dirigido hoy por el director general de Seguridad y Emergencias, Gustavo Armas, debido a la asistencia del director del Plan y consejero de Administraciones P\u00fablicas, Justicia y Seguridad, Julio P\u00e9rez, al Consejo de Gobierno de Canarias.<\/p>\n<p style=\"text-align: justify;\">En esta reuni\u00f3n tambi\u00e9n se dio cuenta de las actuaciones relacionadas con la recogida de cenizas y limpieza de imbornales por los equipos de emergencias, as\u00ed como la ubicaci\u00f3n provisional de un dep\u00f3sito para el acopio de cenizas en el cruce de San Nicol\u00e1s, entre la LP-2 y la LP-211, que permitir\u00e1 el control y resguardo de la ceniza ante fen\u00f3menos meteorol\u00f3gicos adversos, para su posterior reutilizaci\u00f3n.<\/p>\n<p style=\"text-align: justify;\">Adem\u00e1s, se inform\u00f3 de las ubicaciones de las estaciones de generaci\u00f3n el\u00e9ctrica en Los Llanos de Aridane y Las Manchas, de 9 y 4 MW respectivamente, que garantizar\u00e1 la estabilidad y la potencia del sistema, adem\u00e1s de los trabajos de mantenimiento de la red viaria y de la puesta en marcha de las desaladoras.<\/p>\n<p style=\"text-align: justify;\">En cuanto a la calidad del aire, se mantiene como buena o razonablemente buena en todas las estaciones, a excepci\u00f3n de picos puntuales en Los Llanos de Aridane en horario de mediod\u00eda, donde ha alcanzado un nivel regular o desfavorable. En cuanto al SO2, en el d\u00eda de ayer se mantuvieron niveles regulares en Puntagorda, pero sin superaci\u00f3n del umbral diario.<\/p>\n<p style=\"text-align: justify;\">Los grupos de riesgo y poblaci\u00f3n sensible debe continuar haciendo uso de las medidas preventivas en Los Llanos de Aridane, El Paso, Tazacorte, Tijarafe y Puntagorda y reducir las actividades en\u00e9rgicas o prolongadas en el exterior. La \u00a0poblaci\u00f3n en general puede realizar sus actividades al aire libre de manera normal, pero vigilando la aparici\u00f3n de s\u00edntomas como tos, irritaci\u00f3n de garganta, falta de \u00a0aire, fatiga excesiva o palpitaciones.<\/p>\n<p style=\"text-align: justify;\">Las condiciones meteorol\u00f3gicas, con vientos que dispersar\u00e1n la nube de ceniza hacia el O y SO, continuar\u00e1n siendo favorables para la operatividad aeron\u00e1utica.<\/p>\n<p style=\"text-align: justify;\">Sobre la evoluci\u00f3n de las coladas, Francisco Prieto, representante del Comit\u00e9 T\u00e9cnico que sustituy\u00f3 tambi\u00e9n hoy circunstancialmente al Director T\u00e9cnico del PEVOLCA, Miguel \u00c1ngel Morcuende, explic\u00f3 que la emisi\u00f3n de lava ha continuado discurriendo por el mismo cauce que en d\u00edas anteriores, sin apenas bifurcaciones, alimentando la coladas n\u00famero 1 y 2, que est\u00e1n pr\u00e1cticamente unidas. El resto de las coladas no experimentan variaci\u00f3n.<\/p>\n<p style=\"text-align: justify;\">Por su parte, la portavoz del Comit\u00e9 Cient\u00edfico y directora del Instituto Geogr\u00e1fico Nacional (IGN) en Canarias, Mar\u00eda Jos\u00e9 Blanco, explic\u00f3 que ha continuado ampli\u00e1ndose el segundo delta l\u00e1vico, principalmente en direcci\u00f3n perpendicular a la l\u00ednea de costa, solap\u00e1ndose con el primero. Adem\u00e1s, a\u00f1adi\u00f3 que se est\u00e1 produciendo un desbordamiento del lago de lava situado en la parte superior del cono.<\/p>\n<p style=\"text-align: justify;\">Los \u00faltimos datos de superficie afectada estimada superan ya las mil hect\u00e1reas, con 1.005,80 hect\u00e1reas, aumentando en siete la cifra estimada ayer.<\/p>\n<p style=\"text-align: justify;\">En el informe del Comit\u00e9 Cient\u00edfico se constat\u00f3 un aumento de la sismicidad a profundidades superiores a 20 kil\u00f3metros, tanto en n\u00famero como en magnitud.<\/p>\n<p style=\"text-align: justify;\">En este sentido, Mar\u00eda Jos\u00e9 Blanco, explic\u00f3 que el n\u00famero de localizaciones a estas profundidades en las \u00faltimas 24 horas ha sido el mayor desde el comienzo de la erupci\u00f3n. En cambio, la sismicidad a profundidades intermedias se mantiene baja respecto a las semanas anteriores. La magnitud m\u00e1xima registrada ha sido de 5.0 mbLg a una profundidad de 36 km, sentido con intensidad m\u00e1xima IV-V (EMS).<\/p>\n<p style=\"text-align: justify;\">Asimismo, el tremor se mantiene en niveles bajos y deformaci\u00f3n muestra una tendencia general estable con signos de deflaci\u00f3n en profundidad, m\u00e1s o menos definida en funci\u00f3n de la localizaci\u00f3n.\u00a0<\/p>\n<p style=\"text-align: justify;\">En lo que se refiere al n\u00famero de albergados, 468 personas permanecen en centros hoteleros, una m\u00e1s que ayer.\u00a0 Del total, 401 se hospedan en el hotel de Fuencaliente y 67 en Los Llanos de Aridane. Adem\u00e1s, hay 43 personas dependientes atendidas en centros sociosanitarios insulares.<\/p>\n<p style=\"text-align: justify;\">Los \u00faltimos datos del Catastro indican que hay unas 1.456 edificaciones destruidas o da\u00f1adas, de las cuales 1.179 son de uso residencial, 149 agr\u00edcola, 67 industrial, 33 ocio y hoster\u00eda, 13 uso p\u00fablico y 15 otros usos.<\/p>\n<p style=\"text-align: justify;\">Respecto a los cultivos, el total de hect\u00e1reas afectadas se calcula que alcanza las 290,45. De ellas, m\u00e1s de 164 son plataneras, 59,84 vi\u00f1as y 24,75 aguacates.<\/p>\n<p style=\"text-align: justify;\">Cerca de 65 kil\u00f3metros de infraestructuras viarias est\u00e1n afectadas, de los cuales 9,5 kil\u00f3metros son v\u00edas insulares y m\u00e1s de 55 kil\u00f3metros de v\u00edas municipales, entre calles y viarios.<\/p>\n<p style=\"text-align: justify;\"><strong>Dictamen diario del Comit\u00e9 Cient\u00edfico<\/strong><\/p>\n<p style=\"text-align: justify;\">Previamente a la reuni\u00f3n del Comit\u00e9 Director del PEVOLCA se reuni\u00f3 el Comit\u00e9 Cient\u00edfico del Plan, en el que sus integrantes expusieron sus conclusiones sobre la evoluci\u00f3n del fen\u00f3meno eruptivo desde el d\u00eda de ayer. Este Comit\u00e9 Cient\u00edfico est\u00e1 coordinado por la Direcci\u00f3n General de Seguridad y Emergencias del Gobierno de Canarias y lo integran representantes del Instituto Geogr\u00e1fico Nacional (IGN), Consejo Superior de Investigaciones Cient\u00edficas (CSIC), Instituto Volcanol\u00f3gico de Canarias (Involcan), Instituto Geol\u00f3gico y Minero de Espa\u00f1a (IGME), Agencia Estatal de Meteorolog\u00eda (AEMET), Instituto Espa\u00f1ol de Oceanograf\u00eda (IEO), Universidad de La Laguna y Universidad de Las Palmas de Gran Canaria.<\/p>\n<p style=\"text-align: justify;\">Tales conclusiones fueron:<\/p>\n<p style=\"text-align: justify;\">\u201cLa erupci\u00f3n fisural contin\u00faa mostrando mecanismo estromboliano, esto es, un mecanismo de car\u00e1cter mixto, con fases de explosividad que producen dep\u00f3sitos pirocl\u00e1sticos y fases efusivas que producen las coladas de lava, de forma simult\u00e1nea. El proceso eruptivo muestra episodios de incremento y disminuci\u00f3n de la actividad estromboliana, as\u00ed como pulsos con actividad freatomagm\u00e1tica.<\/p>\n<p style=\"text-align: justify;\">Contin\u00faa la ampliaci\u00f3n del segundo (d2) delta l\u00e1vico, principalmente en direcci\u00f3n perpendicular a la l\u00ednea de costa, solap\u00e1ndose con el primero (d1).<\/p>\n<p style=\"text-align: justify;\">Actualmente siguen activos varios centros de emisi\u00f3n con actividad variable (tanto de piroclastos, como de lava) seg\u00fan se modifica la configuraci\u00f3n de la zona eruptiva. No se descarta la aparici\u00f3n de nuevos centros de emisi\u00f3n en el entorno del cono principal, dentro de la zona de exclusi\u00f3n.<\/p>\n<p style=\"text-align: justify;\">La altura de la columna eruptiva medida hoy a las 08:45 es de 2500 m.<\/p>\n<p style=\"text-align: justify;\">Contin\u00faa el predominio de vientos de componente E desde superficie hasta los 5000 m. Hoy las rachas pueden alcanzar los 45-50 km\/h. Se prev\u00e9 que la nube de cenizas y SO2 contin\u00fae dispuesta hacia el O-SO. Por lo tanto, contin\u00faa el escenario favorable para la operatividad aeron\u00e1utica. Probabilidad de precipitaciones de car\u00e1cter d\u00e9bil, para el viernes y s\u00e1bado, que afectar\u00e1n principalmente a vertientes N y E de La Palma, as\u00ed como en zonas de interior de la vertiente oeste. Los modelos de predicci\u00f3n num\u00e9rica, muestran que a principios de la pr\u00f3xima semana podr\u00eda afectar al archipi\u00e9lago un sistema de baja presi\u00f3n (a\u00fan existe una alta incertidumbre en cuanto a la intensidad, localizaci\u00f3n del sistema y por tanto a posibles zonas\/islas de afecci\u00f3n).<\/p>\n<p style=\"text-align: justify;\">La sismicidad a profundidades superiores a 20 km se ha incrementado tanto en n\u00famero como en magnitud. El n\u00famero de localizaciones a estas profundidades en las \u00faltimas 24 h ha sido el mayor desde el comienzo de la erupci\u00f3n. La sismicidad a profundidades intermedias se mantiene baja respecto a las semanas anteriores. Contin\u00faa localiz\u00e1ndose en las mismas zonas, a profundidades entre 10 y 15 km. La magnitud m\u00e1xima ha sido 5.0 mbLg de un evento hoy a las 03:37 a profundidad de 36 km, sentido con intensidad m\u00e1xima IV-V (EMS). El tremor en las \u00faltimas 24 h se mantiene en niveles bajos. El nivel de sismicidad actual sigue indicando que es posible que se produzcan m\u00e1s sismos sentidos, pudiendo alcanzarse intensidades V-VI (EMS) y originar peque\u00f1os derrumbes en zonas de pendiente.<\/p>\n<p style=\"text-align: justify;\">En cuanto a la deformaci\u00f3n, la estaci\u00f3n m\u00e1s cercana al centro sigue mostrando deformaciones que reflejan la din\u00e1mica del proceso eruptivo. En el resto de las estaciones se muestra una tendencia a la deflaci\u00f3n regional.<\/p>\n<p style=\"text-align: justify;\">La emisi\u00f3n de di\u00f3xido de azufre (SO2), asociada al penacho volc\u00e1nico del actual proceso eruptivo en marcha (emanaciones visibles de gases volc\u00e1nicos), registrada durante el d\u00eda de ayer (10\/10) contin\u00faa siendo alta, registr\u00e1ndose un rango de valores entre 13000 y 15000 toneladas diarias mediante el uso de sensores \u00f3pticos remotos tipo miniDOAS en posici\u00f3n m\u00f3vil mar\u00edtima. Por otro lado, el an\u00e1lisis de im\u00e1genes satelitales refleja una tendencia descendente desde el pasado 23\/9 cuando se registraron m\u00e1ximos superiores a las 50000 toneladas diarias de emisi\u00f3n de di\u00f3xido de azufre (SO2).<\/p>\n<p style=\"text-align: justify;\">En el caso de la emisi\u00f3n difusa de di\u00f3xido de carbono (CO2), asociada a los 220 km2 de la dorsal volc\u00e1nica de Cumbre Vieja (emanaciones no visibles de gases volc\u00e1nicos) contin\u00faa registrando valores por encima de los niveles de fondo (entre 200 y 1300 toneladas diarias) y durante el d\u00eda de ayer (10\/11) reflejaron un rango de valores entre los 1800 y 1900 toneladas diarias. Estas emanaciones difusas no representan un peligro para las personas. En la estaci\u00f3n de Los Llanos de Aridane (LP10) se contin\u00faa registrando una ligera fracci\u00f3n magm\u00e1tica-hidrotermal en el di\u00f3xido de carbono (CO2) de la atm\u00f3sfera del suelo, mientras que esta es pr\u00e1cticamente nula en la estaci\u00f3n de Fuencaliente (LP08). Todas estas observaciones geoqu\u00edmicas son coherentes con el actual proceso eruptivo.<\/p>\n<p style=\"text-align: justify;\">En el d\u00eda de ayer la calidad del aire debida al di\u00f3xido de azufre (SO2) registr\u00f3 niveles buenos o razonablemente buenos en todas las estaciones salvo en Puntagorda, donde se mantuvieron en niveles regulares de la calidad del aire, produci\u00e9ndose una superaci\u00f3n del umbral diario (establecido en 125 \u00b5g\/m\u00b3) en esta estaci\u00f3n. Durante la ma\u00f1ana de hoy los valores se est\u00e1n manteniendo en niveles buenos o razonablemente buenos en el conjunto de estaciones a excepci\u00f3n de Puntagorda, con calidad del aire regular.<\/p>\n<p style=\"text-align: justify;\">Con respecto a las part\u00edculas menores de 10 micras (PM10), en el d\u00eda de ayer se mantuvieron valores similares a los registrados en d\u00edas anteriores en la estaci\u00f3n de Los Llanos de Aridane, con m\u00e1ximos entre las 11:00 y las 14:00 horas y un \u00edndice de calidad del aire oscilando entre regular y desfavorable. La din\u00e1mica de d\u00edas anteriores se repite, con ascenso de los valores desde primeras horas de la ma\u00f1ana y posterior reducci\u00f3n en la tarde noche, con niveles m\u00e1ximos asociados a periodos de mayor intensidad de viento. En el resto de estaciones los niveles de calidad del aire se mantuvieron en niveles buenos o razonablemente buenos. Ayer no se supera el valor l\u00edmite diario (establecido en 50 \u00b5g\/m\u00b3) en ninguna estaci\u00f3n. Durante la ma\u00f1ana de hoy se observa un ligero aumento en los valores observados pero de baja intensidad con valores buenos o razonablemente buenos en el conjunto de estaciones, salvo en Los Llanos de Aridane donde se mantienen como regulares.<\/p>\n<p style=\"text-align: justify;\">Por lo tanto, y como medida de precauci\u00f3n, en la zona de Los Llanos de Aridane, El Paso, Tazacorte, Tijarafe y Puntagorda, para grupos de riesgo y poblaci\u00f3n sensible, considere reducir las actividades en\u00e9rgicas y\/o prolongadas en el exterior. Para poblaci\u00f3n en general, se pueden realizar sus actividades al aire libre de manera normal. Sin embargo, vigile la aparici\u00f3n de s\u00edntomas como tos, irritaci\u00f3n de garganta, falta de aire, fatiga excesiva o palpitaciones. Consultar la web del Gobierno de Canarias de Calidad del Aire.<\/p>\n<p style=\"text-align: justify;\"><u>https:\/\/www3.gobiernodecanarias.org\/medioambiente\/calidaddelaire\/ica.do<\/u><\/p>\n<p style=\"text-align: justify;\"><strong>OBLIGACIONES Y RECOMENDACIONES<\/strong><\/p>\n<p style=\"text-align: justify;\">PENACHO MARINO:<\/p>\n<ul style=\"text-align: justify;\">\n<li>Se sugiere prestar mucha atenci\u00f3n al pron\u00f3stico del viento para la monitorizaci\u00f3n de los posibles cambios de direcci\u00f3n del penacho y actuar en consecuencia, especialmente aquellas personas con el sistema respiratorio debilitado (por ejemplo, asm\u00e1ticos) ya que son m\u00e1s vulnerables a concentraciones m\u00e1s<\/li>\n<li>Tambi\u00e9n se recomienda el lavado de los ojos despu\u00e9s de cualquier exposici\u00f3n, ya que los s\u00edntomas, a menudo, no se perciben hasta m\u00e1s tarde.<\/li>\n<li>Estos penachos marinos se pueden percibir hasta varios kil\u00f3metros de distancia de la fuente, aunque m\u00e1s diluidos. En el caso de que el penacho marino llegue a n\u00facleos poblacionales, se recomienda permanecer en el interior de las viviendas siempre que sea posible y cerrar todas las puertas y<\/li>\n<li>Para la seguridad de la navegaci\u00f3n de embarcaciones cient\u00edficas que realizan labores cient\u00edficas en esta \u00e1rea, se recomienda mantener una distancia de al menos 500 m para las zonas activas de los deltas de lava (con aporte de lava y manifestaciones visibles), reduciendo dicha distancia a 200 m para las zonas m\u00e1s La navegaci\u00f3n con fines cient\u00edficos para la gesti\u00f3n de la emergencia, se puede realizar a distancias menores, bajo la responsabilidad del armador y el capit\u00e1n o patr\u00f3n de la embarcaci\u00f3n, siempre y cuando se cuente con el visto bueno de la Direcci\u00f3n T\u00e9cnica de PEVOLCA y Capitan\u00eda Mar\u00edtima.<\/li>\n<\/ul>\n<p style=\"text-align: justify;\">COLADAS L\u00c1VICAS:<\/p>\n<ul style=\"text-align: justify;\">\n<li>Tambi\u00e9n se recomienda no aproximarse a las coladas de lava por el riesgo de exponerse a los gases emitidos, posibles desprendimientos y las altas temperaturas.<\/li>\n<li>Ante los grandes espesores de colada de lava observados en algunos puntos, se pueden producir colapsos de su frente que, en zonas de mayor pendiente, pueden conllevar la formaci\u00f3n de grandes fragmentos de colada, que pueden desprenderse del frente de la colada y que de forma repentina alcanzando distancias de varios metros desde el frente de colada, dependiendo de la topograf\u00eda. Tambi\u00e9n en zonas de gran pendiente, se puede producir peque\u00f1os flujos pirocl\u00e1sticos.<\/li>\n<\/ul>\n<p style=\"text-align: justify;\">CAIDA DE PIROCLASTOS:<\/p>\n<ul style=\"text-align: justify;\">\n<li>Se recuerda que est\u00e1 establecido un radio de exclusi\u00f3n de 2.5 km en torno a los centros de emisi\u00f3n para minimizar el riesgo de impacto de piroclastos y la exposici\u00f3n a los gases.<\/li>\n<li>En caso de intensificaci\u00f3n de la actividad explosiva es posible que algunas detonaciones violentas puedan producir rotura del vidrio de las Se recomienda alejarse de las ventanas hasta un radio de 5 km desde el cono.<\/li>\n<li>En las zonas afectadas por una intensa ca\u00edda de cenizas (que se observe una clara deposici\u00f3n sobre el suelo) y m\u00e1s a\u00fan si se observa bruma, se recomienda mantenerse en espacios Al aire libre, se recomienda as\u00ed mismo el uso de mascarillas FFP2 y de sistemas de protecci\u00f3n de ojos.<\/li>\n<li>Ante la llegada de cenizas a otras islas, se recomienda en las afectadas, el uso de mascarillas quir\u00fargicas. Se recomienda la limpieza de azoteas en las que se acumulen espesores de cenizas de varios cent\u00edmetros. Se insiste en que se \u00a0\u00a0sigan de manera precisa el procedimiento de retirada de cenizas de azoteas y suelo indicado por Protecci\u00f3n Civil (humedecer ceniza, protecci\u00f3n de ojos, llevar mascarilla, proteger la piel, v\u00e9ase documentaci\u00f3n anexa).\u00a0 Para la\u00a0\u00a0\u00a0\u00a0\u00a0\u00a0\u00a0\u00a0\u00a0 retirada, se deben usar mascarillas FFP2, guantes, humedecer ligeramente para su barrido y evitando el uso de sopladores, salvo para la limpieza de las\u00a0\u00a0\u00a0\u00a0\u00a0\u00a0\u00a0\u00a0\u00a0 instalaciones aeroportuaria por personal especializado con sus EPIs\u00a0 El uso de los sopladores aumenta la re-suspensi\u00f3n de las part\u00edculas m\u00e1s perjudiciales para la salud.<\/li>\n<\/ul>\n<p style=\"text-align: justify;\">Para la seguridad de cient\u00edficos en tierra dentro de la zona de exclusi\u00f3n se recomienda mantener una distancia de al menos 1000 m respecto al centro principal de emisi\u00f3n. La aproximaci\u00f3n a distancias menores puede realizarse, con fines de observaci\u00f3n cient\u00edfica para la gesti\u00f3n de la emergencia, con el visto bueno de la Direcci\u00f3n T\u00e9cnica de PEVOLCA.<\/p>\n<p style=\"text-align: justify;\">Desde el centro emisor actual en el sector sur, a distancias menores de 3 km y dentro de la zona de exclusi\u00f3n, se ha de extremar la atenci\u00f3n a cualquier fen\u00f3meno observable, minimizando la exposici\u00f3n.<\/p>\n<p style=\"text-align: justify;\">MOVIMIENTOS S\u00cdSMICOS:<\/p>\n<ul style=\"text-align: justify;\">\n<li>El comit\u00e9 cient\u00edfico del PEVOLCA realiza un seguimiento continuo de la actividad volc\u00e1nica.<\/li>\n<li>Tanto en casa, como en el centro de trabajo, toma medidas preventivas: refuerza las estanter\u00edas, fija l\u00e1mparas y retira objetos grandes del<\/li>\n<\/ul>\n<p style=\"text-align: justify;\"><u>En el exterior:<\/u><\/p>\n<p style=\"text-align: justify;\">Si te encuentras en el exterior y se registra un sismo, busca un lugar abierto y al\u00e9jate de estructuras que puedan caer a la v\u00eda y de las zonas con riesgo de derrumbe.<\/p>\n<p style=\"text-align: justify;\">Por tu seguridad, recuerda estos consejos de autoprotecci\u00f3n:<\/p>\n<ul style=\"text-align: justify;\">\n<li>Dir\u00edgete a espacios<\/li>\n<li>Al\u00e9jate de edificios, balcones, sem\u00e1foros, farolas, tendidos el\u00e9ctricos o \u00e1rboles.<\/li>\n<li>No te acerques a zonas con peligro de<\/li>\n<li>Sigue las recomendaciones de las autoridades e inf\u00f3rmate por canales oficiales y medios de comunicaci\u00f3n.<\/li>\n<li>Si te encuentras en un veh\u00edculo, disminuye la velocidad y para el motor cuando sea posible, lejos de edificaciones y zonas escarpadas. Pon los indicadores de emergencia y permanece en el veh\u00edculo hasta que finalice el<\/li>\n<\/ul>\n<p style=\"text-align: justify;\"><u>En el interior:<\/u><\/p>\n<p style=\"text-align: justify;\">Si te sorprende un temblor en el interior de tu vivienda, mant\u00e9n la calma y sigue estos consejos de autoprotecci\u00f3n:<\/p>\n<ul style=\"text-align: justify;\">\n<li>Mientras dure el temblor, no salgas al<\/li>\n<li>Prot\u00e9gete bajo el marco de una puerta o de alg\u00fan mueble s\u00f3lido, como una<\/li>\n<li>No te sit\u00faes cerca de<\/li>\n<li>Si tienes que abandonar tu casa, desconecta agua, luz y<\/li>\n<li>En caso de evacuaci\u00f3n, baja por las escaleras y no utilices el ascensor.<\/li>\n<li>Sigue las recomendaciones de las autoridades e inf\u00f3rmate por canales oficiales y medios de comunicaci\u00f3n.<\/li>\n<\/ul>\n<p style=\"text-align: justify;\">Se recomienda a la poblaci\u00f3n en la isla de La Palma el uso de mascarillas FFP2 al aire libre.<\/p>\n<p style=\"text-align: justify;\">Sigue siendo imperativo el respeto de las zonas de exclusi\u00f3n terrestre y mar\u00edtima, para mantener la integridad f\u00edsica de las personas.<\/p>\n<p style=\"text-align: justify;\">Se ha reforzado el seguimiento continuo de la actividad y se comunicar\u00e1\u00a0 cualquier cambio significativo que se observe. Mant\u00e9nganse atentos a la informaci\u00f3n que proporcionen las correspondientes autoridades de Protecci\u00f3n Civil.\u201d<\/p>\n<p style=\"text-align: justify;\">\u00a0<\/p>\n<p style=\"text-align: justify;\">\u00a0<\/p>\n<p style=\"text-align: justify;\">\u00a0<\/p>\n<div class=\"pvc_clear\"><\/div>\n<p id=\"pvc_stats_1151\" class=\"pvc_stats all  \" data-element-id=\"1151\" style=\"\"><i class=\"pvc-stats-icon medium\" aria-hidden=\"true\"><svg aria-hidden=\"true\" focusable=\"false\" data-prefix=\"far\" data-icon=\"chart-bar\" role=\"img\" xmlns=\"http:\/\/www.w3.org\/2000\/svg\" viewBox=\"0 0 512 512\" class=\"svg-inline--fa fa-chart-bar fa-w-16 fa-2x\"><path fill=\"currentColor\" d=\"M396.8 352h22.4c6.4 0 12.8-6.4 12.8-12.8V108.8c0-6.4-6.4-12.8-12.8-12.8h-22.4c-6.4 0-12.8 6.4-12.8 12.8v230.4c0 6.4 6.4 12.8 12.8 12.8zm-192 0h22.4c6.4 0 12.8-6.4 12.8-12.8V140.8c0-6.4-6.4-12.8-12.8-12.8h-22.4c-6.4 0-12.8 6.4-12.8 12.8v198.4c0 6.4 6.4 12.8 12.8 12.8zm96 0h22.4c6.4 0 12.8-6.4 12.8-12.8V204.8c0-6.4-6.4-12.8-12.8-12.8h-22.4c-6.4 0-12.8 6.4-12.8 12.8v134.4c0 6.4 6.4 12.8 12.8 12.8zM496 400H48V80c0-8.84-7.16-16-16-16H16C7.16 64 0 71.16 0 80v336c0 17.67 14.33 32 32 32h464c8.84 0 16-7.16 16-16v-16c0-8.84-7.16-16-16-16zm-387.2-48h22.4c6.4 0 12.8-6.4 12.8-12.8v-70.4c0-6.4-6.4-12.8-12.8-12.8h-22.4c-6.4 0-12.8 6.4-12.8 12.8v70.4c0 6.4 6.4 12.8 12.8 12.8z\" class=\"\"><\/path><\/svg><\/i> <\/p>\n<div class=\"pvc_clear\"><\/div>\n<div class=\"print\"><span class=\"page_title\">P\u00e1gina: <span>La Armada se incorpora al PEVOLCA e inicia el traslado de agricultores a zonas que est\u00e1n aisladas por la lava<\/span><\/span>\n\t\t\t\t\t\t\t\t\t\t\t<span class=\"stmp_trans_date\">\u00daltima actualizaci\u00f3n: <span>11\/11\/2021 - 18:30:54<\/span><\/span>\n\t\t\t\t\t\t\t\t\t\t\t<span class=\"stmp_trans_date\">Fecha publicaci\u00f3n: <span>11\/11\/2021 - 18:30:54<\/span><\/span>\n\t\t\t\t\t\t\t\t\t\t\t<span class=\"stmp_trans_date\">Fecha creaci\u00f3n: <span>11\/11\/2021 - 18:30:54<\/span><\/span><\/div>","protected":false},"excerpt":{"rendered":"<p>Se mantiene la mejora de la calidad del aire, con picos puntuales en Los Llanos de Aridane Aumenta la sismicidad profunda, que registra el mayor n\u00famero de eventos localizados a m\u00e1s de 20 kil\u00f3metros desde el comienzo de la erupci\u00f3n Cerca de 65 kil\u00f3metros de&#8230;<\/p>\n<div class=\"pvc_clear\"><\/div>\n<p id=\"pvc_stats_1151\" class=\"pvc_stats all  \" data-element-id=\"1151\" style=\"\"><i class=\"pvc-stats-icon medium\" aria-hidden=\"true\"><svg aria-hidden=\"true\" focusable=\"false\" data-prefix=\"far\" data-icon=\"chart-bar\" role=\"img\" xmlns=\"http:\/\/www.w3.org\/2000\/svg\" viewBox=\"0 0 512 512\" class=\"svg-inline--fa fa-chart-bar fa-w-16 fa-2x\"><path fill=\"currentColor\" d=\"M396.8 352h22.4c6.4 0 12.8-6.4 12.8-12.8V108.8c0-6.4-6.4-12.8-12.8-12.8h-22.4c-6.4 0-12.8 6.4-12.8 12.8v230.4c0 6.4 6.4 12.8 12.8 12.8zm-192 0h22.4c6.4 0 12.8-6.4 12.8-12.8V140.8c0-6.4-6.4-12.8-12.8-12.8h-22.4c-6.4 0-12.8 6.4-12.8 12.8v198.4c0 6.4 6.4 12.8 12.8 12.8zm96 0h22.4c6.4 0 12.8-6.4 12.8-12.8V204.8c0-6.4-6.4-12.8-12.8-12.8h-22.4c-6.4 0-12.8 6.4-12.8 12.8v134.4c0 6.4 6.4 12.8 12.8 12.8zM496 400H48V80c0-8.84-7.16-16-16-16H16C7.16 64 0 71.16 0 80v336c0 17.67 14.33 32 32 32h464c8.84 0 16-7.16 16-16v-16c0-8.84-7.16-16-16-16zm-387.2-48h22.4c6.4 0 12.8-6.4 12.8-12.8v-70.4c0-6.4-6.4-12.8-12.8-12.8h-22.4c-6.4 0-12.8 6.4-12.8 12.8v70.4c0 6.4 6.4 12.8 12.8 12.8z\" class=\"\"><\/path><\/svg><\/i> <img loading=\"lazy\" decoding=\"async\" width=\"16\" height=\"16\" alt=\"Loading\" src=\"https:\/\/www.112canarias.com\/112\/wp-content\/plugins\/page-views-count\/ajax-loader-2x.gif\" border=0 \/><\/p>\n<div class=\"pvc_clear\"><\/div>\n","protected":false},"author":1,"featured_media":1561,"comment_status":"open","ping_status":"open","sticky":false,"template":"","format":"standard","meta":{"footnotes":""},"categories":[10],"tags":[],"class_list":["post-1151","post","type-post","status-publish","format-standard","has-post-thumbnail","hentry","category-ultimasnoticas"],"_links":{"self":[{"href":"https:\/\/www.112canarias.com\/112\/wp-json\/wp\/v2\/posts\/1151","targetHints":{"allow":["GET"]}}],"collection":[{"href":"https:\/\/www.112canarias.com\/112\/wp-json\/wp\/v2\/posts"}],"about":[{"href":"https:\/\/www.112canarias.com\/112\/wp-json\/wp\/v2\/types\/post"}],"author":[{"embeddable":true,"href":"https:\/\/www.112canarias.com\/112\/wp-json\/wp\/v2\/users\/1"}],"replies":[{"embeddable":true,"href":"https:\/\/www.112canarias.com\/112\/wp-json\/wp\/v2\/comments?post=1151"}],"version-history":[{"count":0,"href":"https:\/\/www.112canarias.com\/112\/wp-json\/wp\/v2\/posts\/1151\/revisions"}],"wp:featuredmedia":[{"embeddable":true,"href":"https:\/\/www.112canarias.com\/112\/wp-json\/wp\/v2\/media\/1561"}],"wp:attachment":[{"href":"https:\/\/www.112canarias.com\/112\/wp-json\/wp\/v2\/media?parent=1151"}],"wp:term":[{"taxonomy":"category","embeddable":true,"href":"https:\/\/www.112canarias.com\/112\/wp-json\/wp\/v2\/categories?post=1151"},{"taxonomy":"post_tag","embeddable":true,"href":"https:\/\/www.112canarias.com\/112\/wp-json\/wp\/v2\/tags?post=1151"}],"curies":[{"name":"wp","href":"https:\/\/api.w.org\/{rel}","templated":true}]}}