{"id":11642,"date":"2026-04-28T13:11:25","date_gmt":"2026-04-28T13:11:25","guid":{"rendered":"https:\/\/www.112canarias.com\/112\/?p=11642"},"modified":"2026-04-28T13:11:25","modified_gmt":"2026-04-28T13:11:25","slug":"el-gobierno-de-canarias-acerca-la-prevencion-en-incendios-forestales-a-cerca-de-400-estudiantes-de-moya","status":"publish","type":"post","link":"https:\/\/www.112canarias.com\/112\/el-gobierno-de-canarias-acerca-la-prevencion-en-incendios-forestales-a-cerca-de-400-estudiantes-de-moya\/","title":{"rendered":"El Gobierno de Canarias acerca la prevenci\u00f3n en incendios forestales a cerca de 400 estudiantes de Moya"},"content":{"rendered":"<blockquote><p>La jornada ha contado con una exposici\u00f3n de recursos de seguridad y emergencias con explicaciones de los equipos intervinientes<\/p><\/blockquote>\n<p>El Gobierno de Canarias ha desarrollado este martes una jornada formativa dirigida a la poblaci\u00f3n escolar del municipio de Moya, en el marco del simulacro de incendio forestal que se realiza esta semana en la localidad. La iniciativa, que ha estado orientada al alumnado de primaria y secundaria cont\u00f3 con la participaci\u00f3n de cerca de 400 estudiantes con el objetivo de fomentar la cultura de la prevenci\u00f3n y la autoprotecci\u00f3n entre los m\u00e1s j\u00f3venes.<\/p>\n<p>Durante la actividad, de car\u00e1cter din\u00e1mico y participativo, el alumnado ha podido conocer de primera mano los recursos implicados en la gesti\u00f3n de este tipo de emergencias, a trav\u00e9s de la exposici\u00f3n de medios de seguridad y emergencias y de explicaciones adaptadas sobre el trabajo que desempe\u00f1an los distintos cuerpos intervinientes.<\/p>\n<p>\u201cAcercar este tipo de contenidos al alumnado es fundamental para que, desde edades tempranas, sepan c\u00f3mo actuar ante una emergencia real. No se trata solo de conocer los medios, sino de entender que su comportamiento puede marcar la diferencia en situaciones de riesgo\u201d, se\u00f1al\u00f3 el director general de Emergencias del Gobierno de Canarias, Fernando Figuereo, durante la jornada. \u201cEste tipo de acciones, en el marco del simulacro que se desarrolla en Moya, nos permiten construir una ciudadan\u00eda m\u00e1s preparada y consciente\u201d, a\u00f1adi\u00f3.<\/p>\n<p>En total, han participado seis centros educativos del municipio -dos de mayor tama\u00f1o y cuatro escuelas unitarias- en una experiencia que ha combinado divulgaci\u00f3n, demostraciones pr\u00e1cticas y contacto directo con los equipos de intervenci\u00f3n.<\/p>\n<p>El alcalde de Moya, Ra\u00fal Afonso, destac\u00f3 la importancia de hacer part\u00edcipes a los m\u00e1s j\u00f3venes. \u201cSon el futuro de nuestra tierra y ser\u00e1n ellos la que la cuiden. Seguimos apostando por la formaci\u00f3n, la concienciaci\u00f3n y la coordinaci\u00f3n. Trabajar juntas todas las administraciones es el mejor mensaje que podemos transmitir\u201d, apunt\u00f3.<\/p>\n<p>Durante la jornada han estado presentes efectivos del Grupo de Emergencias y Salvamento (GES), la Direcci\u00f3n General de Emergencias, el CECOES 112, el Servicio de Urgencias Canario (SUC), la Guardia Civil, el SEPRONA, la Polic\u00eda Local de Moya, el Cuerpo General de la Polic\u00eda Canaria, Cruz Roja Espa\u00f1ola, el Cabildo de Gran Canaria, la Unidad Militar de Emergencias (UME) como observadora, as\u00ed como personal de Protecci\u00f3n Civil.<\/p>\n<p>Con este tipo de acciones, el Gobierno de Canarias refuerza su apuesta por la sensibilizaci\u00f3n ciudadana y la educaci\u00f3n en riesgos, entendiendo que la formaci\u00f3n de la poblaci\u00f3n m\u00e1s joven es clave para mejorar la respuesta colectiva ante situaciones de emergencia y avanzar hacia territorios m\u00e1s seguros y resilientes.<\/p>\n<div class=\"pvc_clear\"><\/div>\n<p id=\"pvc_stats_11642\" class=\"pvc_stats all  \" data-element-id=\"11642\" style=\"\"><i class=\"pvc-stats-icon medium\" aria-hidden=\"true\"><svg aria-hidden=\"true\" focusable=\"false\" data-prefix=\"far\" data-icon=\"chart-bar\" role=\"img\" xmlns=\"http:\/\/www.w3.org\/2000\/svg\" viewBox=\"0 0 512 512\" class=\"svg-inline--fa fa-chart-bar fa-w-16 fa-2x\"><path fill=\"currentColor\" d=\"M396.8 352h22.4c6.4 0 12.8-6.4 12.8-12.8V108.8c0-6.4-6.4-12.8-12.8-12.8h-22.4c-6.4 0-12.8 6.4-12.8 12.8v230.4c0 6.4 6.4 12.8 12.8 12.8zm-192 0h22.4c6.4 0 12.8-6.4 12.8-12.8V140.8c0-6.4-6.4-12.8-12.8-12.8h-22.4c-6.4 0-12.8 6.4-12.8 12.8v198.4c0 6.4 6.4 12.8 12.8 12.8zm96 0h22.4c6.4 0 12.8-6.4 12.8-12.8V204.8c0-6.4-6.4-12.8-12.8-12.8h-22.4c-6.4 0-12.8 6.4-12.8 12.8v134.4c0 6.4 6.4 12.8 12.8 12.8zM496 400H48V80c0-8.84-7.16-16-16-16H16C7.16 64 0 71.16 0 80v336c0 17.67 14.33 32 32 32h464c8.84 0 16-7.16 16-16v-16c0-8.84-7.16-16-16-16zm-387.2-48h22.4c6.4 0 12.8-6.4 12.8-12.8v-70.4c0-6.4-6.4-12.8-12.8-12.8h-22.4c-6.4 0-12.8 6.4-12.8 12.8v70.4c0 6.4 6.4 12.8 12.8 12.8z\" class=\"\"><\/path><\/svg><\/i> <\/p>\n<div class=\"pvc_clear\"><\/div>\n<div class=\"print\"><span class=\"page_title\">P\u00e1gina: <span>El Gobierno de Canarias acerca la prevenci\u00f3n en incendios forestales a cerca de 400 estudiantes de Moya<\/span><\/span>\n\t\t\t\t\t\t\t\t\t\t\t<span class=\"stmp_trans_date\">\u00daltima actualizaci\u00f3n: <span>28\/04\/2026 - 13:11:25<\/span><\/span>\n\t\t\t\t\t\t\t\t\t\t\t<span class=\"stmp_trans_date\">Fecha publicaci\u00f3n: <span>28\/04\/2026 - 13:11:25<\/span><\/span>\n\t\t\t\t\t\t\t\t\t\t\t<span class=\"stmp_trans_date\">Fecha creaci\u00f3n: <span>28\/04\/2026 - 13:11:25<\/span><\/span><\/div>","protected":false},"excerpt":{"rendered":"<p>La jornada ha contado con una exposici\u00f3n de recursos de seguridad y emergencias con explicaciones de los equipos intervinientes El Gobierno de Canarias ha desarrollado este martes una jornada formativa dirigida a la poblaci\u00f3n escolar del municipio de Moya, en el marco del simulacro de&#8230;<\/p>\n<div class=\"pvc_clear\"><\/div>\n<p id=\"pvc_stats_11642\" class=\"pvc_stats all  \" data-element-id=\"11642\" style=\"\"><i class=\"pvc-stats-icon medium\" aria-hidden=\"true\"><svg aria-hidden=\"true\" focusable=\"false\" data-prefix=\"far\" data-icon=\"chart-bar\" role=\"img\" xmlns=\"http:\/\/www.w3.org\/2000\/svg\" viewBox=\"0 0 512 512\" class=\"svg-inline--fa fa-chart-bar fa-w-16 fa-2x\"><path fill=\"currentColor\" d=\"M396.8 352h22.4c6.4 0 12.8-6.4 12.8-12.8V108.8c0-6.4-6.4-12.8-12.8-12.8h-22.4c-6.4 0-12.8 6.4-12.8 12.8v230.4c0 6.4 6.4 12.8 12.8 12.8zm-192 0h22.4c6.4 0 12.8-6.4 12.8-12.8V140.8c0-6.4-6.4-12.8-12.8-12.8h-22.4c-6.4 0-12.8 6.4-12.8 12.8v198.4c0 6.4 6.4 12.8 12.8 12.8zm96 0h22.4c6.4 0 12.8-6.4 12.8-12.8V204.8c0-6.4-6.4-12.8-12.8-12.8h-22.4c-6.4 0-12.8 6.4-12.8 12.8v134.4c0 6.4 6.4 12.8 12.8 12.8zM496 400H48V80c0-8.84-7.16-16-16-16H16C7.16 64 0 71.16 0 80v336c0 17.67 14.33 32 32 32h464c8.84 0 16-7.16 16-16v-16c0-8.84-7.16-16-16-16zm-387.2-48h22.4c6.4 0 12.8-6.4 12.8-12.8v-70.4c0-6.4-6.4-12.8-12.8-12.8h-22.4c-6.4 0-12.8 6.4-12.8 12.8v70.4c0 6.4 6.4 12.8 12.8 12.8z\" class=\"\"><\/path><\/svg><\/i> <img loading=\"lazy\" decoding=\"async\" width=\"16\" height=\"16\" alt=\"Loading\" src=\"https:\/\/www.112canarias.com\/112\/wp-content\/plugins\/page-views-count\/ajax-loader-2x.gif\" border=0 \/><\/p>\n<div class=\"pvc_clear\"><\/div>\n","protected":false},"author":14,"featured_media":11644,"comment_status":"closed","ping_status":"open","sticky":false,"template":"","format":"standard","meta":{"footnotes":""},"categories":[9,10],"tags":[],"class_list":["post-11642","post","type-post","status-publish","format-standard","has-post-thumbnail","hentry","category-noticias","category-ultimasnoticas"],"_links":{"self":[{"href":"https:\/\/www.112canarias.com\/112\/wp-json\/wp\/v2\/posts\/11642","targetHints":{"allow":["GET"]}}],"collection":[{"href":"https:\/\/www.112canarias.com\/112\/wp-json\/wp\/v2\/posts"}],"about":[{"href":"https:\/\/www.112canarias.com\/112\/wp-json\/wp\/v2\/types\/post"}],"author":[{"embeddable":true,"href":"https:\/\/www.112canarias.com\/112\/wp-json\/wp\/v2\/users\/14"}],"replies":[{"embeddable":true,"href":"https:\/\/www.112canarias.com\/112\/wp-json\/wp\/v2\/comments?post=11642"}],"version-history":[{"count":1,"href":"https:\/\/www.112canarias.com\/112\/wp-json\/wp\/v2\/posts\/11642\/revisions"}],"predecessor-version":[{"id":11643,"href":"https:\/\/www.112canarias.com\/112\/wp-json\/wp\/v2\/posts\/11642\/revisions\/11643"}],"wp:featuredmedia":[{"embeddable":true,"href":"https:\/\/www.112canarias.com\/112\/wp-json\/wp\/v2\/media\/11644"}],"wp:attachment":[{"href":"https:\/\/www.112canarias.com\/112\/wp-json\/wp\/v2\/media?parent=11642"}],"wp:term":[{"taxonomy":"category","embeddable":true,"href":"https:\/\/www.112canarias.com\/112\/wp-json\/wp\/v2\/categories?post=11642"},{"taxonomy":"post_tag","embeddable":true,"href":"https:\/\/www.112canarias.com\/112\/wp-json\/wp\/v2\/tags?post=11642"}],"curies":[{"name":"wp","href":"https:\/\/api.w.org\/{rel}","templated":true}]}}