{"id":1205,"date":"2022-01-12T16:25:58","date_gmt":"2022-01-12T16:25:58","guid":{"rendered":"http:\/\/www.112canarias.com\/112\/2022\/01\/12\/el-comite-director-del-pevolca-estudiara-la-proxima-semana-la-posibilidad-de-nuevos-realojos-en-la-palma\/"},"modified":"2022-01-12T16:25:58","modified_gmt":"2022-01-12T16:25:58","slug":"el-comite-director-del-pevolca-estudiara-la-proxima-semana-la-posibilidad-de-nuevos-realojos-en-la-palma","status":"publish","type":"post","link":"https:\/\/www.112canarias.com\/112\/el-comite-director-del-pevolca-estudiara-la-proxima-semana-la-posibilidad-de-nuevos-realojos-en-la-palma\/","title":{"rendered":"El Comit\u00e9 Director del PEVOLCA estudiar\u00e1 la pr\u00f3xima semana la posibilidad de nuevos realojos en La Palma"},"content":{"rendered":"<p><\/p>\n<p><strong>Se intensifican los trabajos de limpieza de cenizas con maquinaria pesada en la parte alta de la colada sur, donde ya no hay riesgos asociados al proceso volc\u00e1nico<\/strong><\/p>\n<p style=\"text-align: justify;\"><strong>Puerto Naos y La Bombilla siguen presentando niveles muy altos de acumulaci\u00f3n de gases y por el momento los accesos permanecer\u00e1n cerrados<\/strong><\/p>\n<p style=\"text-align: justify;\"><strong>Las elevadas temperaturas y la altura de las coladas demorar\u00e1n la actuaci\u00f3n sobre las v\u00edas de comunicaci\u00f3n afectadas<\/strong><\/p>\n<p style=\"text-align: justify;\">Los niveles de medici\u00f3n de gases en las zonas afectadas por la erupci\u00f3n de La Palma, as\u00ed como la limpieza de cenizas, el estado de los servicios b\u00e1sicos y el an\u00e1lisis sobre la posibilidad de realizar obras en la red viaria afectada centraron la reuni\u00f3n de este mi\u00e9rcoles del Comit\u00e9 Director del Plan Especial de Protecci\u00f3n Civil y Atenci\u00f3n de Emergencias por Riesgo Volc\u00e1nico de Canarias (PEVOLCA), dirigida por el consejero de Administraciones P\u00fablicas, Justicia y Seguridad del Gobierno de Canarias y responsable del plan, Julio P\u00e9rez, donde se acord\u00f3 estudiar la pr\u00f3xima semana\u00a0 nuevas propuestas de realojos.<\/p>\n<p style=\"text-align: justify;\">Para poder proceder al levantamiento de las evacuaciones de las zonas situadas en la parte alta de la colada sur, principalmente Las Manchas y Las Norias, y garantizar el acceso de los vecinos, se han intensificado los trabajos de limpieza de las cenizas con maquinaria pesada, tanto en la red viaria como en las viviendas, mientras se contin\u00faa con el restablecimiento de la red de agua potable. Desde que se den las condiciones necesarias de seguridad, se autorizar\u00e1 el realojo de esta \u00e1rea de poblaci\u00f3n donde ya no existen riesgos.<\/p>\n<p style=\"text-align: justify;\">En cambio, en el Comit\u00e9 Director se inform\u00f3 que tanto en Puerto Naos como en La Bombilla se siguen registrando niveles muy altos de CO2, asociado al proceso magm\u00e1tico de la erupci\u00f3n, con una acumulaci\u00f3n nociva para la salud. En este sentido, se continuar\u00e1 monitorizando diariamente las mediciones de gases y por el momento no se puede contemplar la apertura de esta zona, lo que impide tambi\u00e9n el acceso a El Remo y Charco Verde.<\/p>\n<p style=\"text-align: justify;\">Hasta la fecha se ha permitido el regreso a las viviendas de residentes de los n\u00facleos poblacionales autorizados hasta el momento, tanto al norte como al sur de la colada y se habilitado la recogida de enseres almacenados en la antigua f\u00e1brica JTI para que las personas puedan recuperar sus pertenencias. En estas zonas liberadas no se han registrado incidencias relevantes y los vecinos est\u00e1n regresando de forma progresiva.<\/p>\n<p style=\"text-align: justify;\">De las personas albergadas en hoteles, hay 140 que podr\u00edan regresar en los pr\u00f3ximos d\u00edas a sus casas, ya que se encuentran en zonas autorizadas. Cuando esto suceda, quedar\u00edan unas 380 personas aproximadamente, en unos casos, pendientes del levantamiento de las restricciones en otras a\u00e9reas, y en otros, por p\u00e9rdida de sus viviendas en la erupci\u00f3n.<\/p>\n<p style=\"text-align: justify;\">En lo que respecta a las carreteras, en el Comit\u00e9 Director se expuso que los trabajos en la carretera de acceso a Puerto Naos est\u00e1n pr\u00f3ximos a finalizar, y se analiz\u00f3 la viabilidad de las obras de recuperaci\u00f3n de la red viaria afectada, trabajos para los que son precisos an\u00e1lisis cient\u00edficos y t\u00e9cnicos para evaluar riesgos asociados en cada v\u00eda, como la temperatura y la altura de las coladas y la posible existencia de lava bajo la superficie, entre otras, lo que demorar\u00e1 la actuaci\u00f3n sobre las v\u00edas de comunicaci\u00f3n.<\/p>\n<p style=\"text-align: justify;\">Estas cuestiones se tratar\u00e1n en una reuni\u00f3n que se celebrar\u00e1 el pr\u00f3ximo lunes en La Palma y en la que participar\u00e1n el director general de Carreteras del Ministerio de Transportes, Movilidad y Agenda Urbana, y el consejero de Obras P\u00fablica, Transportes y Vivienda del Gobierno de Canarias. A este encuentro asistir\u00e1n tambi\u00e9n el presidente del Cabildo de La Palma, los alcaldes de los municipios afectados y representantes del Comit\u00e9 Cient\u00edfico.<\/p>\n<div class=\"pvc_clear\"><\/div>\n<p id=\"pvc_stats_1205\" class=\"pvc_stats all  \" data-element-id=\"1205\" style=\"\"><i class=\"pvc-stats-icon medium\" aria-hidden=\"true\"><svg aria-hidden=\"true\" focusable=\"false\" data-prefix=\"far\" data-icon=\"chart-bar\" role=\"img\" xmlns=\"http:\/\/www.w3.org\/2000\/svg\" viewBox=\"0 0 512 512\" class=\"svg-inline--fa fa-chart-bar fa-w-16 fa-2x\"><path fill=\"currentColor\" d=\"M396.8 352h22.4c6.4 0 12.8-6.4 12.8-12.8V108.8c0-6.4-6.4-12.8-12.8-12.8h-22.4c-6.4 0-12.8 6.4-12.8 12.8v230.4c0 6.4 6.4 12.8 12.8 12.8zm-192 0h22.4c6.4 0 12.8-6.4 12.8-12.8V140.8c0-6.4-6.4-12.8-12.8-12.8h-22.4c-6.4 0-12.8 6.4-12.8 12.8v198.4c0 6.4 6.4 12.8 12.8 12.8zm96 0h22.4c6.4 0 12.8-6.4 12.8-12.8V204.8c0-6.4-6.4-12.8-12.8-12.8h-22.4c-6.4 0-12.8 6.4-12.8 12.8v134.4c0 6.4 6.4 12.8 12.8 12.8zM496 400H48V80c0-8.84-7.16-16-16-16H16C7.16 64 0 71.16 0 80v336c0 17.67 14.33 32 32 32h464c8.84 0 16-7.16 16-16v-16c0-8.84-7.16-16-16-16zm-387.2-48h22.4c6.4 0 12.8-6.4 12.8-12.8v-70.4c0-6.4-6.4-12.8-12.8-12.8h-22.4c-6.4 0-12.8 6.4-12.8 12.8v70.4c0 6.4 6.4 12.8 12.8 12.8z\" class=\"\"><\/path><\/svg><\/i> <\/p>\n<div class=\"pvc_clear\"><\/div>\n<div class=\"print\"><span class=\"page_title\">P\u00e1gina: <span>El Comit\u00e9 Director del PEVOLCA estudiar\u00e1 la pr\u00f3xima semana la posibilidad de nuevos realojos en La Palma<\/span><\/span>\n\t\t\t\t\t\t\t\t\t\t\t<span class=\"stmp_trans_date\">\u00daltima actualizaci\u00f3n: <span>12\/01\/2022 - 16:25:58<\/span><\/span>\n\t\t\t\t\t\t\t\t\t\t\t<span class=\"stmp_trans_date\">Fecha publicaci\u00f3n: <span>12\/01\/2022 - 16:25:58<\/span><\/span>\n\t\t\t\t\t\t\t\t\t\t\t<span class=\"stmp_trans_date\">Fecha creaci\u00f3n: <span>12\/01\/2022 - 16:25:58<\/span><\/span><\/div>","protected":false},"excerpt":{"rendered":"<p>Se intensifican los trabajos de limpieza de cenizas con maquinaria pesada en la parte alta de la colada sur, donde ya no hay riesgos asociados al proceso volc\u00e1nico Puerto Naos y La Bombilla siguen presentando niveles muy altos de acumulaci\u00f3n de gases y por el&#8230;<\/p>\n<div class=\"pvc_clear\"><\/div>\n<p id=\"pvc_stats_1205\" class=\"pvc_stats all  \" data-element-id=\"1205\" style=\"\"><i class=\"pvc-stats-icon medium\" aria-hidden=\"true\"><svg aria-hidden=\"true\" focusable=\"false\" data-prefix=\"far\" data-icon=\"chart-bar\" role=\"img\" xmlns=\"http:\/\/www.w3.org\/2000\/svg\" viewBox=\"0 0 512 512\" class=\"svg-inline--fa fa-chart-bar fa-w-16 fa-2x\"><path fill=\"currentColor\" d=\"M396.8 352h22.4c6.4 0 12.8-6.4 12.8-12.8V108.8c0-6.4-6.4-12.8-12.8-12.8h-22.4c-6.4 0-12.8 6.4-12.8 12.8v230.4c0 6.4 6.4 12.8 12.8 12.8zm-192 0h22.4c6.4 0 12.8-6.4 12.8-12.8V140.8c0-6.4-6.4-12.8-12.8-12.8h-22.4c-6.4 0-12.8 6.4-12.8 12.8v198.4c0 6.4 6.4 12.8 12.8 12.8zm96 0h22.4c6.4 0 12.8-6.4 12.8-12.8V204.8c0-6.4-6.4-12.8-12.8-12.8h-22.4c-6.4 0-12.8 6.4-12.8 12.8v134.4c0 6.4 6.4 12.8 12.8 12.8zM496 400H48V80c0-8.84-7.16-16-16-16H16C7.16 64 0 71.16 0 80v336c0 17.67 14.33 32 32 32h464c8.84 0 16-7.16 16-16v-16c0-8.84-7.16-16-16-16zm-387.2-48h22.4c6.4 0 12.8-6.4 12.8-12.8v-70.4c0-6.4-6.4-12.8-12.8-12.8h-22.4c-6.4 0-12.8 6.4-12.8 12.8v70.4c0 6.4 6.4 12.8 12.8 12.8z\" class=\"\"><\/path><\/svg><\/i> <img loading=\"lazy\" decoding=\"async\" width=\"16\" height=\"16\" alt=\"Loading\" src=\"https:\/\/www.112canarias.com\/112\/wp-content\/plugins\/page-views-count\/ajax-loader-2x.gif\" border=0 \/><\/p>\n<div class=\"pvc_clear\"><\/div>\n","protected":false},"author":1,"featured_media":1615,"comment_status":"open","ping_status":"open","sticky":false,"template":"","format":"standard","meta":{"footnotes":""},"categories":[10],"tags":[],"class_list":["post-1205","post","type-post","status-publish","format-standard","has-post-thumbnail","hentry","category-ultimasnoticas"],"_links":{"self":[{"href":"https:\/\/www.112canarias.com\/112\/wp-json\/wp\/v2\/posts\/1205","targetHints":{"allow":["GET"]}}],"collection":[{"href":"https:\/\/www.112canarias.com\/112\/wp-json\/wp\/v2\/posts"}],"about":[{"href":"https:\/\/www.112canarias.com\/112\/wp-json\/wp\/v2\/types\/post"}],"author":[{"embeddable":true,"href":"https:\/\/www.112canarias.com\/112\/wp-json\/wp\/v2\/users\/1"}],"replies":[{"embeddable":true,"href":"https:\/\/www.112canarias.com\/112\/wp-json\/wp\/v2\/comments?post=1205"}],"version-history":[{"count":0,"href":"https:\/\/www.112canarias.com\/112\/wp-json\/wp\/v2\/posts\/1205\/revisions"}],"wp:featuredmedia":[{"embeddable":true,"href":"https:\/\/www.112canarias.com\/112\/wp-json\/wp\/v2\/media\/1615"}],"wp:attachment":[{"href":"https:\/\/www.112canarias.com\/112\/wp-json\/wp\/v2\/media?parent=1205"}],"wp:term":[{"taxonomy":"category","embeddable":true,"href":"https:\/\/www.112canarias.com\/112\/wp-json\/wp\/v2\/categories?post=1205"},{"taxonomy":"post_tag","embeddable":true,"href":"https:\/\/www.112canarias.com\/112\/wp-json\/wp\/v2\/tags?post=1205"}],"curies":[{"name":"wp","href":"https:\/\/api.w.org\/{rel}","templated":true}]}}