{"id":2529,"date":"2022-07-25T23:26:53","date_gmt":"2022-07-25T23:26:53","guid":{"rendered":"https:\/\/www.112canarias.com\/112\/la-evolucion-favorable-de-las-tareas-de-extincion-del-incendio-permite-el-realojo-de-la-mayoria-de-los-vecinos-evacuados\/"},"modified":"2022-08-01T11:48:59","modified_gmt":"2022-08-01T11:48:59","slug":"la-evolucion-favorable-de-las-tareas-de-extincion-del-incendio-permite-el-realojo-de-la-mayoria-de-los-vecinos-evacuados","status":"publish","type":"post","link":"https:\/\/www.112canarias.com\/112\/la-evolucion-favorable-de-las-tareas-de-extincion-del-incendio-permite-el-realojo-de-la-mayoria-de-los-vecinos-evacuados\/","title":{"rendered":"La evoluci\u00f3n favorable de las tareas de extinci\u00f3n del incendio permite el realojo de la mayor\u00eda de los vecinos evacuados"},"content":{"rendered":"\r\n<p>El consejero Julio P\u00e9rez se\u00f1al\u00f3 que el dispositivo se ha realizado durante la tarde sin incidencias, con la colaboraci\u00f3n de las fuerzas de seguridad<\/p>\r\n<p>La orden de evacuaci\u00f3n solo contin\u00faa vigente para los residentes del Camino del Madro\u00f1o, por su proximidad a la ladera de Tigaiga<\/p>\r\n<p>El incendio sigue estabilizado, pero no controlado y las tareas de extinci\u00f3n a\u00e9reas se han centrado en enfriar puntos calientes y en el flanco del Parque Nacional del Teide<\/p>\r\n<p>Ma\u00f1ana Tenerife estar\u00e1 en alerta por Temperaturas M\u00e1ximas, lo que obliga a redoblar la vigilancia y mantener la prohibici\u00f3n de acceder a los montes de Tenerife<\/p>\r\n<p><strong>El consejero de Administraciones P\u00fablicas, Justicia y Seguridad, Julio P\u00e9rez, anunci\u00f3 esta tarde que, en aplicaci\u00f3n del Plan Especial Plan Especial de Protecci\u00f3n Civil y Atenci\u00f3n de Emergencias por Incendios Forestales en la Comunidad Aut\u00f3noma de Canarias (INFOCA), se ha permitido la vuelta a casa de la mayor\u00eda de los 585 vecinos evacuados el pasado s\u00e1bado.<\/strong><\/p>\r\n<p>En concreto, la orden contempla el realojo de los residentes en Las Arenitas y Cruz del Casta\u00f1o, en el municipio de Los Realejos, y en la calle Or\u00e9gano, en La Orotava, mientras que se mantiene la evacuaci\u00f3n preventiva del Camino del Madro\u00f1o, en Chanajiga, ante la existencia de puntos calientes que podr\u00edan reactivarse. El operativo se ha desarrollado sin incidencias, con la colaboraci\u00f3n de las fuerzas de seguridad.<\/p>\r\n<p>Esta decisi\u00f3n de poner fin a la evacuaci\u00f3n en las zonas mencionadas se toma tras confirmarse que no ha habido avances de la superficie afectada por el incendio en la zona l\u00edmite de la ladera de Tigaiga y que las l\u00edneas de control del incendio que se establecieron han sido eficaces. Adem\u00e1s, no se prev\u00e9 la ejecuci\u00f3n de maniobras t\u00e9cnicas de control que puedan generar situaciones de riesgo para la poblaci\u00f3n.<\/p>\r\n<p>P\u00e9rez indic\u00f3 que el incendio sigue en fase de estabilizado, pero a\u00fan no est\u00e1 controlado. El fuego est\u00e1 contenido, salvo por una peque\u00f1a hendidura que se ha producido en el borde sur que va hacia El Teide, en la zona de La Fortaleza. Esto ha generado un incremento de la superficie afectada entre 100 y 200 hect\u00e1reas, situ\u00e1ndose el total en unas 2.800 y un per\u00edmetro de algo m\u00e1s de 27 kil\u00f3metros de pinar y matorral de alta monta\u00f1a.<\/p>\r\n<p>Para el consejero de Seguridad, \u201choy es un d\u00eda positivo porque se est\u00e1 consolidando el retroceso del incendio\u201d, pero advirti\u00f3 que ma\u00f1ana ser\u00e1 dif\u00edcil porque, a pesar de que el viento se mover\u00e1 en velocidades bajas, las temperaturas ser\u00e1n m\u00e1s elevadas en toda la isla y se reducir\u00e1 la humedad relativa en la zona del incendio.<\/p>\r\n<p>En el mismo sentido se manifest\u00f3 el presidente del Cabildo de Tenerife, Pedro Mart\u00edn, quien destac\u00f3 la vuelta de los evacuados como la gran noticia del d\u00eda y la buena impresi\u00f3n que presentaba la ladera de Tagaiga a \u00faltima hora de la tarde. Pedro Mart\u00edn tambi\u00e9n insisti\u00f3 en que la subida de las temperaturas aumenta el riesgo y pidi\u00f3 un esfuerzo a todos los tinerfe\u00f1os.<\/p>\r\n<p>El \u00fanico punto activo durante la tarde se situ\u00f3 en el flanco del Parque Nacional del Teide, donde han actuado los medios a\u00e9reos de mayor carga de agua, el hidroavi\u00f3n y el Kamov. En el resto del per\u00edmetro se ha trabajado en enfriar los puntos calientes para evitar que se reactivaran, especialmente en la ladera de Tigaiga.<\/p>\r\n<p>Las previsiones meteorol\u00f3gicas empeoran ma\u00f1ana y Tenerife estar\u00e1 en alerta por Temperaturas M\u00e1ximas, lo que supone un escenario desfavorable para las tareas de extinci\u00f3n del incendio y obliga a redoblar la vigilancia y a mantener la prohibici\u00f3n de acceso a los montes de la isla.<\/p>\r\n<p>La directora t\u00e9cnica del INFOCA, Monserrat Rom\u00e1n, explic\u00f3 que esta noche trabajar\u00e1n sobre el terreno m\u00e1s de un centenar de combatientes y por la ma\u00f1ana el operativo alcanzar\u00e1 los 150 efectivos, a los que hay que sumar el dispositivo de seguridad, sanitario, protecci\u00f3n civil y log\u00edstica.<\/p>\r\n<p>Para ma\u00f1ana se mantienen los 11 medios a\u00e9reos, uno de ellos de coordinaci\u00f3n. Aunque en el d\u00eda de hoy uno de los hidroaviones ha tenido un problema t\u00e9cnico y no ha podido operar, se reincorpora ma\u00f1ana.<\/p>\r\n<p>Por su parte, Pedro Mart\u00ednez, director de extinci\u00f3n, se\u00f1al\u00f3 que los trabajos en el d\u00eda de hoy se han centrado en la vigilancia activa del incendio y en la consolidaci\u00f3n de las l\u00edneas creadas, y que los medios a\u00e9reos se han dedicado a enfriar los focos de Tigaiga y a evitar las reproducciones en la zona alta.<\/p>\r\n<p>A pesar de la mejor\u00eda de la situaci\u00f3n, Mart\u00ednez insisti\u00f3 en que el incendio est\u00e1 activo y puede haber carreras, tal como sucedi\u00f3 hoy en La Fortaleza. Por eso, los medios a\u00e9reos m\u00e1s pesados se han dedicado a trabajar en la parte alta, disminuyendo la intensidad de esos frentes para que llegue con menos fuerza.<\/p>\r\n<p><strong>NOTA: <\/strong><\/p>\r\n<p>Descarga de material audiovisual y audio en el siguiente enlace:<\/p>\r\n<p><a href=\"https:\/\/www.acfipress.com\/tv\/2022-07-25\/incendio-realejos-reunion-tecnica-en-horario-de-tarde-sobre-la-extincion-del-incendio-forestal-en-el-norte-de-tenerife\">https:\/\/www.acfipress.com\/tv\/2022-07-25\/incendio-realejos-reunion-tecnica-en-horario-de-tarde-sobre-la-extincion-del-incendio-forestal-en-el-norte-de-tenerife<\/a><\/p>\r\n<div class=\"pvc_clear\">\u00a0<\/div>\r\n<p>&nbsp;<\/p>\r\n<div class=\"pvc_clear\"><\/div><p id=\"pvc_stats_2529\" class=\"pvc_stats all  \" data-element-id=\"2529\" style=\"\"><i class=\"pvc-stats-icon medium\" aria-hidden=\"true\"><svg aria-hidden=\"true\" focusable=\"false\" data-prefix=\"far\" data-icon=\"chart-bar\" role=\"img\" xmlns=\"http:\/\/www.w3.org\/2000\/svg\" viewBox=\"0 0 512 512\" class=\"svg-inline--fa fa-chart-bar fa-w-16 fa-2x\"><path fill=\"currentColor\" d=\"M396.8 352h22.4c6.4 0 12.8-6.4 12.8-12.8V108.8c0-6.4-6.4-12.8-12.8-12.8h-22.4c-6.4 0-12.8 6.4-12.8 12.8v230.4c0 6.4 6.4 12.8 12.8 12.8zm-192 0h22.4c6.4 0 12.8-6.4 12.8-12.8V140.8c0-6.4-6.4-12.8-12.8-12.8h-22.4c-6.4 0-12.8 6.4-12.8 12.8v198.4c0 6.4 6.4 12.8 12.8 12.8zm96 0h22.4c6.4 0 12.8-6.4 12.8-12.8V204.8c0-6.4-6.4-12.8-12.8-12.8h-22.4c-6.4 0-12.8 6.4-12.8 12.8v134.4c0 6.4 6.4 12.8 12.8 12.8zM496 400H48V80c0-8.84-7.16-16-16-16H16C7.16 64 0 71.16 0 80v336c0 17.67 14.33 32 32 32h464c8.84 0 16-7.16 16-16v-16c0-8.84-7.16-16-16-16zm-387.2-48h22.4c6.4 0 12.8-6.4 12.8-12.8v-70.4c0-6.4-6.4-12.8-12.8-12.8h-22.4c-6.4 0-12.8 6.4-12.8 12.8v70.4c0 6.4 6.4 12.8 12.8 12.8z\" class=\"\"><\/path><\/svg><\/i> <\/p><div class=\"pvc_clear\"><\/div><div class=\"print\"><span class=\"page_title\">P\u00e1gina: <span>La evoluci\u00f3n favorable de las tareas de extinci\u00f3n del incendio permite el realojo de la mayor\u00eda de los vecinos evacuados<\/span><\/span>\n\t\t\t\t\t\t\t\t\t\t\t<span class=\"stmp_trans_date\">\u00daltima actualizaci\u00f3n: <span>01\/08\/2022 - 11:48:59<\/span><\/span>\n\t\t\t\t\t\t\t\t\t\t\t<span class=\"stmp_trans_date\">Fecha publicaci\u00f3n: <span>25\/07\/2022 - 23:26:53<\/span><\/span>\n\t\t\t\t\t\t\t\t\t\t\t<span class=\"stmp_trans_date\">Fecha creaci\u00f3n: <span>25\/07\/2022 - 23:26:53<\/span><\/span><\/div>","protected":false},"excerpt":{"rendered":"<p>El consejero Julio P\u00e9rez se\u00f1al\u00f3 que el dispositivo se ha realizado durante la tarde sin incidencias, con la colaboraci\u00f3n de las fuerzas de seguridad La orden de evacuaci\u00f3n solo contin\u00faa vigente para los residentes del Camino del Madro\u00f1o, por su proximidad a la ladera de&#8230;<\/p>\n<div class=\"pvc_clear\"><\/div>\n<p id=\"pvc_stats_2529\" class=\"pvc_stats all  \" data-element-id=\"2529\" style=\"\"><i class=\"pvc-stats-icon medium\" aria-hidden=\"true\"><svg aria-hidden=\"true\" focusable=\"false\" data-prefix=\"far\" data-icon=\"chart-bar\" role=\"img\" xmlns=\"http:\/\/www.w3.org\/2000\/svg\" viewBox=\"0 0 512 512\" class=\"svg-inline--fa fa-chart-bar fa-w-16 fa-2x\"><path fill=\"currentColor\" d=\"M396.8 352h22.4c6.4 0 12.8-6.4 12.8-12.8V108.8c0-6.4-6.4-12.8-12.8-12.8h-22.4c-6.4 0-12.8 6.4-12.8 12.8v230.4c0 6.4 6.4 12.8 12.8 12.8zm-192 0h22.4c6.4 0 12.8-6.4 12.8-12.8V140.8c0-6.4-6.4-12.8-12.8-12.8h-22.4c-6.4 0-12.8 6.4-12.8 12.8v198.4c0 6.4 6.4 12.8 12.8 12.8zm96 0h22.4c6.4 0 12.8-6.4 12.8-12.8V204.8c0-6.4-6.4-12.8-12.8-12.8h-22.4c-6.4 0-12.8 6.4-12.8 12.8v134.4c0 6.4 6.4 12.8 12.8 12.8zM496 400H48V80c0-8.84-7.16-16-16-16H16C7.16 64 0 71.16 0 80v336c0 17.67 14.33 32 32 32h464c8.84 0 16-7.16 16-16v-16c0-8.84-7.16-16-16-16zm-387.2-48h22.4c6.4 0 12.8-6.4 12.8-12.8v-70.4c0-6.4-6.4-12.8-12.8-12.8h-22.4c-6.4 0-12.8 6.4-12.8 12.8v70.4c0 6.4 6.4 12.8 12.8 12.8z\" class=\"\"><\/path><\/svg><\/i> <img loading=\"lazy\" decoding=\"async\" width=\"16\" height=\"16\" alt=\"Loading\" src=\"https:\/\/www.112canarias.com\/112\/wp-content\/plugins\/page-views-count\/ajax-loader-2x.gif\" border=0 \/><\/p>\n<div class=\"pvc_clear\"><\/div>\n","protected":false},"author":5,"featured_media":2530,"comment_status":"open","ping_status":"open","sticky":false,"template":"","format":"standard","meta":{"footnotes":""},"categories":[9],"tags":[],"class_list":["post-2529","post","type-post","status-publish","format-standard","has-post-thumbnail","hentry","category-noticias"],"_links":{"self":[{"href":"https:\/\/www.112canarias.com\/112\/wp-json\/wp\/v2\/posts\/2529","targetHints":{"allow":["GET"]}}],"collection":[{"href":"https:\/\/www.112canarias.com\/112\/wp-json\/wp\/v2\/posts"}],"about":[{"href":"https:\/\/www.112canarias.com\/112\/wp-json\/wp\/v2\/types\/post"}],"author":[{"embeddable":true,"href":"https:\/\/www.112canarias.com\/112\/wp-json\/wp\/v2\/users\/5"}],"replies":[{"embeddable":true,"href":"https:\/\/www.112canarias.com\/112\/wp-json\/wp\/v2\/comments?post=2529"}],"version-history":[{"count":2,"href":"https:\/\/www.112canarias.com\/112\/wp-json\/wp\/v2\/posts\/2529\/revisions"}],"predecessor-version":[{"id":2594,"href":"https:\/\/www.112canarias.com\/112\/wp-json\/wp\/v2\/posts\/2529\/revisions\/2594"}],"wp:featuredmedia":[{"embeddable":true,"href":"https:\/\/www.112canarias.com\/112\/wp-json\/wp\/v2\/media\/2530"}],"wp:attachment":[{"href":"https:\/\/www.112canarias.com\/112\/wp-json\/wp\/v2\/media?parent=2529"}],"wp:term":[{"taxonomy":"category","embeddable":true,"href":"https:\/\/www.112canarias.com\/112\/wp-json\/wp\/v2\/categories?post=2529"},{"taxonomy":"post_tag","embeddable":true,"href":"https:\/\/www.112canarias.com\/112\/wp-json\/wp\/v2\/tags?post=2529"}],"curies":[{"name":"wp","href":"https:\/\/api.w.org\/{rel}","templated":true}]}}