{"id":2964,"date":"2022-10-21T18:45:44","date_gmt":"2022-10-21T18:45:44","guid":{"rendered":"https:\/\/www.112canarias.com\/112\/el-gobierno-aborda-la-accesibilidad-al-sistema-de-emergencias-de-las-personas-con-diversidad-funcional\/"},"modified":"2022-10-21T18:45:44","modified_gmt":"2022-10-21T18:45:44","slug":"el-gobierno-aborda-la-accesibilidad-al-sistema-de-emergencias-de-las-personas-con-diversidad-funcional","status":"publish","type":"post","link":"https:\/\/www.112canarias.com\/112\/el-gobierno-aborda-la-accesibilidad-al-sistema-de-emergencias-de-las-personas-con-diversidad-funcional\/","title":{"rendered":"El Gobierno aborda la accesibilidad al sistema de emergencias de las personas con diversidad funcional"},"content":{"rendered":"<p>La Direcci\u00f3n General de Seguridad y Emergencias y el I-1-2 Canarias participan en unas jornadas, organizadas por Funcasor, sobre el presente y futuro de la sordera y las situaciones de emergencia<\/p>\n<p>Destaca la formaci\u00f3n b\u00e1sica en lenguaje de signos que reciben los polic\u00edas de nuevo ingreso, as\u00ed como los cursos en este lenguaje adaptado a situaciones de emergencia que se imparten anualmente a Bomberos y Protecci\u00f3n Civil<\/p>\n<p>El 1-1-2 contin\u00faa incorporando novedades en el aspecto tecnol\u00f3gico sobre la localizaci\u00f3n de llamadas de emergencia y la mejora de la accesibilidad para este colectivo<\/p>\n<p><strong>La Direcci\u00f3n General de Seguridad y Emergencias, centro adscrito a la Consejer\u00eda de Administraciones P\u00fablicas, Justicia y Seguridad del Gobierno de Canarias, que dirige Julio P\u00e9rez, ha abordado este jueves la accesibilidad al sistema de emergencias de las personas con diversidad funcional, durante las Jornadas sobre el presente y futuro de la sordera y las situaciones de emergencia.<\/strong><\/p>\n<p>Este encuentro, organizado por la Fundaci\u00f3n Canaria para las Personas con Sordera y sus Familias (Funcasor), ha sido inaugurado por el director general, Gustavo Armas, en Las Palmas de Gran Canaria, y ha contado con la participaci\u00f3n de la jefa del Servicio de Protecci\u00f3n Civil y Atenci\u00f3n de Emergencias, Montserrat Rom\u00e1n, y el director del Centro Coordinador de Emergencias y Seguridad (CECOES) 1-1-2 de Canarias, Mois\u00e9s S\u00e1nchez.<\/p>\n<p>Desde el Gobierno de Canarias se ha impulsado, seg\u00fan ha explicado Gustavo Armas, la incorporaci\u00f3n del lenguaje de signos en las comunicaciones de Protecci\u00f3n Civil a la poblaci\u00f3n, tanto en las redes sociales como en las ruedas de prensa en situaci\u00f3n de emergencia. Gracias a la colaboraci\u00f3n con las principales fundaciones y asociaciones de Canarias, Funcasor y Fasican, ha sido posible emprender nuevas l\u00edneas de trabajo inclusivas de este colectivo para mejorar la difusi\u00f3n de las declaraciones de alertas y los mensajes de autoprotecci\u00f3n a la poblaci\u00f3n, en especial, a las personas con dificultades auditivas y de locuci\u00f3n, personas sordas y personas invidentes.<\/p>\n<p>En este sentido, la Direcci\u00f3n General de Seguridad y Emergencias ha destacado tambi\u00e9n la formaci\u00f3n b\u00e1sica en lenguaje de signos que reciben los polic\u00edas de nuevo ingreso, as\u00ed como los cursos en este lenguaje adaptado a situaciones de emergencia que se imparten anualmente a Bomberos y Protecci\u00f3n Civil.<\/p>\n<p>Por su parte, el 1-1-2 Canarias contin\u00faa incorporando novedades en el aspecto tecnol\u00f3gico sobre la localizaci\u00f3n de llamadas de emergencia y la mejora en la accesibilidad para personas con diversidad funcional, aportando accesos alternativos a trav\u00e9s de SMS y aplicaciones (App), en el marco del C\u00f3digo Europeo de las Comunicaciones Electr\u00f3nicas.<\/p>\n<p>Sobre la accesibilidad para personas con diversidad funcional, el 1-1-2 Canarias cuenta desde hace 10 a\u00f1os con un acceso alternativo al 1-1-2 para personas sordas o con discapacidad auditiva mediante SMS, el Sistema Online de Mensajer\u00eda Urgente (SOMU),\u00a0 que est\u00e1 operativo las 24 horas al d\u00eda, los 365 d\u00edas del a\u00f1o, y opera exclusivamente en el \u00e1mbito de la Comunidad Aut\u00f3noma de Canarias asegurando un acceso igualitario al 1-1-2 para personas con discapacidad o que por alguna raz\u00f3n no pudieran acceder por voz.<\/p>\n<p>Tambi\u00e9n se cuenta con el acceso al servicio SVisual como mecanismo de acceso a los servicios 1-1-2 de todas las comunidades aut\u00f3nomas para las personas sordas o con dificultades auditivas o de locuci\u00f3n habilitado por la Direcci\u00f3n General de Protecci\u00f3n Civil y Emergencias de Espa\u00f1a. De este modo, se dispone de un acceso al 1-1-2 equivalente al del resto de la poblaci\u00f3n mediante un servicio de intermediaci\u00f3n por videoconferencia con un int\u00e9rprete de lengua de signos. Asimismo, SVisual contactar\u00e1 con los 1-1-2 para notificar emergencias de los usuarios de este sistema.<\/p>\n<p>En esta l\u00ednea, la nueva App denominada 1-1-2 Canarias Accesible, que estar\u00e1 disponible pr\u00f3ximamente, permitir\u00e1 el env\u00edo de datos (audio, im\u00e1genes, video) al CECOES 1-1-2 y optimizar\u00e1 la localizaci\u00f3n de los incidentes. Esta herramienta ser\u00e1 gratuita, estar\u00e1 disponible tanto para Android como para IOS y mejorar\u00e1 la comunicaci\u00f3n con el 1-1-2 Canarias mediante una llamada telef\u00f3nica al CECOES 1-1-2, que incorpora la posici\u00f3n GPS. En el caso de que no se pueda hablar, mediante un aviso sin voz, ser\u00e1 posible utilizar iconos para seleccionar el tipo de emergencia y un chat de texto (con traducci\u00f3n simult\u00e1nea si el idioma de tu tel\u00e9fono es distinto al espa\u00f1ol). Adem\u00e1s, permitir\u00e1 recibir avisos con informaci\u00f3n de emergencias destacables que se est\u00e1n produciendo en la Comunidad Aut\u00f3noma de Canarias.<\/p>\n<p>En estas jornadas se ha hecho tambi\u00e9n un llamamiento para que las administraciones p\u00fablicas, CECOES 1-1-2 y medios de comunicaci\u00f3n contin\u00faen trabajando para facilitar el acceso de las personas con diversidad funcional a los servicios de emergencia y a los mensajes de autoprotecci\u00f3n que se preparan antes y durante las emergencias.<\/p>\n<div class=\"pvc_clear\"><\/div>\n<p class=\"pvc_stats all \"> \u00a04\u00a0total views, \u00a04\u00a0views today<\/p>\n<div class=\"pvc_clear\"><\/div>\n<p><a class=\"a2a_button_facebook\" href=\"https:\/\/www.addtoany.com\/add_to\/facebook?linkurl=https%3A%2F%2Fwww.gsccanarias.com%2Fgsc%2Fel-gobierno-aborda-la-accesibilidad-al-sistema-de-emergencias-de-las-personas-con-diversidad-funcional%2F&amp;linkname=El%20Gobierno%20aborda%20la%20accesibilidad%20al%20sistema%20de%20emergencias%20de%20las%20personas%20con%20diversidad%20funcional\" title=\"Facebook\" target=\"_blank\" rel=\"noopener\"><\/a><a class=\"a2a_button_twitter\" href=\"https:\/\/www.addtoany.com\/add_to\/twitter?linkurl=https%3A%2F%2Fwww.gsccanarias.com%2Fgsc%2Fel-gobierno-aborda-la-accesibilidad-al-sistema-de-emergencias-de-las-personas-con-diversidad-funcional%2F&amp;linkname=El%20Gobierno%20aborda%20la%20accesibilidad%20al%20sistema%20de%20emergencias%20de%20las%20personas%20con%20diversidad%20funcional\" title=\"Twitter\" target=\"_blank\" rel=\"noopener\"><\/a><a class=\"a2a_button_email\" href=\"https:\/\/www.addtoany.com\/add_to\/email?linkurl=https%3A%2F%2Fwww.gsccanarias.com%2Fgsc%2Fel-gobierno-aborda-la-accesibilidad-al-sistema-de-emergencias-de-las-personas-con-diversidad-funcional%2F&amp;linkname=El%20Gobierno%20aborda%20la%20accesibilidad%20al%20sistema%20de%20emergencias%20de%20las%20personas%20con%20diversidad%20funcional\" title=\"Email\" target=\"_blank\" rel=\"noopener\"><\/a><a class=\"a2a_button_linkedin\" href=\"https:\/\/www.addtoany.com\/add_to\/linkedin?linkurl=https%3A%2F%2Fwww.gsccanarias.com%2Fgsc%2Fel-gobierno-aborda-la-accesibilidad-al-sistema-de-emergencias-de-las-personas-con-diversidad-funcional%2F&amp;linkname=El%20Gobierno%20aborda%20la%20accesibilidad%20al%20sistema%20de%20emergencias%20de%20las%20personas%20con%20diversidad%20funcional\" title=\"LinkedIn\" target=\"_blank\" rel=\"noopener\"><\/a><a class=\"a2a_button_whatsapp\" href=\"https:\/\/www.addtoany.com\/add_to\/whatsapp?linkurl=https%3A%2F%2Fwww.gsccanarias.com%2Fgsc%2Fel-gobierno-aborda-la-accesibilidad-al-sistema-de-emergencias-de-las-personas-con-diversidad-funcional%2F&amp;linkname=El%20Gobierno%20aborda%20la%20accesibilidad%20al%20sistema%20de%20emergencias%20de%20las%20personas%20con%20diversidad%20funcional\" title=\"WhatsApp\" target=\"_blank\" rel=\"noopener\"><\/a><a class=\"a2a_button_google_gmail\" href=\"https:\/\/www.addtoany.com\/add_to\/google_gmail?linkurl=https%3A%2F%2Fwww.gsccanarias.com%2Fgsc%2Fel-gobierno-aborda-la-accesibilidad-al-sistema-de-emergencias-de-las-personas-con-diversidad-funcional%2F&amp;linkname=El%20Gobierno%20aborda%20la%20accesibilidad%20al%20sistema%20de%20emergencias%20de%20las%20personas%20con%20diversidad%20funcional\" title=\"Gmail\" target=\"_blank\" rel=\"noopener\"><\/a><a class=\"a2a_button_telegram\" href=\"https:\/\/www.addtoany.com\/add_to\/telegram?linkurl=https%3A%2F%2Fwww.gsccanarias.com%2Fgsc%2Fel-gobierno-aborda-la-accesibilidad-al-sistema-de-emergencias-de-las-personas-con-diversidad-funcional%2F&amp;linkname=El%20Gobierno%20aborda%20la%20accesibilidad%20al%20sistema%20de%20emergencias%20de%20las%20personas%20con%20diversidad%20funcional\" title=\"Telegram\" target=\"_blank\" rel=\"noopener\"><\/a><a class=\"a2a_dd addtoany_share_save addtoany_share\" href=\"https:\/\/www.addtoany.com\/share#url=https%3A%2F%2Fwww.gsccanarias.com%2Fgsc%2Fel-gobierno-aborda-la-accesibilidad-al-sistema-de-emergencias-de-las-personas-con-diversidad-funcional%2F&amp;title=El%20Gobierno%20aborda%20la%20accesibilidad%20al%20sistema%20de%20emergencias%20de%20las%20personas%20con%20diversidad%20funcional\"><\/a><\/p><div class=\"pvc_clear\"><\/div><p id=\"pvc_stats_2964\" class=\"pvc_stats all  \" data-element-id=\"2964\" style=\"\"><i class=\"pvc-stats-icon medium\" aria-hidden=\"true\"><svg aria-hidden=\"true\" focusable=\"false\" data-prefix=\"far\" data-icon=\"chart-bar\" role=\"img\" xmlns=\"http:\/\/www.w3.org\/2000\/svg\" viewBox=\"0 0 512 512\" class=\"svg-inline--fa fa-chart-bar fa-w-16 fa-2x\"><path fill=\"currentColor\" d=\"M396.8 352h22.4c6.4 0 12.8-6.4 12.8-12.8V108.8c0-6.4-6.4-12.8-12.8-12.8h-22.4c-6.4 0-12.8 6.4-12.8 12.8v230.4c0 6.4 6.4 12.8 12.8 12.8zm-192 0h22.4c6.4 0 12.8-6.4 12.8-12.8V140.8c0-6.4-6.4-12.8-12.8-12.8h-22.4c-6.4 0-12.8 6.4-12.8 12.8v198.4c0 6.4 6.4 12.8 12.8 12.8zm96 0h22.4c6.4 0 12.8-6.4 12.8-12.8V204.8c0-6.4-6.4-12.8-12.8-12.8h-22.4c-6.4 0-12.8 6.4-12.8 12.8v134.4c0 6.4 6.4 12.8 12.8 12.8zM496 400H48V80c0-8.84-7.16-16-16-16H16C7.16 64 0 71.16 0 80v336c0 17.67 14.33 32 32 32h464c8.84 0 16-7.16 16-16v-16c0-8.84-7.16-16-16-16zm-387.2-48h22.4c6.4 0 12.8-6.4 12.8-12.8v-70.4c0-6.4-6.4-12.8-12.8-12.8h-22.4c-6.4 0-12.8 6.4-12.8 12.8v70.4c0 6.4 6.4 12.8 12.8 12.8z\" class=\"\"><\/path><\/svg><\/i> <\/p><div class=\"pvc_clear\"><\/div><div class=\"print\"><span class=\"page_title\">P\u00e1gina: <span>El Gobierno aborda la accesibilidad al sistema de emergencias de las personas con diversidad funcional<\/span><\/span>\n\t\t\t\t\t\t\t\t\t\t\t<span class=\"stmp_trans_date\">\u00daltima actualizaci\u00f3n: <span>21\/10\/2022 - 18:45:44<\/span><\/span>\n\t\t\t\t\t\t\t\t\t\t\t<span class=\"stmp_trans_date\">Fecha publicaci\u00f3n: <span>21\/10\/2022 - 18:45:44<\/span><\/span>\n\t\t\t\t\t\t\t\t\t\t\t<span class=\"stmp_trans_date\">Fecha creaci\u00f3n: <span>21\/10\/2022 - 18:45:44<\/span><\/span><\/div>","protected":false},"excerpt":{"rendered":"<p>La Direcci\u00f3n General de Seguridad y Emergencias y el I-1-2 Canarias participan en unas jornadas, organizadas por Funcasor, sobre el presente y futuro de la sordera y las situaciones de emergencia Destaca la formaci\u00f3n b\u00e1sica en lenguaje de signos que reciben los polic\u00edas de nuevo&#8230;<\/p>\n<div class=\"pvc_clear\"><\/div>\n<p id=\"pvc_stats_2964\" class=\"pvc_stats all  \" data-element-id=\"2964\" style=\"\"><i class=\"pvc-stats-icon medium\" aria-hidden=\"true\"><svg aria-hidden=\"true\" focusable=\"false\" data-prefix=\"far\" data-icon=\"chart-bar\" role=\"img\" xmlns=\"http:\/\/www.w3.org\/2000\/svg\" viewBox=\"0 0 512 512\" class=\"svg-inline--fa fa-chart-bar fa-w-16 fa-2x\"><path fill=\"currentColor\" d=\"M396.8 352h22.4c6.4 0 12.8-6.4 12.8-12.8V108.8c0-6.4-6.4-12.8-12.8-12.8h-22.4c-6.4 0-12.8 6.4-12.8 12.8v230.4c0 6.4 6.4 12.8 12.8 12.8zm-192 0h22.4c6.4 0 12.8-6.4 12.8-12.8V140.8c0-6.4-6.4-12.8-12.8-12.8h-22.4c-6.4 0-12.8 6.4-12.8 12.8v198.4c0 6.4 6.4 12.8 12.8 12.8zm96 0h22.4c6.4 0 12.8-6.4 12.8-12.8V204.8c0-6.4-6.4-12.8-12.8-12.8h-22.4c-6.4 0-12.8 6.4-12.8 12.8v134.4c0 6.4 6.4 12.8 12.8 12.8zM496 400H48V80c0-8.84-7.16-16-16-16H16C7.16 64 0 71.16 0 80v336c0 17.67 14.33 32 32 32h464c8.84 0 16-7.16 16-16v-16c0-8.84-7.16-16-16-16zm-387.2-48h22.4c6.4 0 12.8-6.4 12.8-12.8v-70.4c0-6.4-6.4-12.8-12.8-12.8h-22.4c-6.4 0-12.8 6.4-12.8 12.8v70.4c0 6.4 6.4 12.8 12.8 12.8z\" class=\"\"><\/path><\/svg><\/i> <img loading=\"lazy\" decoding=\"async\" width=\"16\" height=\"16\" alt=\"Loading\" src=\"https:\/\/www.112canarias.com\/112\/wp-content\/plugins\/page-views-count\/ajax-loader-2x.gif\" border=0 \/><\/p>\n<div class=\"pvc_clear\"><\/div>\n","protected":false},"author":0,"featured_media":2965,"comment_status":"open","ping_status":"open","sticky":false,"template":"","format":"standard","meta":{"footnotes":""},"categories":[9],"tags":[],"class_list":["post-2964","post","type-post","status-publish","format-standard","has-post-thumbnail","hentry","category-noticias"],"_links":{"self":[{"href":"https:\/\/www.112canarias.com\/112\/wp-json\/wp\/v2\/posts\/2964","targetHints":{"allow":["GET"]}}],"collection":[{"href":"https:\/\/www.112canarias.com\/112\/wp-json\/wp\/v2\/posts"}],"about":[{"href":"https:\/\/www.112canarias.com\/112\/wp-json\/wp\/v2\/types\/post"}],"replies":[{"embeddable":true,"href":"https:\/\/www.112canarias.com\/112\/wp-json\/wp\/v2\/comments?post=2964"}],"version-history":[{"count":0,"href":"https:\/\/www.112canarias.com\/112\/wp-json\/wp\/v2\/posts\/2964\/revisions"}],"wp:featuredmedia":[{"embeddable":true,"href":"https:\/\/www.112canarias.com\/112\/wp-json\/wp\/v2\/media\/2965"}],"wp:attachment":[{"href":"https:\/\/www.112canarias.com\/112\/wp-json\/wp\/v2\/media?parent=2964"}],"wp:term":[{"taxonomy":"category","embeddable":true,"href":"https:\/\/www.112canarias.com\/112\/wp-json\/wp\/v2\/categories?post=2964"},{"taxonomy":"post_tag","embeddable":true,"href":"https:\/\/www.112canarias.com\/112\/wp-json\/wp\/v2\/tags?post=2964"}],"curies":[{"name":"wp","href":"https:\/\/api.w.org\/{rel}","templated":true}]}}