{"id":4949,"date":"2023-08-28T13:36:26","date_gmt":"2023-08-28T13:36:26","guid":{"rendered":"https:\/\/www.112canarias.com\/112\/el-incendio-forestal-de-tenerife-baja-a-nivel-1-del-infoca-y-se-mantiene-estabilizado\/"},"modified":"2023-08-28T13:36:26","modified_gmt":"2023-08-28T13:36:26","slug":"el-incendio-forestal-de-tenerife-baja-a-nivel-1-del-infoca-y-se-mantiene-estabilizado","status":"publish","type":"post","link":"https:\/\/www.112canarias.com\/112\/el-incendio-forestal-de-tenerife-baja-a-nivel-1-del-infoca-y-se-mantiene-estabilizado\/","title":{"rendered":"El incendio forestal de Tenerife baja a nivel 1 del INFOCA y se mantiene estabilizado"},"content":{"rendered":"<p>El Cabildo asume desde hoy la direcci\u00f3n de la emergencia y la comunicaci\u00f3n a la poblaci\u00f3n<\/p>\n<p>No se han producido da\u00f1os personales ni materiales de consideraci\u00f3n en la viviendas e infraestructuras<\/p>\n<p>La direcci\u00f3n del Plan ha indicado el repliegue de los efectivos del Estado<\/p>\n<p><strong>El consejero de Pol\u00edtica Territorial, Cohesi\u00f3n Territorial y Agua, Manuel Miranda, responsable de Emergencias, anunci\u00f3 hoy que la evoluci\u00f3n del incendio de Tenerife permite actualizar la situaci\u00f3n del riesgo a Emergencia Nivel 1, tal y como establece el Plan Especial de Protecci\u00f3n Civil y Atenci\u00f3n de Emergencias por Incendios Forestales en la Comunidad Aut\u00f3noma de Canarias (INFOCA).<\/strong><\/p>\n<p>Esta decisi\u00f3n se toma a propuesta del director t\u00e9cnico del Plan INFOCA, tras las consultas y deliberaciones del comit\u00e9 asesor y direcci\u00f3n de extinci\u00f3n. A partir de este momento, el Cabildo de Tenerife asume la direcci\u00f3n de la emergencia, la intervenci\u00f3n de los recursos y la comunicaci\u00f3n a la poblaci\u00f3n.<\/p>\n<p>El incendio contin\u00faa en fase de estabilizado desde el pasado 24 de agosto, lo que significa que evoluciona dentro de las l\u00edneas de control establecidas, seg\u00fan las previsiones y que las labores de extinci\u00f3n se dirigen hacia su control.<\/p>\n<p>Ante esta situaci\u00f3n favorable, la direcci\u00f3n del Plan ha indicado que en los \u00faltimos d\u00edas se ha iniciado el repliegue de los medios terrestres y a\u00e9reos del Estado, entre ellos, los hidroaviones del Ministerio de Transici\u00f3n Ecol\u00f3gica y Reto Demogr\u00e1fico (Miteco), los efectivos de la Unidad Militar de Emergencias (UME), as\u00ed como las brigadas forestales BRIFOR.<\/p>\n<p>Este incendio se inici\u00f3 a las 23:36 horas del martes 15 de agosto en las inmediaciones de la carretera TF-523, entre los municipios de Arafo y Candelaria, y durante la madrugada, debido a la dimensi\u00f3n del mismo, el Cabildo solicit\u00f3 el paso a nivel 2 de gravedad en aplicaci\u00f3n del INFOCA asumiendo la direcci\u00f3n de la emergencia el Gobierno de Canarias.<\/p>\n<p>La superficie afectada asciende a 14.751 hect\u00e1reas distribuidas en doce municipios (La Orotava, Candelaria, Arafo, Santa \u00darsula, Los Realejos, G\u00fc\u00edmar, La Victoria, El Rosario, El Sauzal, Fasnia, Tacoronte y La Matanza) y un per\u00edmetro de 90 km.<\/p>\n<p>En el operativo de extinci\u00f3n han participado 22 aeronaves que han realizado, hasta el momento, \u00a0un total 7.277 descargas en las que se han empleado 13.103.700 litros de agua, y m\u00e1s de 600 efectivos terrestres entre equipos de intervenci\u00f3n, seguridad, log\u00edstica y voluntarios.<\/p>\n<p>M\u00e1s de 13.000 personas fueron evacuadas a lo largo de los d\u00edas que dur\u00f3 la lucha m\u00e1s intensa contra el fuego, de las cuales 1.300 hicieron uso de los 10 albergues habilitados por los ayuntamientos. Asimismo, 473 animales fueron acogidos en diferentes centros.<\/p>\n<div class=\"pvc_clear\"><\/div>\n<p class=\"pvc_stats all  \">\n<div class=\"pvc_clear\"><\/div><p><a class=\"a2a_button_facebook\" href=\"https:\/\/www.addtoany.com\/add_to\/facebook?linkurl=https%3A%2F%2Fwww.gsccanarias.com%2Fgsc%2Fel-incendio-forestal-de-tenerife-baja-a-nivel-1-del-infoca-y-se-mantiene-estabilizado%2F&amp;linkname=El%20incendio%20forestal%20de%20Tenerife%20baja%20a%20nivel%201%20del%20INFOCA%20y%20se%20mantiene%20estabilizado\" title=\"Facebook\" target=\"_blank\" rel=\"noopener\"><\/a><a class=\"a2a_button_twitter\" href=\"https:\/\/www.addtoany.com\/add_to\/twitter?linkurl=https%3A%2F%2Fwww.gsccanarias.com%2Fgsc%2Fel-incendio-forestal-de-tenerife-baja-a-nivel-1-del-infoca-y-se-mantiene-estabilizado%2F&amp;linkname=El%20incendio%20forestal%20de%20Tenerife%20baja%20a%20nivel%201%20del%20INFOCA%20y%20se%20mantiene%20estabilizado\" title=\"Twitter\" target=\"_blank\" rel=\"noopener\"><\/a><a class=\"a2a_button_email\" href=\"https:\/\/www.addtoany.com\/add_to\/email?linkurl=https%3A%2F%2Fwww.gsccanarias.com%2Fgsc%2Fel-incendio-forestal-de-tenerife-baja-a-nivel-1-del-infoca-y-se-mantiene-estabilizado%2F&amp;linkname=El%20incendio%20forestal%20de%20Tenerife%20baja%20a%20nivel%201%20del%20INFOCA%20y%20se%20mantiene%20estabilizado\" title=\"Email\" target=\"_blank\" rel=\"noopener\"><\/a><a class=\"a2a_button_linkedin\" href=\"https:\/\/www.addtoany.com\/add_to\/linkedin?linkurl=https%3A%2F%2Fwww.gsccanarias.com%2Fgsc%2Fel-incendio-forestal-de-tenerife-baja-a-nivel-1-del-infoca-y-se-mantiene-estabilizado%2F&amp;linkname=El%20incendio%20forestal%20de%20Tenerife%20baja%20a%20nivel%201%20del%20INFOCA%20y%20se%20mantiene%20estabilizado\" title=\"LinkedIn\" target=\"_blank\" rel=\"noopener\"><\/a><a class=\"a2a_button_whatsapp\" href=\"https:\/\/www.addtoany.com\/add_to\/whatsapp?linkurl=https%3A%2F%2Fwww.gsccanarias.com%2Fgsc%2Fel-incendio-forestal-de-tenerife-baja-a-nivel-1-del-infoca-y-se-mantiene-estabilizado%2F&amp;linkname=El%20incendio%20forestal%20de%20Tenerife%20baja%20a%20nivel%201%20del%20INFOCA%20y%20se%20mantiene%20estabilizado\" title=\"WhatsApp\" target=\"_blank\" rel=\"noopener\"><\/a><a class=\"a2a_button_google_gmail\" href=\"https:\/\/www.addtoany.com\/add_to\/google_gmail?linkurl=https%3A%2F%2Fwww.gsccanarias.com%2Fgsc%2Fel-incendio-forestal-de-tenerife-baja-a-nivel-1-del-infoca-y-se-mantiene-estabilizado%2F&amp;linkname=El%20incendio%20forestal%20de%20Tenerife%20baja%20a%20nivel%201%20del%20INFOCA%20y%20se%20mantiene%20estabilizado\" title=\"Gmail\" target=\"_blank\" rel=\"noopener\"><\/a><a class=\"a2a_button_telegram\" href=\"https:\/\/www.addtoany.com\/add_to\/telegram?linkurl=https%3A%2F%2Fwww.gsccanarias.com%2Fgsc%2Fel-incendio-forestal-de-tenerife-baja-a-nivel-1-del-infoca-y-se-mantiene-estabilizado%2F&amp;linkname=El%20incendio%20forestal%20de%20Tenerife%20baja%20a%20nivel%201%20del%20INFOCA%20y%20se%20mantiene%20estabilizado\" title=\"Telegram\" target=\"_blank\" rel=\"noopener\"><\/a><a class=\"a2a_dd addtoany_share_save addtoany_share\" href=\"https:\/\/www.addtoany.com\/share#url=https%3A%2F%2Fwww.gsccanarias.com%2Fgsc%2Fel-incendio-forestal-de-tenerife-baja-a-nivel-1-del-infoca-y-se-mantiene-estabilizado%2F&amp;title=El%20incendio%20forestal%20de%20Tenerife%20baja%20a%20nivel%201%20del%20INFOCA%20y%20se%20mantiene%20estabilizado\"><\/a><\/p><div class=\"pvc_clear\"><\/div><p id=\"pvc_stats_4949\" class=\"pvc_stats all  \" data-element-id=\"4949\" style=\"\"><i class=\"pvc-stats-icon medium\" aria-hidden=\"true\"><svg aria-hidden=\"true\" focusable=\"false\" data-prefix=\"far\" data-icon=\"chart-bar\" role=\"img\" xmlns=\"http:\/\/www.w3.org\/2000\/svg\" viewBox=\"0 0 512 512\" class=\"svg-inline--fa fa-chart-bar fa-w-16 fa-2x\"><path fill=\"currentColor\" d=\"M396.8 352h22.4c6.4 0 12.8-6.4 12.8-12.8V108.8c0-6.4-6.4-12.8-12.8-12.8h-22.4c-6.4 0-12.8 6.4-12.8 12.8v230.4c0 6.4 6.4 12.8 12.8 12.8zm-192 0h22.4c6.4 0 12.8-6.4 12.8-12.8V140.8c0-6.4-6.4-12.8-12.8-12.8h-22.4c-6.4 0-12.8 6.4-12.8 12.8v198.4c0 6.4 6.4 12.8 12.8 12.8zm96 0h22.4c6.4 0 12.8-6.4 12.8-12.8V204.8c0-6.4-6.4-12.8-12.8-12.8h-22.4c-6.4 0-12.8 6.4-12.8 12.8v134.4c0 6.4 6.4 12.8 12.8 12.8zM496 400H48V80c0-8.84-7.16-16-16-16H16C7.16 64 0 71.16 0 80v336c0 17.67 14.33 32 32 32h464c8.84 0 16-7.16 16-16v-16c0-8.84-7.16-16-16-16zm-387.2-48h22.4c6.4 0 12.8-6.4 12.8-12.8v-70.4c0-6.4-6.4-12.8-12.8-12.8h-22.4c-6.4 0-12.8 6.4-12.8 12.8v70.4c0 6.4 6.4 12.8 12.8 12.8z\" class=\"\"><\/path><\/svg><\/i> <\/p><div class=\"pvc_clear\"><\/div><div class=\"print\"><span class=\"page_title\">P\u00e1gina: <span>El incendio forestal de Tenerife baja a nivel 1 del INFOCA y se mantiene estabilizado<\/span><\/span>\n\t\t\t\t\t\t\t\t\t\t\t<span class=\"stmp_trans_date\">\u00daltima actualizaci\u00f3n: <span>28\/08\/2023 - 13:36:26<\/span><\/span>\n\t\t\t\t\t\t\t\t\t\t\t<span class=\"stmp_trans_date\">Fecha publicaci\u00f3n: <span>28\/08\/2023 - 13:36:26<\/span><\/span>\n\t\t\t\t\t\t\t\t\t\t\t<span class=\"stmp_trans_date\">Fecha creaci\u00f3n: <span>28\/08\/2023 - 13:36:26<\/span><\/span><\/div>","protected":false},"excerpt":{"rendered":"<p>El Cabildo asume desde hoy la direcci\u00f3n de la emergencia y la comunicaci\u00f3n a la poblaci\u00f3n No se han producido da\u00f1os personales ni materiales de consideraci\u00f3n en la viviendas e infraestructuras La direcci\u00f3n del Plan ha indicado el repliegue de los efectivos del Estado El&#8230;<\/p>\n<div class=\"pvc_clear\"><\/div>\n<p id=\"pvc_stats_4949\" class=\"pvc_stats all  \" data-element-id=\"4949\" style=\"\"><i class=\"pvc-stats-icon medium\" aria-hidden=\"true\"><svg aria-hidden=\"true\" focusable=\"false\" data-prefix=\"far\" data-icon=\"chart-bar\" role=\"img\" xmlns=\"http:\/\/www.w3.org\/2000\/svg\" viewBox=\"0 0 512 512\" class=\"svg-inline--fa fa-chart-bar fa-w-16 fa-2x\"><path fill=\"currentColor\" d=\"M396.8 352h22.4c6.4 0 12.8-6.4 12.8-12.8V108.8c0-6.4-6.4-12.8-12.8-12.8h-22.4c-6.4 0-12.8 6.4-12.8 12.8v230.4c0 6.4 6.4 12.8 12.8 12.8zm-192 0h22.4c6.4 0 12.8-6.4 12.8-12.8V140.8c0-6.4-6.4-12.8-12.8-12.8h-22.4c-6.4 0-12.8 6.4-12.8 12.8v198.4c0 6.4 6.4 12.8 12.8 12.8zm96 0h22.4c6.4 0 12.8-6.4 12.8-12.8V204.8c0-6.4-6.4-12.8-12.8-12.8h-22.4c-6.4 0-12.8 6.4-12.8 12.8v134.4c0 6.4 6.4 12.8 12.8 12.8zM496 400H48V80c0-8.84-7.16-16-16-16H16C7.16 64 0 71.16 0 80v336c0 17.67 14.33 32 32 32h464c8.84 0 16-7.16 16-16v-16c0-8.84-7.16-16-16-16zm-387.2-48h22.4c6.4 0 12.8-6.4 12.8-12.8v-70.4c0-6.4-6.4-12.8-12.8-12.8h-22.4c-6.4 0-12.8 6.4-12.8 12.8v70.4c0 6.4 6.4 12.8 12.8 12.8z\" class=\"\"><\/path><\/svg><\/i> <img loading=\"lazy\" decoding=\"async\" width=\"16\" height=\"16\" alt=\"Loading\" src=\"https:\/\/www.112canarias.com\/112\/wp-content\/plugins\/page-views-count\/ajax-loader-2x.gif\" border=0 \/><\/p>\n<div class=\"pvc_clear\"><\/div>\n","protected":false},"author":0,"featured_media":4950,"comment_status":"open","ping_status":"open","sticky":false,"template":"","format":"standard","meta":{"footnotes":""},"categories":[9],"tags":[],"class_list":["post-4949","post","type-post","status-publish","format-standard","has-post-thumbnail","hentry","category-noticias"],"_links":{"self":[{"href":"https:\/\/www.112canarias.com\/112\/wp-json\/wp\/v2\/posts\/4949","targetHints":{"allow":["GET"]}}],"collection":[{"href":"https:\/\/www.112canarias.com\/112\/wp-json\/wp\/v2\/posts"}],"about":[{"href":"https:\/\/www.112canarias.com\/112\/wp-json\/wp\/v2\/types\/post"}],"replies":[{"embeddable":true,"href":"https:\/\/www.112canarias.com\/112\/wp-json\/wp\/v2\/comments?post=4949"}],"version-history":[{"count":0,"href":"https:\/\/www.112canarias.com\/112\/wp-json\/wp\/v2\/posts\/4949\/revisions"}],"wp:featuredmedia":[{"embeddable":true,"href":"https:\/\/www.112canarias.com\/112\/wp-json\/wp\/v2\/media\/4950"}],"wp:attachment":[{"href":"https:\/\/www.112canarias.com\/112\/wp-json\/wp\/v2\/media?parent=4949"}],"wp:term":[{"taxonomy":"category","embeddable":true,"href":"https:\/\/www.112canarias.com\/112\/wp-json\/wp\/v2\/categories?post=4949"},{"taxonomy":"post_tag","embeddable":true,"href":"https:\/\/www.112canarias.com\/112\/wp-json\/wp\/v2\/tags?post=4949"}],"curies":[{"name":"wp","href":"https:\/\/api.w.org\/{rel}","templated":true}]}}