{"id":5093,"date":"2023-10-05T14:35:38","date_gmt":"2023-10-05T14:35:38","guid":{"rendered":"https:\/\/www.112canarias.com\/112\/el-gobierno-de-canarias-declara-el-nivel-2-del-infoca-y-asume-la-direccion-del-incendio-forestal-en-tenerife\/"},"modified":"2023-10-05T14:35:38","modified_gmt":"2023-10-05T14:35:38","slug":"el-gobierno-de-canarias-declara-el-nivel-2-del-infoca-y-asume-la-direccion-del-incendio-forestal-en-tenerife","status":"publish","type":"post","link":"https:\/\/www.112canarias.com\/112\/el-gobierno-de-canarias-declara-el-nivel-2-del-infoca-y-asume-la-direccion-del-incendio-forestal-en-tenerife\/","title":{"rendered":"El Gobierno de Canarias declara el nivel 2 del INFOCA y asume la direcci\u00f3n del incendio forestal en Tenerife"},"content":{"rendered":"<p>Se ha procedido a la activaci\u00f3n de la UME para que sus efectivos se incorporen a las labores de extinci\u00f3n<\/p>\n<p>El \u00e1mbito territorial de la emergencia comprende los municipios de Santa \u00darsula y La Orotava<\/p>\n<p><strong>Ante la evoluci\u00f3n desfavorable de la reactivaci\u00f3n del incendio forestal en Santa \u00darsula y La Orotava ha pasado, a las 23:45 horas del d\u00eda 4 de octubre, a nivel 2 de gravedad a petici\u00f3n del Cabildo de Tenerife, asumiendo la direcci\u00f3n de la emergencia el Gobierno de Canarias, en aplicaci\u00f3n del Plan Especial de Protecci\u00f3n Civil y Atenci\u00f3n de Emergencias por Incendios Forestales en la Comunidad Aut\u00f3noma de Canarias (INFOCA) y se ha procedido a la activaci\u00f3n de la Unidad Militar de Emergencias (UME).<\/strong><\/p>\n<p>El \u00e1mbito territorial de la emergencia comprende los municipios de Santa \u00darsula y La Orotava.<\/p>\n<div class=\"pvc_clear\"><\/div>\n<p class=\"pvc_stats all  \">\n<div class=\"pvc_clear\"><\/div><p><a class=\"a2a_button_facebook\" href=\"https:\/\/www.addtoany.com\/add_to\/facebook?linkurl=https%3A%2F%2Fwww.gsccanarias.com%2Fgsc%2Fel-gobierno-de-canarias-declara-el-nivel-2-del-infoca-y-asume-la-direccion-del-incendio-forestal-en-tenerife%2F&amp;linkname=El%20Gobierno%20de%20Canarias%20declara%20el%20nivel%202%20del%20INFOCA%20y%20asume%20la%20direcci%C3%B3n%20del%20incendio%20forestal%20en%20Tenerife\" title=\"Facebook\" target=\"_blank\" rel=\"noopener\"><\/a><a class=\"a2a_button_twitter\" href=\"https:\/\/www.addtoany.com\/add_to\/twitter?linkurl=https%3A%2F%2Fwww.gsccanarias.com%2Fgsc%2Fel-gobierno-de-canarias-declara-el-nivel-2-del-infoca-y-asume-la-direccion-del-incendio-forestal-en-tenerife%2F&amp;linkname=El%20Gobierno%20de%20Canarias%20declara%20el%20nivel%202%20del%20INFOCA%20y%20asume%20la%20direcci%C3%B3n%20del%20incendio%20forestal%20en%20Tenerife\" title=\"Twitter\" target=\"_blank\" rel=\"noopener\"><\/a><a class=\"a2a_button_email\" href=\"https:\/\/www.addtoany.com\/add_to\/email?linkurl=https%3A%2F%2Fwww.gsccanarias.com%2Fgsc%2Fel-gobierno-de-canarias-declara-el-nivel-2-del-infoca-y-asume-la-direccion-del-incendio-forestal-en-tenerife%2F&amp;linkname=El%20Gobierno%20de%20Canarias%20declara%20el%20nivel%202%20del%20INFOCA%20y%20asume%20la%20direcci%C3%B3n%20del%20incendio%20forestal%20en%20Tenerife\" title=\"Email\" target=\"_blank\" rel=\"noopener\"><\/a><a class=\"a2a_button_linkedin\" href=\"https:\/\/www.addtoany.com\/add_to\/linkedin?linkurl=https%3A%2F%2Fwww.gsccanarias.com%2Fgsc%2Fel-gobierno-de-canarias-declara-el-nivel-2-del-infoca-y-asume-la-direccion-del-incendio-forestal-en-tenerife%2F&amp;linkname=El%20Gobierno%20de%20Canarias%20declara%20el%20nivel%202%20del%20INFOCA%20y%20asume%20la%20direcci%C3%B3n%20del%20incendio%20forestal%20en%20Tenerife\" title=\"LinkedIn\" target=\"_blank\" rel=\"noopener\"><\/a><a class=\"a2a_button_whatsapp\" href=\"https:\/\/www.addtoany.com\/add_to\/whatsapp?linkurl=https%3A%2F%2Fwww.gsccanarias.com%2Fgsc%2Fel-gobierno-de-canarias-declara-el-nivel-2-del-infoca-y-asume-la-direccion-del-incendio-forestal-en-tenerife%2F&amp;linkname=El%20Gobierno%20de%20Canarias%20declara%20el%20nivel%202%20del%20INFOCA%20y%20asume%20la%20direcci%C3%B3n%20del%20incendio%20forestal%20en%20Tenerife\" title=\"WhatsApp\" target=\"_blank\" rel=\"noopener\"><\/a><a class=\"a2a_button_google_gmail\" href=\"https:\/\/www.addtoany.com\/add_to\/google_gmail?linkurl=https%3A%2F%2Fwww.gsccanarias.com%2Fgsc%2Fel-gobierno-de-canarias-declara-el-nivel-2-del-infoca-y-asume-la-direccion-del-incendio-forestal-en-tenerife%2F&amp;linkname=El%20Gobierno%20de%20Canarias%20declara%20el%20nivel%202%20del%20INFOCA%20y%20asume%20la%20direcci%C3%B3n%20del%20incendio%20forestal%20en%20Tenerife\" title=\"Gmail\" target=\"_blank\" rel=\"noopener\"><\/a><a class=\"a2a_button_telegram\" href=\"https:\/\/www.addtoany.com\/add_to\/telegram?linkurl=https%3A%2F%2Fwww.gsccanarias.com%2Fgsc%2Fel-gobierno-de-canarias-declara-el-nivel-2-del-infoca-y-asume-la-direccion-del-incendio-forestal-en-tenerife%2F&amp;linkname=El%20Gobierno%20de%20Canarias%20declara%20el%20nivel%202%20del%20INFOCA%20y%20asume%20la%20direcci%C3%B3n%20del%20incendio%20forestal%20en%20Tenerife\" title=\"Telegram\" target=\"_blank\" rel=\"noopener\"><\/a><a class=\"a2a_dd addtoany_share_save addtoany_share\" href=\"https:\/\/www.addtoany.com\/share#url=https%3A%2F%2Fwww.gsccanarias.com%2Fgsc%2Fel-gobierno-de-canarias-declara-el-nivel-2-del-infoca-y-asume-la-direccion-del-incendio-forestal-en-tenerife%2F&amp;title=El%20Gobierno%20de%20Canarias%20declara%20el%20nivel%202%20del%20INFOCA%20y%20asume%20la%20direcci%C3%B3n%20del%20incendio%20forestal%20en%20Tenerife\"><\/a><\/p><div class=\"pvc_clear\"><\/div><p id=\"pvc_stats_5093\" class=\"pvc_stats all  \" data-element-id=\"5093\" style=\"\"><i class=\"pvc-stats-icon medium\" aria-hidden=\"true\"><svg aria-hidden=\"true\" focusable=\"false\" data-prefix=\"far\" data-icon=\"chart-bar\" role=\"img\" xmlns=\"http:\/\/www.w3.org\/2000\/svg\" viewBox=\"0 0 512 512\" class=\"svg-inline--fa fa-chart-bar fa-w-16 fa-2x\"><path fill=\"currentColor\" d=\"M396.8 352h22.4c6.4 0 12.8-6.4 12.8-12.8V108.8c0-6.4-6.4-12.8-12.8-12.8h-22.4c-6.4 0-12.8 6.4-12.8 12.8v230.4c0 6.4 6.4 12.8 12.8 12.8zm-192 0h22.4c6.4 0 12.8-6.4 12.8-12.8V140.8c0-6.4-6.4-12.8-12.8-12.8h-22.4c-6.4 0-12.8 6.4-12.8 12.8v198.4c0 6.4 6.4 12.8 12.8 12.8zm96 0h22.4c6.4 0 12.8-6.4 12.8-12.8V204.8c0-6.4-6.4-12.8-12.8-12.8h-22.4c-6.4 0-12.8 6.4-12.8 12.8v134.4c0 6.4 6.4 12.8 12.8 12.8zM496 400H48V80c0-8.84-7.16-16-16-16H16C7.16 64 0 71.16 0 80v336c0 17.67 14.33 32 32 32h464c8.84 0 16-7.16 16-16v-16c0-8.84-7.16-16-16-16zm-387.2-48h22.4c6.4 0 12.8-6.4 12.8-12.8v-70.4c0-6.4-6.4-12.8-12.8-12.8h-22.4c-6.4 0-12.8 6.4-12.8 12.8v70.4c0 6.4 6.4 12.8 12.8 12.8z\" class=\"\"><\/path><\/svg><\/i> <\/p><div class=\"pvc_clear\"><\/div><div class=\"print\"><span class=\"page_title\">P\u00e1gina: <span>El Gobierno de Canarias declara el nivel 2 del INFOCA y asume la direcci\u00f3n del incendio forestal en Tenerife<\/span><\/span>\n\t\t\t\t\t\t\t\t\t\t\t<span class=\"stmp_trans_date\">\u00daltima actualizaci\u00f3n: <span>05\/10\/2023 - 14:35:38<\/span><\/span>\n\t\t\t\t\t\t\t\t\t\t\t<span class=\"stmp_trans_date\">Fecha publicaci\u00f3n: <span>05\/10\/2023 - 14:35:38<\/span><\/span>\n\t\t\t\t\t\t\t\t\t\t\t<span class=\"stmp_trans_date\">Fecha creaci\u00f3n: <span>05\/10\/2023 - 14:35:38<\/span><\/span><\/div>","protected":false},"excerpt":{"rendered":"<p>Se ha procedido a la activaci\u00f3n de la UME para que sus efectivos se incorporen a las labores de extinci\u00f3n El \u00e1mbito territorial de la emergencia comprende los municipios de Santa \u00darsula y La Orotava Ante la evoluci\u00f3n desfavorable de la reactivaci\u00f3n del incendio forestal&#8230;<\/p>\n<div class=\"pvc_clear\"><\/div>\n<p id=\"pvc_stats_5093\" class=\"pvc_stats all  \" data-element-id=\"5093\" style=\"\"><i class=\"pvc-stats-icon medium\" aria-hidden=\"true\"><svg aria-hidden=\"true\" focusable=\"false\" data-prefix=\"far\" data-icon=\"chart-bar\" role=\"img\" xmlns=\"http:\/\/www.w3.org\/2000\/svg\" viewBox=\"0 0 512 512\" class=\"svg-inline--fa fa-chart-bar fa-w-16 fa-2x\"><path fill=\"currentColor\" d=\"M396.8 352h22.4c6.4 0 12.8-6.4 12.8-12.8V108.8c0-6.4-6.4-12.8-12.8-12.8h-22.4c-6.4 0-12.8 6.4-12.8 12.8v230.4c0 6.4 6.4 12.8 12.8 12.8zm-192 0h22.4c6.4 0 12.8-6.4 12.8-12.8V140.8c0-6.4-6.4-12.8-12.8-12.8h-22.4c-6.4 0-12.8 6.4-12.8 12.8v198.4c0 6.4 6.4 12.8 12.8 12.8zm96 0h22.4c6.4 0 12.8-6.4 12.8-12.8V204.8c0-6.4-6.4-12.8-12.8-12.8h-22.4c-6.4 0-12.8 6.4-12.8 12.8v134.4c0 6.4 6.4 12.8 12.8 12.8zM496 400H48V80c0-8.84-7.16-16-16-16H16C7.16 64 0 71.16 0 80v336c0 17.67 14.33 32 32 32h464c8.84 0 16-7.16 16-16v-16c0-8.84-7.16-16-16-16zm-387.2-48h22.4c6.4 0 12.8-6.4 12.8-12.8v-70.4c0-6.4-6.4-12.8-12.8-12.8h-22.4c-6.4 0-12.8 6.4-12.8 12.8v70.4c0 6.4 6.4 12.8 12.8 12.8z\" class=\"\"><\/path><\/svg><\/i> <img loading=\"lazy\" decoding=\"async\" width=\"16\" height=\"16\" alt=\"Loading\" src=\"https:\/\/www.112canarias.com\/112\/wp-content\/plugins\/page-views-count\/ajax-loader-2x.gif\" border=0 \/><\/p>\n<div class=\"pvc_clear\"><\/div>\n","protected":false},"author":0,"featured_media":5094,"comment_status":"open","ping_status":"open","sticky":false,"template":"","format":"standard","meta":{"footnotes":""},"categories":[9],"tags":[],"class_list":["post-5093","post","type-post","status-publish","format-standard","has-post-thumbnail","hentry","category-noticias"],"_links":{"self":[{"href":"https:\/\/www.112canarias.com\/112\/wp-json\/wp\/v2\/posts\/5093","targetHints":{"allow":["GET"]}}],"collection":[{"href":"https:\/\/www.112canarias.com\/112\/wp-json\/wp\/v2\/posts"}],"about":[{"href":"https:\/\/www.112canarias.com\/112\/wp-json\/wp\/v2\/types\/post"}],"replies":[{"embeddable":true,"href":"https:\/\/www.112canarias.com\/112\/wp-json\/wp\/v2\/comments?post=5093"}],"version-history":[{"count":0,"href":"https:\/\/www.112canarias.com\/112\/wp-json\/wp\/v2\/posts\/5093\/revisions"}],"wp:featuredmedia":[{"embeddable":true,"href":"https:\/\/www.112canarias.com\/112\/wp-json\/wp\/v2\/media\/5094"}],"wp:attachment":[{"href":"https:\/\/www.112canarias.com\/112\/wp-json\/wp\/v2\/media?parent=5093"}],"wp:term":[{"taxonomy":"category","embeddable":true,"href":"https:\/\/www.112canarias.com\/112\/wp-json\/wp\/v2\/categories?post=5093"},{"taxonomy":"post_tag","embeddable":true,"href":"https:\/\/www.112canarias.com\/112\/wp-json\/wp\/v2\/tags?post=5093"}],"curies":[{"name":"wp","href":"https:\/\/api.w.org\/{rel}","templated":true}]}}