{"id":5137,"date":"2023-10-05T16:10:01","date_gmt":"2023-10-05T16:10:01","guid":{"rendered":"https:\/\/www.112canarias.com\/112\/?p=5137"},"modified":"2023-10-12T13:10:55","modified_gmt":"2023-10-12T13:10:55","slug":"el-operativo-de-extincion-centra-sus-esfuerzos-en-contener-el-fuego-en-los-focos-donde-se-ha-reactivado-el-incendio-2","status":"publish","type":"post","link":"https:\/\/www.112canarias.com\/112\/el-operativo-de-extincion-centra-sus-esfuerzos-en-contener-el-fuego-en-los-focos-donde-se-ha-reactivado-el-incendio-2\/","title":{"rendered":"El operativo de extinci\u00f3n centra sus esfuerzos en contener el fuego en los focos donde se ha reactivado el incendio"},"content":{"rendered":"<blockquote><p>M\u00e1s de 200 efectivos de extinci\u00f3n, seguridad, coordinaci\u00f3n y log\u00edstica y 10 medios a\u00e9reos intervienen durante el d\u00eda de hoy<\/p>\n<p>El incendio se encuentra en nivel 2 de gravedad del INFOCA bajo la direcci\u00f3n del Gobierno de Canarias<\/p><\/blockquote>\n<p><strong>Las reactivaciones del incendio forestal que se han venido produciendo desde que se inici\u00f3 el pasado 15 de agosto y se dio por controlado el 28 del mismo mes, se han visto agravadas en las \u00faltimas horas debido al episodio de calor y el viento descendente que ha favorecido la evoluci\u00f3n de las llamas y su acercamiento a zona habitadas.<\/strong><\/p>\n<p>Los trabajos de extinci\u00f3n se centran hoy en tres sectores principales que abarcan unas 40 has. fuera del per\u00edmetro del primer incendio, entre los municipios de Santa \u00darsula y La Orotava.<\/p>\n<p>En la zona de El Sauzal \u2013 Ravelo se est\u00e1n llevando a cabo labores de enfriamiento para evitar que el viento pueda provocar nuevas reproducciones. En los n\u00facleos de La Corujera y Pino Alto, en el municipio de Santa \u00darsula, con mayor n\u00famero de reactivaciones de gran intensidad, el fuego lleg\u00f3 a zona de interfaz y se propag\u00f3 por zona de fincas. Por \u00faltimo, el sector de Mamio, en La Orotava, se trata de una zona muy escarpada, de dif\u00edcil acceso, donde intervienen principalmente los medios a\u00e9reos.<\/p>\n<p>El consejero de Pol\u00edtica Territorial, Cohesi\u00f3n Territorial y Aguas, Manuel Miranda, responsable de Emergencias, manifest\u00f3 que \u201canoche el incendio nos dio un buen susto, que afortunadamente no ha ido a mayores y nos esperan unos d\u00edas de tensa calma por lo que habr\u00e1 que estar muy atentos a la evoluci\u00f3n de la meteorolog\u00eda.<\/p>\n<p>Manuel Miranda asumi\u00f3 la direcci\u00f3n del Plan desde esta madrugada a las 23:45 horas, cuando el Cabildo de Tenerife solicit\u00f3 al Gobierno el paso a nivel 2 de gravedad, asumiendo la direcci\u00f3n de la emergencia el Gobierno de Canarias, en aplicaci\u00f3n del Plan Especial de Protecci\u00f3n Civil y Atenci\u00f3n de Emergencias por Incendios Forestales en la Comunidad Aut\u00f3noma de Canarias (INFOCA).<\/p>\n<p>Durante la ma\u00f1ana han estado trabajando sobre el terreno 152 efectivos de intervenci\u00f3n entre brigadas forestales del Cabildo (BRIFOR), EIRIF del Gobierno de Canarias de La Palma, El Hierro y La Gomera, BRIF La Palma y Bomberos del Consorcio de Tenerife y la UME.<\/p>\n<p>Los Cuerpos y Fuerzas de seguridad han desplazado unos 50 efectivos de Polic\u00eda Local de los municipios de Santa \u00darsula, La Orotava y El Sauzal, Cuerpo General de la Polic\u00eda Canaria y Guardia Civil.<\/p>\n<p>Forman parte del operativo tambi\u00e9n personal de coordinaci\u00f3n de la Direcci\u00f3n general de Emergencias y del Centro Coordinador de Emergencias y Seguridad 1-1-2 Canarias, as\u00ed como Cruz Roja, Servicio de Urgencias Canario y voluntarios de diferentes asociaciones y agrupaciones de Protecci\u00f3n Civil.<\/p>\n<p>Por otra parte, un total de nueve medios a\u00e9reos intervienen en la extinci\u00f3n de los diversos focos realizando descargas de agua coordinados en todo momento por el helic\u00f3ptero de la Guardia Civil.<\/p>\n<p>Durante la ma\u00f1ana no se han producido nuevas evacuaciones y el retorno de las personas desalojadas a sus viviendas se valorar\u00e1 a lo largo del d\u00eda en funci\u00f3n de la evoluci\u00f3n de las reactivaciones de cada zona afectada.<\/p>\n<div class=\"pvc_clear\"><\/div>\n<p id=\"pvc_stats_5137\" class=\"pvc_stats all  \" data-element-id=\"5137\" style=\"\"><i class=\"pvc-stats-icon medium\" aria-hidden=\"true\"><svg aria-hidden=\"true\" focusable=\"false\" data-prefix=\"far\" data-icon=\"chart-bar\" role=\"img\" xmlns=\"http:\/\/www.w3.org\/2000\/svg\" viewBox=\"0 0 512 512\" class=\"svg-inline--fa fa-chart-bar fa-w-16 fa-2x\"><path fill=\"currentColor\" d=\"M396.8 352h22.4c6.4 0 12.8-6.4 12.8-12.8V108.8c0-6.4-6.4-12.8-12.8-12.8h-22.4c-6.4 0-12.8 6.4-12.8 12.8v230.4c0 6.4 6.4 12.8 12.8 12.8zm-192 0h22.4c6.4 0 12.8-6.4 12.8-12.8V140.8c0-6.4-6.4-12.8-12.8-12.8h-22.4c-6.4 0-12.8 6.4-12.8 12.8v198.4c0 6.4 6.4 12.8 12.8 12.8zm96 0h22.4c6.4 0 12.8-6.4 12.8-12.8V204.8c0-6.4-6.4-12.8-12.8-12.8h-22.4c-6.4 0-12.8 6.4-12.8 12.8v134.4c0 6.4 6.4 12.8 12.8 12.8zM496 400H48V80c0-8.84-7.16-16-16-16H16C7.16 64 0 71.16 0 80v336c0 17.67 14.33 32 32 32h464c8.84 0 16-7.16 16-16v-16c0-8.84-7.16-16-16-16zm-387.2-48h22.4c6.4 0 12.8-6.4 12.8-12.8v-70.4c0-6.4-6.4-12.8-12.8-12.8h-22.4c-6.4 0-12.8 6.4-12.8 12.8v70.4c0 6.4 6.4 12.8 12.8 12.8z\" class=\"\"><\/path><\/svg><\/i> <\/p>\n<div class=\"pvc_clear\"><\/div>\n<div class=\"print\"><span class=\"page_title\">P\u00e1gina: <span>El operativo de extinci\u00f3n centra sus esfuerzos en contener el fuego en los focos donde se ha reactivado el incendio<\/span><\/span>\n\t\t\t\t\t\t\t\t\t\t\t<span class=\"stmp_trans_date\">\u00daltima actualizaci\u00f3n: <span>12\/10\/2023 - 13:10:55<\/span><\/span>\n\t\t\t\t\t\t\t\t\t\t\t<span class=\"stmp_trans_date\">Fecha publicaci\u00f3n: <span>05\/10\/2023 - 16:10:01<\/span><\/span>\n\t\t\t\t\t\t\t\t\t\t\t<span class=\"stmp_trans_date\">Fecha creaci\u00f3n: <span>05\/10\/2023 - 16:10:01<\/span><\/span><\/div>","protected":false},"excerpt":{"rendered":"<p>M\u00e1s de 200 efectivos de extinci\u00f3n, seguridad, coordinaci\u00f3n y log\u00edstica y 10 medios a\u00e9reos intervienen durante el d\u00eda de hoy El incendio se encuentra en nivel 2 de gravedad del INFOCA bajo la direcci\u00f3n del Gobierno de Canarias Las reactivaciones del incendio forestal que se&#8230;<\/p>\n<div class=\"pvc_clear\"><\/div>\n<p id=\"pvc_stats_5137\" class=\"pvc_stats all  \" data-element-id=\"5137\" style=\"\"><i class=\"pvc-stats-icon medium\" aria-hidden=\"true\"><svg aria-hidden=\"true\" focusable=\"false\" data-prefix=\"far\" data-icon=\"chart-bar\" role=\"img\" xmlns=\"http:\/\/www.w3.org\/2000\/svg\" viewBox=\"0 0 512 512\" class=\"svg-inline--fa fa-chart-bar fa-w-16 fa-2x\"><path fill=\"currentColor\" d=\"M396.8 352h22.4c6.4 0 12.8-6.4 12.8-12.8V108.8c0-6.4-6.4-12.8-12.8-12.8h-22.4c-6.4 0-12.8 6.4-12.8 12.8v230.4c0 6.4 6.4 12.8 12.8 12.8zm-192 0h22.4c6.4 0 12.8-6.4 12.8-12.8V140.8c0-6.4-6.4-12.8-12.8-12.8h-22.4c-6.4 0-12.8 6.4-12.8 12.8v198.4c0 6.4 6.4 12.8 12.8 12.8zm96 0h22.4c6.4 0 12.8-6.4 12.8-12.8V204.8c0-6.4-6.4-12.8-12.8-12.8h-22.4c-6.4 0-12.8 6.4-12.8 12.8v134.4c0 6.4 6.4 12.8 12.8 12.8zM496 400H48V80c0-8.84-7.16-16-16-16H16C7.16 64 0 71.16 0 80v336c0 17.67 14.33 32 32 32h464c8.84 0 16-7.16 16-16v-16c0-8.84-7.16-16-16-16zm-387.2-48h22.4c6.4 0 12.8-6.4 12.8-12.8v-70.4c0-6.4-6.4-12.8-12.8-12.8h-22.4c-6.4 0-12.8 6.4-12.8 12.8v70.4c0 6.4 6.4 12.8 12.8 12.8z\" class=\"\"><\/path><\/svg><\/i> <img loading=\"lazy\" decoding=\"async\" width=\"16\" height=\"16\" alt=\"Loading\" src=\"https:\/\/www.112canarias.com\/112\/wp-content\/plugins\/page-views-count\/ajax-loader-2x.gif\" border=0 \/><\/p>\n<div class=\"pvc_clear\"><\/div>\n","protected":false},"author":2,"featured_media":5138,"comment_status":"open","ping_status":"open","sticky":false,"template":"","format":"standard","meta":{"footnotes":""},"categories":[9,10],"tags":[],"class_list":["post-5137","post","type-post","status-publish","format-standard","has-post-thumbnail","hentry","category-noticias","category-ultimasnoticas"],"_links":{"self":[{"href":"https:\/\/www.112canarias.com\/112\/wp-json\/wp\/v2\/posts\/5137","targetHints":{"allow":["GET"]}}],"collection":[{"href":"https:\/\/www.112canarias.com\/112\/wp-json\/wp\/v2\/posts"}],"about":[{"href":"https:\/\/www.112canarias.com\/112\/wp-json\/wp\/v2\/types\/post"}],"author":[{"embeddable":true,"href":"https:\/\/www.112canarias.com\/112\/wp-json\/wp\/v2\/users\/2"}],"replies":[{"embeddable":true,"href":"https:\/\/www.112canarias.com\/112\/wp-json\/wp\/v2\/comments?post=5137"}],"version-history":[{"count":1,"href":"https:\/\/www.112canarias.com\/112\/wp-json\/wp\/v2\/posts\/5137\/revisions"}],"predecessor-version":[{"id":5139,"href":"https:\/\/www.112canarias.com\/112\/wp-json\/wp\/v2\/posts\/5137\/revisions\/5139"}],"wp:featuredmedia":[{"embeddable":true,"href":"https:\/\/www.112canarias.com\/112\/wp-json\/wp\/v2\/media\/5138"}],"wp:attachment":[{"href":"https:\/\/www.112canarias.com\/112\/wp-json\/wp\/v2\/media?parent=5137"}],"wp:term":[{"taxonomy":"category","embeddable":true,"href":"https:\/\/www.112canarias.com\/112\/wp-json\/wp\/v2\/categories?post=5137"},{"taxonomy":"post_tag","embeddable":true,"href":"https:\/\/www.112canarias.com\/112\/wp-json\/wp\/v2\/tags?post=5137"}],"curies":[{"name":"wp","href":"https:\/\/api.w.org\/{rel}","templated":true}]}}