{"id":5168,"date":"2023-10-15T07:59:42","date_gmt":"2023-10-15T07:59:42","guid":{"rendered":"https:\/\/www.112canarias.com\/112\/?p=5168"},"modified":"2023-10-15T07:59:42","modified_gmt":"2023-10-15T07:59:42","slug":"actualizacion-de-la-situacion-del-incendio-forestal-de-tenerife-4","status":"publish","type":"post","link":"https:\/\/www.112canarias.com\/112\/actualizacion-de-la-situacion-del-incendio-forestal-de-tenerife-4\/","title":{"rendered":"Actualizaci\u00f3n de la situaci\u00f3n del incendio forestal de Tenerife"},"content":{"rendered":"<blockquote><p>Hoy intervendr\u00e1n seis medios a\u00e9reos de extinci\u00f3n como apoyo a los trabajos de los equipos terrestres.<\/p><\/blockquote>\n<p><strong>El operativo de extinci\u00f3n que ha trabajado durante la noche en el incendio forestal de Tenerife ha estado formado por unos 41 efectivos de BRIFOR del Cabildo de Tenerife, la UME y Bomberos del Consorcio que han concentrado su actividad en las zonas de Aguamansa, Santa \u00darsula y principalmente en Ravelo.<\/strong><\/p>\n<p>No se han producido reproducciones importantes salvo alguna peque\u00f1a dentro de zona quemada sin mayor trascendencia y la noche ha transcurrido sin incidencias destacables.<\/p>\n<p>Hoy domingo intervendr\u00e1n seis medios a\u00e9reos de extinci\u00f3n como apoyo a los trabajos de los equipos terrestres.<\/p>\n<p>A las 10:30 horas se realizar\u00e1 una reuni\u00f3n de coordinaci\u00f3n t\u00e9cnica del INFOCA en la que se analizar\u00e1 la evoluci\u00f3n del incendio durante la noche y las medidas a tomar durante la jornada de hoy.<\/p>\n<div class=\"pvc_clear\"><\/div>\n<p id=\"pvc_stats_5168\" class=\"pvc_stats all  \" data-element-id=\"5168\" style=\"\"><i class=\"pvc-stats-icon medium\" aria-hidden=\"true\"><svg aria-hidden=\"true\" focusable=\"false\" data-prefix=\"far\" data-icon=\"chart-bar\" role=\"img\" xmlns=\"http:\/\/www.w3.org\/2000\/svg\" viewBox=\"0 0 512 512\" class=\"svg-inline--fa fa-chart-bar fa-w-16 fa-2x\"><path fill=\"currentColor\" d=\"M396.8 352h22.4c6.4 0 12.8-6.4 12.8-12.8V108.8c0-6.4-6.4-12.8-12.8-12.8h-22.4c-6.4 0-12.8 6.4-12.8 12.8v230.4c0 6.4 6.4 12.8 12.8 12.8zm-192 0h22.4c6.4 0 12.8-6.4 12.8-12.8V140.8c0-6.4-6.4-12.8-12.8-12.8h-22.4c-6.4 0-12.8 6.4-12.8 12.8v198.4c0 6.4 6.4 12.8 12.8 12.8zm96 0h22.4c6.4 0 12.8-6.4 12.8-12.8V204.8c0-6.4-6.4-12.8-12.8-12.8h-22.4c-6.4 0-12.8 6.4-12.8 12.8v134.4c0 6.4 6.4 12.8 12.8 12.8zM496 400H48V80c0-8.84-7.16-16-16-16H16C7.16 64 0 71.16 0 80v336c0 17.67 14.33 32 32 32h464c8.84 0 16-7.16 16-16v-16c0-8.84-7.16-16-16-16zm-387.2-48h22.4c6.4 0 12.8-6.4 12.8-12.8v-70.4c0-6.4-6.4-12.8-12.8-12.8h-22.4c-6.4 0-12.8 6.4-12.8 12.8v70.4c0 6.4 6.4 12.8 12.8 12.8z\" class=\"\"><\/path><\/svg><\/i> <\/p>\n<div class=\"pvc_clear\"><\/div>\n<div class=\"print\"><span class=\"page_title\">P\u00e1gina: <span>Actualizaci\u00f3n de la situaci\u00f3n del incendio forestal de Tenerife<\/span><\/span>\n\t\t\t\t\t\t\t\t\t\t\t<span class=\"stmp_trans_date\">\u00daltima actualizaci\u00f3n: <span>15\/10\/2023 - 07:59:42<\/span><\/span>\n\t\t\t\t\t\t\t\t\t\t\t<span class=\"stmp_trans_date\">Fecha publicaci\u00f3n: <span>15\/10\/2023 - 07:59:42<\/span><\/span>\n\t\t\t\t\t\t\t\t\t\t\t<span class=\"stmp_trans_date\">Fecha creaci\u00f3n: <span>15\/10\/2023 - 07:59:42<\/span><\/span><\/div>","protected":false},"excerpt":{"rendered":"<p>Hoy intervendr\u00e1n seis medios a\u00e9reos de extinci\u00f3n como apoyo a los trabajos de los equipos terrestres. El operativo de extinci\u00f3n que ha trabajado durante la noche en el incendio forestal de Tenerife ha estado formado por unos 41 efectivos de BRIFOR del Cabildo de Tenerife,&#8230;<\/p>\n<div class=\"pvc_clear\"><\/div>\n<p id=\"pvc_stats_5168\" class=\"pvc_stats all  \" data-element-id=\"5168\" style=\"\"><i class=\"pvc-stats-icon medium\" aria-hidden=\"true\"><svg aria-hidden=\"true\" focusable=\"false\" data-prefix=\"far\" data-icon=\"chart-bar\" role=\"img\" xmlns=\"http:\/\/www.w3.org\/2000\/svg\" viewBox=\"0 0 512 512\" class=\"svg-inline--fa fa-chart-bar fa-w-16 fa-2x\"><path fill=\"currentColor\" d=\"M396.8 352h22.4c6.4 0 12.8-6.4 12.8-12.8V108.8c0-6.4-6.4-12.8-12.8-12.8h-22.4c-6.4 0-12.8 6.4-12.8 12.8v230.4c0 6.4 6.4 12.8 12.8 12.8zm-192 0h22.4c6.4 0 12.8-6.4 12.8-12.8V140.8c0-6.4-6.4-12.8-12.8-12.8h-22.4c-6.4 0-12.8 6.4-12.8 12.8v198.4c0 6.4 6.4 12.8 12.8 12.8zm96 0h22.4c6.4 0 12.8-6.4 12.8-12.8V204.8c0-6.4-6.4-12.8-12.8-12.8h-22.4c-6.4 0-12.8 6.4-12.8 12.8v134.4c0 6.4 6.4 12.8 12.8 12.8zM496 400H48V80c0-8.84-7.16-16-16-16H16C7.16 64 0 71.16 0 80v336c0 17.67 14.33 32 32 32h464c8.84 0 16-7.16 16-16v-16c0-8.84-7.16-16-16-16zm-387.2-48h22.4c6.4 0 12.8-6.4 12.8-12.8v-70.4c0-6.4-6.4-12.8-12.8-12.8h-22.4c-6.4 0-12.8 6.4-12.8 12.8v70.4c0 6.4 6.4 12.8 12.8 12.8z\" class=\"\"><\/path><\/svg><\/i> <img loading=\"lazy\" decoding=\"async\" width=\"16\" height=\"16\" alt=\"Loading\" src=\"https:\/\/www.112canarias.com\/112\/wp-content\/plugins\/page-views-count\/ajax-loader-2x.gif\" border=0 \/><\/p>\n<div class=\"pvc_clear\"><\/div>\n","protected":false},"author":2,"featured_media":5169,"comment_status":"open","ping_status":"open","sticky":false,"template":"","format":"standard","meta":{"footnotes":""},"categories":[9,10],"tags":[],"class_list":["post-5168","post","type-post","status-publish","format-standard","has-post-thumbnail","hentry","category-noticias","category-ultimasnoticas"],"_links":{"self":[{"href":"https:\/\/www.112canarias.com\/112\/wp-json\/wp\/v2\/posts\/5168","targetHints":{"allow":["GET"]}}],"collection":[{"href":"https:\/\/www.112canarias.com\/112\/wp-json\/wp\/v2\/posts"}],"about":[{"href":"https:\/\/www.112canarias.com\/112\/wp-json\/wp\/v2\/types\/post"}],"author":[{"embeddable":true,"href":"https:\/\/www.112canarias.com\/112\/wp-json\/wp\/v2\/users\/2"}],"replies":[{"embeddable":true,"href":"https:\/\/www.112canarias.com\/112\/wp-json\/wp\/v2\/comments?post=5168"}],"version-history":[{"count":2,"href":"https:\/\/www.112canarias.com\/112\/wp-json\/wp\/v2\/posts\/5168\/revisions"}],"predecessor-version":[{"id":5171,"href":"https:\/\/www.112canarias.com\/112\/wp-json\/wp\/v2\/posts\/5168\/revisions\/5171"}],"wp:featuredmedia":[{"embeddable":true,"href":"https:\/\/www.112canarias.com\/112\/wp-json\/wp\/v2\/media\/5169"}],"wp:attachment":[{"href":"https:\/\/www.112canarias.com\/112\/wp-json\/wp\/v2\/media?parent=5168"}],"wp:term":[{"taxonomy":"category","embeddable":true,"href":"https:\/\/www.112canarias.com\/112\/wp-json\/wp\/v2\/categories?post=5168"},{"taxonomy":"post_tag","embeddable":true,"href":"https:\/\/www.112canarias.com\/112\/wp-json\/wp\/v2\/tags?post=5168"}],"curies":[{"name":"wp","href":"https:\/\/api.w.org\/{rel}","templated":true}]}}