{"id":569,"date":"2018-06-14T14:12:00","date_gmt":"2018-06-14T14:12:00","guid":{"rendered":"http:\/\/www.112canarias.com\/112\/2018\/06\/14\/1-1-2-canarias-celebra-sus-20-anos-con-el-reto-de-seguir-incorporando-soluciones-tecnologicas-en-la-gestion-de-emergencias\/"},"modified":"2018-06-14T14:12:00","modified_gmt":"2018-06-14T14:12:00","slug":"1-1-2-canarias-celebra-sus-20-anos-con-el-reto-de-seguir-incorporando-soluciones-tecnologicas-en-la-gestion-de-emergencias","status":"publish","type":"post","link":"https:\/\/www.112canarias.com\/112\/1-1-2-canarias-celebra-sus-20-anos-con-el-reto-de-seguir-incorporando-soluciones-tecnologicas-en-la-gestion-de-emergencias\/","title":{"rendered":"1-1-2 Canarias celebra sus 20 a\u00f1os con el reto de seguir incorporando soluciones tecnol\u00f3gicas en la gesti\u00f3n de emergencias"},"content":{"rendered":"<p style=\"text-align: justify;\"><\/p>\n<p style=\"text-align: justify;\"><strong style=\"font-size: 12.16px;\">Nazaret D\u00edaz, directora general de Seguridad y Emergencias del Gobierno de Canarias, inaugur\u00f3 esta ma\u00f1ana las VI Jornadas sobre Tecnolog\u00eda y Nuevas Emergencias<\/strong><\/p>\n<p><strong style=\"font-size: 12.16px;\">Esta edici\u00f3n coincide con el XX aniversario del 1-1-2 Canarias y tiene como punto de partida una retrospectiva de estas dos d\u00e9cadas de servicio<\/strong><\/p>\n<p style=\"text-align: justify;\"><span style=\"font-size: 12.16px;\">La celebraci\u00f3n de las VI Jornadas sobre Tecnolog\u00eda y Nuevas Emergencias, que este a\u00f1o coincide con los actos conmemorativos del XX aniversario de la puesta en marcha del 1-1-2 Canarias, ha permitido hoy a los profesionales del sector profundizar en las soluciones tecnol\u00f3gicas actuales y futuras en la gesti\u00f3n de las emergencias que se est\u00e1n desarrollando a escala internacional. En su acto de apertura, la directora general de Seguridad y Emergencias del Gobierno de Canarias, Nazaret D\u00edaz, insisti\u00f3 en la importancia de organizar encuentros de este tipo ya que permiten obtener una visi\u00f3n integral sobre la gesti\u00f3n de las emergencias en un mundo globalizado.<\/span><\/p>\n<p style=\"text-align: justify;\">\u00a0<span style=\"font-size: 12.16px;\">Adem\u00e1s, Nazaret D\u00edaz reconoci\u00f3 que las Jornadas sobre Tecnolog\u00eda y Nuevas Emergencias, en su sexta edici\u00f3n, adquieren a\u00fan m\u00e1s valor ya que bajo el t\u00edtulo \u201c20 a\u00f1os de historia y una mirada al futuro\u201d sit\u00faan al 1-1-2 Canarias, con una trayectoria de dos d\u00e9cadas de funcionamiento, en un referente clave para analizar la evoluci\u00f3n de los sistemas de gesti\u00f3n de emergencias aplicados a la tecnolog\u00eda.<\/span><\/p>\n<p style=\"text-align: justify;\"><span style=\"font-size: 12.16px;\">En este sentido, a\u00f1adi\u00f3 que desde el Gobierno de Canarias seguiremos apostando para que este servicio p\u00fablico -que a d\u00eda de hoy se ha convertido en esencial para los ciudadanos y los turistas que nos visitan-, contin\u00fae incorporando las nuevas soluciones tecnol\u00f3gicas que ofrece el mercado internacional.<\/span><\/p>\n<p style=\"text-align: justify;\"><span style=\"font-size: 12.16px;\">Sobre la historia de este servicio, el director del 1-1-2 Canarias, Jos\u00e9 Domingo Linares, realiz\u00f3 una retrospectiva de estas dos d\u00e9cadas de funcionamiento, para a continuaci\u00f3n dar paso, al director de Innovaci\u00f3n de Synergic Patners-Telef\u00f3nica, Santiago Gonz\u00e1lez Tortosa,\u00a0 que en base a la anonimizaci\u00f3n de los datos de actividad de los \u00faltimos veinte a\u00f1os aportados por el centro coordinador canario, expuso los resultados de un estudio descriptivo y predictivo con el que se pueden obtener modelos predictivos que permiten anticiparse a una situaci\u00f3n de emergencia.<\/span><\/p>\n<p style=\"text-align: justify;\"><span style=\"font-size: 12.16px;\">En cuanto a la tecnolog\u00eda al servicio del ciudadano en situaciones cr\u00edticas, estas Jornadas contar\u00e1n como invitado con el coordinador nacional de desastres del Magen David Adom, servicio de asistencia m\u00e9dica de Israel, Chaim Rafalowski, En su ponencia, defender\u00e1 c\u00f3mo los avances tecnol\u00f3gicos permiten una respuesta m\u00e1s eficaz, tanto en la urgencia cotidiana como en las situaciones de emergencia. \u201cEstos avances van desde cambios en la recepci\u00f3n de la llamada; la asignaci\u00f3n y gesti\u00f3n de los recursos; el flujo de informaci\u00f3n entre los servicios intervinientes en el lugar del incidente y los responsables de la emergencia; y la interacci\u00f3n con los servicios externos y los hospitales de destino\u201d. Para Rafalowski, todo este sistema de trabajo cobra mayor importancia en los incidentes con m\u00faltiples v\u00edctimas.<\/span><\/p>\n<p style=\"text-align: justify;\"><span style=\"font-size: 12.16px;\">Respecto a las nuevas amenazas y los nuevos aliados en el \u00e1mbito de las tecnolog\u00edas, en esta edici\u00f3n participar\u00e1 como ponente el director de Arquitectura e Industria de IBM, Juan Andr\u00e9s Avil\u00e9s, que basar\u00e1 su intervenci\u00f3n en la inteligencia artificial y la computaci\u00f3n cognitiva, sus usos y posibilidades. En ella, hablar\u00e1 sobre la nueva era de la inteligencia artificial y la aproximaci\u00f3n de IBM a la computaci\u00f3n cognitiva. Adem\u00e1s, mostrar\u00e1 algunos casos sobre el uso de estas tecnolog\u00edas junto a las grandes cantidades de datos disponibles como las de Weather Company.<\/span><\/p>\n<p style=\"text-align: justify;\"><span style=\"font-size: 12.16px;\">Las VI Jornadas sobre Tecnolog\u00eda y Nuevas Emergencias que, por sexto a\u00f1o consecutivo, ha organizado el Gobierno de Canarias a trav\u00e9s de la Direcci\u00f3n General de Seguridad y Emergencias y el Centro Coordinador de Emergencias y Seguridad (CECOES) 1-1-2, contar\u00e1n adem\u00e1s con otras ponencias sobre infraestructuras cr\u00edticas y resiliencia, inteligencia artificial y herramientas tecnol\u00f3gicas accesibles para la poblaci\u00f3n ante incidentes.<\/span><\/p>\n<p style=\"text-align: justify;\"><span style=\"font-size: 12.16px;\">Destacan como ponentes Amaia Quintana, manager consultor\u00eda del Sector P\u00fablico Deloitte y Experta en Emergencias y Seguridad; Florencio L\u00f3pez, jefe de servicio de Protecci\u00f3n Civil y Atenci\u00f3n de Emergencias de la Direcci\u00f3n General de Seguridad y Emergencias del Gobierno de Canarias; Lauren Pellois, Area Manager Hexagon &amp; Infrastructure; Edgar Nolla, responsable de transporte sanitario, asistencia sanitaria urgente y valoraci\u00f3n riesgo previsible de Acciona; \u00a0Juan Hern\u00e1ndez, Product Manager de Centro de Atenci\u00f3n de Emergencias. Algoritmos, procesos y dise\u00f1os; Nur Pulad, Major Account Manager \u2013 Fortinet; y Santiago Gonz\u00e1lez y Alfonso Matesanz, del Centro Nacional de Protecci\u00f3n de Infraestructuras Cr\u00edticas.<\/span><\/p>\n<p style=\"text-align: justify;\"><span style=\"font-size: 12.16px;\">Como cierre a esta edici\u00f3n, se celebrar\u00e1 una mesa redonda en la que se cuestionar\u00e1 si la inteligencia artificial es un aliado fiable en la gesti\u00f3n de emergencias, moderada por el profesor-doctor en la Escuela de Prevenci\u00f3n y Seguridad Integral, Jos\u00e9 Juli\u00e1n Isturitz, tambi\u00e9n impulsor del 1-1-2 Canarias hace veinte a\u00f1os.<\/span><\/p>\n<p style=\"text-align: justify;\">\u00a0<\/p>\n<div class=\"pvc_clear\"><\/div>\n<p id=\"pvc_stats_569\" class=\"pvc_stats all  \" data-element-id=\"569\" style=\"\"><i class=\"pvc-stats-icon medium\" aria-hidden=\"true\"><svg aria-hidden=\"true\" focusable=\"false\" data-prefix=\"far\" data-icon=\"chart-bar\" role=\"img\" xmlns=\"http:\/\/www.w3.org\/2000\/svg\" viewBox=\"0 0 512 512\" class=\"svg-inline--fa fa-chart-bar fa-w-16 fa-2x\"><path fill=\"currentColor\" d=\"M396.8 352h22.4c6.4 0 12.8-6.4 12.8-12.8V108.8c0-6.4-6.4-12.8-12.8-12.8h-22.4c-6.4 0-12.8 6.4-12.8 12.8v230.4c0 6.4 6.4 12.8 12.8 12.8zm-192 0h22.4c6.4 0 12.8-6.4 12.8-12.8V140.8c0-6.4-6.4-12.8-12.8-12.8h-22.4c-6.4 0-12.8 6.4-12.8 12.8v198.4c0 6.4 6.4 12.8 12.8 12.8zm96 0h22.4c6.4 0 12.8-6.4 12.8-12.8V204.8c0-6.4-6.4-12.8-12.8-12.8h-22.4c-6.4 0-12.8 6.4-12.8 12.8v134.4c0 6.4 6.4 12.8 12.8 12.8zM496 400H48V80c0-8.84-7.16-16-16-16H16C7.16 64 0 71.16 0 80v336c0 17.67 14.33 32 32 32h464c8.84 0 16-7.16 16-16v-16c0-8.84-7.16-16-16-16zm-387.2-48h22.4c6.4 0 12.8-6.4 12.8-12.8v-70.4c0-6.4-6.4-12.8-12.8-12.8h-22.4c-6.4 0-12.8 6.4-12.8 12.8v70.4c0 6.4 6.4 12.8 12.8 12.8z\" class=\"\"><\/path><\/svg><\/i> <\/p>\n<div class=\"pvc_clear\"><\/div>\n<div class=\"print\"><span class=\"page_title\">P\u00e1gina: <span>1-1-2 Canarias celebra sus 20 a\u00f1os con el reto de seguir incorporando soluciones tecnol\u00f3gicas en la gesti\u00f3n de emergencias<\/span><\/span>\n\t\t\t\t\t\t\t\t\t\t\t<span class=\"stmp_trans_date\">\u00daltima actualizaci\u00f3n: <span>14\/06\/2018 - 14:12:00<\/span><\/span>\n\t\t\t\t\t\t\t\t\t\t\t<span class=\"stmp_trans_date\">Fecha publicaci\u00f3n: <span>14\/06\/2018 - 14:12:00<\/span><\/span>\n\t\t\t\t\t\t\t\t\t\t\t<span class=\"stmp_trans_date\">Fecha creaci\u00f3n: <span>14\/06\/2018 - 14:12:00<\/span><\/span><\/div>","protected":false},"excerpt":{"rendered":"<p>Nazaret D\u00edaz, directora general de Seguridad y Emergencias del Gobierno de Canarias, inaugur\u00f3 esta ma\u00f1ana las VI Jornadas sobre Tecnolog\u00eda y Nuevas Emergencias Esta edici\u00f3n coincide con el XX aniversario del 1-1-2 Canarias y tiene como punto de partida una retrospectiva de estas dos d\u00e9cadas&#8230;<\/p>\n<div class=\"pvc_clear\"><\/div>\n<p id=\"pvc_stats_569\" class=\"pvc_stats all  \" data-element-id=\"569\" style=\"\"><i class=\"pvc-stats-icon medium\" aria-hidden=\"true\"><svg aria-hidden=\"true\" focusable=\"false\" data-prefix=\"far\" data-icon=\"chart-bar\" role=\"img\" xmlns=\"http:\/\/www.w3.org\/2000\/svg\" viewBox=\"0 0 512 512\" class=\"svg-inline--fa fa-chart-bar fa-w-16 fa-2x\"><path fill=\"currentColor\" d=\"M396.8 352h22.4c6.4 0 12.8-6.4 12.8-12.8V108.8c0-6.4-6.4-12.8-12.8-12.8h-22.4c-6.4 0-12.8 6.4-12.8 12.8v230.4c0 6.4 6.4 12.8 12.8 12.8zm-192 0h22.4c6.4 0 12.8-6.4 12.8-12.8V140.8c0-6.4-6.4-12.8-12.8-12.8h-22.4c-6.4 0-12.8 6.4-12.8 12.8v198.4c0 6.4 6.4 12.8 12.8 12.8zm96 0h22.4c6.4 0 12.8-6.4 12.8-12.8V204.8c0-6.4-6.4-12.8-12.8-12.8h-22.4c-6.4 0-12.8 6.4-12.8 12.8v134.4c0 6.4 6.4 12.8 12.8 12.8zM496 400H48V80c0-8.84-7.16-16-16-16H16C7.16 64 0 71.16 0 80v336c0 17.67 14.33 32 32 32h464c8.84 0 16-7.16 16-16v-16c0-8.84-7.16-16-16-16zm-387.2-48h22.4c6.4 0 12.8-6.4 12.8-12.8v-70.4c0-6.4-6.4-12.8-12.8-12.8h-22.4c-6.4 0-12.8 6.4-12.8 12.8v70.4c0 6.4 6.4 12.8 12.8 12.8z\" class=\"\"><\/path><\/svg><\/i> <img loading=\"lazy\" decoding=\"async\" width=\"16\" height=\"16\" alt=\"Loading\" src=\"https:\/\/www.112canarias.com\/112\/wp-content\/plugins\/page-views-count\/ajax-loader-2x.gif\" border=0 \/><\/p>\n<div class=\"pvc_clear\"><\/div>\n","protected":false},"author":1,"featured_media":567,"comment_status":"open","ping_status":"open","sticky":false,"template":"","format":"standard","meta":{"footnotes":""},"categories":[10],"tags":[],"class_list":["post-569","post","type-post","status-publish","format-standard","has-post-thumbnail","hentry","category-ultimasnoticas"],"_links":{"self":[{"href":"https:\/\/www.112canarias.com\/112\/wp-json\/wp\/v2\/posts\/569","targetHints":{"allow":["GET"]}}],"collection":[{"href":"https:\/\/www.112canarias.com\/112\/wp-json\/wp\/v2\/posts"}],"about":[{"href":"https:\/\/www.112canarias.com\/112\/wp-json\/wp\/v2\/types\/post"}],"author":[{"embeddable":true,"href":"https:\/\/www.112canarias.com\/112\/wp-json\/wp\/v2\/users\/1"}],"replies":[{"embeddable":true,"href":"https:\/\/www.112canarias.com\/112\/wp-json\/wp\/v2\/comments?post=569"}],"version-history":[{"count":0,"href":"https:\/\/www.112canarias.com\/112\/wp-json\/wp\/v2\/posts\/569\/revisions"}],"wp:featuredmedia":[{"embeddable":true,"href":"https:\/\/www.112canarias.com\/112\/wp-json\/wp\/v2\/media\/567"}],"wp:attachment":[{"href":"https:\/\/www.112canarias.com\/112\/wp-json\/wp\/v2\/media?parent=569"}],"wp:term":[{"taxonomy":"category","embeddable":true,"href":"https:\/\/www.112canarias.com\/112\/wp-json\/wp\/v2\/categories?post=569"},{"taxonomy":"post_tag","embeddable":true,"href":"https:\/\/www.112canarias.com\/112\/wp-json\/wp\/v2\/tags?post=569"}],"curies":[{"name":"wp","href":"https:\/\/api.w.org\/{rel}","templated":true}]}}