{"id":5691,"date":"2024-01-20T16:35:20","date_gmt":"2024-01-20T16:35:20","guid":{"rendered":"https:\/\/www.112canarias.com\/112\/?p=5691"},"modified":"2024-01-20T16:35:20","modified_gmt":"2024-01-20T16:35:20","slug":"el-gobierno-de-canarias-solicita-extremar-la-prudencia-en-las-costas-ante-el-mal-estado-de-la-mar","status":"publish","type":"post","link":"https:\/\/www.112canarias.com\/112\/el-gobierno-de-canarias-solicita-extremar-la-prudencia-en-las-costas-ante-el-mal-estado-de-la-mar\/","title":{"rendered":"El Gobierno de Canarias solicita extremar la prudencia en las costas, ante el mal estado de la mar"},"content":{"rendered":"<blockquote><p>La Direcci\u00f3n General de Emergencias ha ampliado la prealerta por fen\u00f3menos costeros a todo el Archipi\u00e9lago<\/p><\/blockquote>\n<p><strong>El Gobierno de Canarias ha ampliado a todo el Archipi\u00e9lago la situaci\u00f3n de prealerta por fen\u00f3menos costeros -hasta ahora vigente en las islas occidentales-, ante la previsi\u00f3n de la Agencia Estatal de Meteorolog\u00eda (AEMET) que indica, este fin de semana, mal estado de la mar, con viento del nordeste que puede alcanzar rachas de hasta 60 km\/h. en alta mar entre las islas de mayor relieve, y olas que podr\u00edan alcanzar los 3 metros de altura, en las costas orientadas al norte y oeste de las islas.<\/strong><\/p>\n<p>Ante esta situaci\u00f3n, desde el Ejecutivo canario se solicita a la poblaci\u00f3n que extreme la prudencia en las zonas de ba\u00f1o, especialmente en el litoral norte, oeste y este de las islas, para evitar situaciones de riesgo.<\/p>\n<p>Se recomienda no situarse en el extremo de muelles o espigones, ni arriesgarse a sacar fotos o v\u00eddeos cerca de donde rompen las olas, aunque el mar se calme de repente, ni ba\u00f1arse en playas con bandera roja o en zonas donde haya fuerte oleaje y resaca, y que carezcan de servicios de vigilancia y socorrismo.<\/p>\n<p>En cuanto a la pr\u00e1ctica de actividades n\u00e1uticas en el litoral afectado por esta predicci\u00f3n meteorol\u00f3gica, es preferible aplazarlas a otro momento, al igual que toda actividad relacionada con la pesca.<\/p>\n<p>&nbsp;<\/p>\n<div class=\"pvc_clear\"><\/div>\n<p id=\"pvc_stats_5691\" class=\"pvc_stats all  \" data-element-id=\"5691\" style=\"\"><i class=\"pvc-stats-icon medium\" aria-hidden=\"true\"><svg aria-hidden=\"true\" focusable=\"false\" data-prefix=\"far\" data-icon=\"chart-bar\" role=\"img\" xmlns=\"http:\/\/www.w3.org\/2000\/svg\" viewBox=\"0 0 512 512\" class=\"svg-inline--fa fa-chart-bar fa-w-16 fa-2x\"><path fill=\"currentColor\" d=\"M396.8 352h22.4c6.4 0 12.8-6.4 12.8-12.8V108.8c0-6.4-6.4-12.8-12.8-12.8h-22.4c-6.4 0-12.8 6.4-12.8 12.8v230.4c0 6.4 6.4 12.8 12.8 12.8zm-192 0h22.4c6.4 0 12.8-6.4 12.8-12.8V140.8c0-6.4-6.4-12.8-12.8-12.8h-22.4c-6.4 0-12.8 6.4-12.8 12.8v198.4c0 6.4 6.4 12.8 12.8 12.8zm96 0h22.4c6.4 0 12.8-6.4 12.8-12.8V204.8c0-6.4-6.4-12.8-12.8-12.8h-22.4c-6.4 0-12.8 6.4-12.8 12.8v134.4c0 6.4 6.4 12.8 12.8 12.8zM496 400H48V80c0-8.84-7.16-16-16-16H16C7.16 64 0 71.16 0 80v336c0 17.67 14.33 32 32 32h464c8.84 0 16-7.16 16-16v-16c0-8.84-7.16-16-16-16zm-387.2-48h22.4c6.4 0 12.8-6.4 12.8-12.8v-70.4c0-6.4-6.4-12.8-12.8-12.8h-22.4c-6.4 0-12.8 6.4-12.8 12.8v70.4c0 6.4 6.4 12.8 12.8 12.8z\" class=\"\"><\/path><\/svg><\/i> <\/p>\n<div class=\"pvc_clear\"><\/div>\n<div class=\"print\"><span class=\"page_title\">P\u00e1gina: <span>El Gobierno de Canarias solicita extremar la prudencia en las costas, ante el mal estado de la mar<\/span><\/span>\n\t\t\t\t\t\t\t\t\t\t\t<span class=\"stmp_trans_date\">\u00daltima actualizaci\u00f3n: <span>20\/01\/2024 - 16:35:20<\/span><\/span>\n\t\t\t\t\t\t\t\t\t\t\t<span class=\"stmp_trans_date\">Fecha publicaci\u00f3n: <span>20\/01\/2024 - 16:35:20<\/span><\/span>\n\t\t\t\t\t\t\t\t\t\t\t<span class=\"stmp_trans_date\">Fecha creaci\u00f3n: <span>20\/01\/2024 - 16:35:20<\/span><\/span><\/div>","protected":false},"excerpt":{"rendered":"<p>La Direcci\u00f3n General de Emergencias ha ampliado la prealerta por fen\u00f3menos costeros a todo el Archipi\u00e9lago El Gobierno de Canarias ha ampliado a todo el Archipi\u00e9lago la situaci\u00f3n de prealerta por fen\u00f3menos costeros -hasta ahora vigente en las islas occidentales-, ante la previsi\u00f3n de la&#8230;<\/p>\n<div class=\"pvc_clear\"><\/div>\n<p id=\"pvc_stats_5691\" class=\"pvc_stats all  \" data-element-id=\"5691\" style=\"\"><i class=\"pvc-stats-icon medium\" aria-hidden=\"true\"><svg aria-hidden=\"true\" focusable=\"false\" data-prefix=\"far\" data-icon=\"chart-bar\" role=\"img\" xmlns=\"http:\/\/www.w3.org\/2000\/svg\" viewBox=\"0 0 512 512\" class=\"svg-inline--fa fa-chart-bar fa-w-16 fa-2x\"><path fill=\"currentColor\" d=\"M396.8 352h22.4c6.4 0 12.8-6.4 12.8-12.8V108.8c0-6.4-6.4-12.8-12.8-12.8h-22.4c-6.4 0-12.8 6.4-12.8 12.8v230.4c0 6.4 6.4 12.8 12.8 12.8zm-192 0h22.4c6.4 0 12.8-6.4 12.8-12.8V140.8c0-6.4-6.4-12.8-12.8-12.8h-22.4c-6.4 0-12.8 6.4-12.8 12.8v198.4c0 6.4 6.4 12.8 12.8 12.8zm96 0h22.4c6.4 0 12.8-6.4 12.8-12.8V204.8c0-6.4-6.4-12.8-12.8-12.8h-22.4c-6.4 0-12.8 6.4-12.8 12.8v134.4c0 6.4 6.4 12.8 12.8 12.8zM496 400H48V80c0-8.84-7.16-16-16-16H16C7.16 64 0 71.16 0 80v336c0 17.67 14.33 32 32 32h464c8.84 0 16-7.16 16-16v-16c0-8.84-7.16-16-16-16zm-387.2-48h22.4c6.4 0 12.8-6.4 12.8-12.8v-70.4c0-6.4-6.4-12.8-12.8-12.8h-22.4c-6.4 0-12.8 6.4-12.8 12.8v70.4c0 6.4 6.4 12.8 12.8 12.8z\" class=\"\"><\/path><\/svg><\/i> <img loading=\"lazy\" decoding=\"async\" width=\"16\" height=\"16\" alt=\"Loading\" src=\"https:\/\/www.112canarias.com\/112\/wp-content\/plugins\/page-views-count\/ajax-loader-2x.gif\" border=0 \/><\/p>\n<div class=\"pvc_clear\"><\/div>\n","protected":false},"author":3,"featured_media":5692,"comment_status":"open","ping_status":"open","sticky":false,"template":"","format":"standard","meta":{"footnotes":""},"categories":[9,10],"tags":[],"class_list":["post-5691","post","type-post","status-publish","format-standard","has-post-thumbnail","hentry","category-noticias","category-ultimasnoticas"],"_links":{"self":[{"href":"https:\/\/www.112canarias.com\/112\/wp-json\/wp\/v2\/posts\/5691","targetHints":{"allow":["GET"]}}],"collection":[{"href":"https:\/\/www.112canarias.com\/112\/wp-json\/wp\/v2\/posts"}],"about":[{"href":"https:\/\/www.112canarias.com\/112\/wp-json\/wp\/v2\/types\/post"}],"author":[{"embeddable":true,"href":"https:\/\/www.112canarias.com\/112\/wp-json\/wp\/v2\/users\/3"}],"replies":[{"embeddable":true,"href":"https:\/\/www.112canarias.com\/112\/wp-json\/wp\/v2\/comments?post=5691"}],"version-history":[{"count":1,"href":"https:\/\/www.112canarias.com\/112\/wp-json\/wp\/v2\/posts\/5691\/revisions"}],"predecessor-version":[{"id":5693,"href":"https:\/\/www.112canarias.com\/112\/wp-json\/wp\/v2\/posts\/5691\/revisions\/5693"}],"wp:featuredmedia":[{"embeddable":true,"href":"https:\/\/www.112canarias.com\/112\/wp-json\/wp\/v2\/media\/5692"}],"wp:attachment":[{"href":"https:\/\/www.112canarias.com\/112\/wp-json\/wp\/v2\/media?parent=5691"}],"wp:term":[{"taxonomy":"category","embeddable":true,"href":"https:\/\/www.112canarias.com\/112\/wp-json\/wp\/v2\/categories?post=5691"},{"taxonomy":"post_tag","embeddable":true,"href":"https:\/\/www.112canarias.com\/112\/wp-json\/wp\/v2\/tags?post=5691"}],"curies":[{"name":"wp","href":"https:\/\/api.w.org\/{rel}","templated":true}]}}