{"id":593,"date":"2017-02-19T18:30:35","date_gmt":"2017-02-19T18:30:35","guid":{"rendered":"http:\/\/www.112canarias.com\/112\/2017\/02\/19\/1-1-2-canarias-referente-en-la-difusion-de-consejos-de-autoproteccion-y-de-la-cultura-de-emergencias-en-2016\/"},"modified":"2017-02-19T18:30:35","modified_gmt":"2017-02-19T18:30:35","slug":"1-1-2-canarias-referente-en-la-difusion-de-consejos-de-autoproteccion-y-de-la-cultura-de-emergencias-en-2016","status":"publish","type":"post","link":"https:\/\/www.112canarias.com\/112\/1-1-2-canarias-referente-en-la-difusion-de-consejos-de-autoproteccion-y-de-la-cultura-de-emergencias-en-2016\/","title":{"rendered":"1-1-2 Canarias, referente en la difusi\u00f3n de consejos de autoprotecci\u00f3n y de la cultura de emergencias en 2016"},"content":{"rendered":"<p class=\"justificado\">\u00a0<\/p>\n<p class=\"justificado\">19\/02\/2017<\/p>\n<p class=\"justificado\"><\/p>\n<p class=\"justificado\" style=\"text-align: justify;\">El Centro Coordinador de Emergencias y Seguridad (CECOES) 1-1-2, servicio dependiente de la Consejer\u00eda de Pol\u00edtica Territorial, Sostenibilidad y Seguridad del Gobierno de Canarias, se ha convertido en los \u00faltimos a\u00f1os en referente de difusi\u00f3n de la autoprotecci\u00f3n y la cultura preventiva.<\/p>\n<p class=\"justificado\" style=\"text-align: justify;\">La clave para poder hacer frente a una emergencia es estar preparado para ella y, en ese sentido, el 1-1-2 Canarias en su empe\u00f1o de inculcar en los canarios la denominada cultura de las emergencias lleva a cabo una labor de concienciaci\u00f3n permanente en diferentes \u00e1mbitos, escolar, institucional y dirigida a la poblaci\u00f3n en general, con el objetivo de que el ciudadano aprenda a autoprotegerse ante posibles riesgos.<\/p>\n<p class=\"justificado\" style=\"text-align: justify;\">En ese sentido, en 2016, el perfil @112canarias cerr\u00f3 el a\u00f1o con 133.215 seguidores y 2.497 tweets emitidos, consolid\u00e1ndose como el segundo perfil entre los 1-1-2 de las comunidades aut\u00f3nomas de Espa\u00f1a, despu\u00e9s de Madrid. Adem\u00e1s de los sucesos de inter\u00e9s, se inform\u00f3 de todas las declaraciones de Alertas ante fen\u00f3menos meteorol\u00f3gicos adversos (FMA) en espa\u00f1ol, ingl\u00e9s y alem\u00e1n, y se llevaron a cabo un total de 14 campa\u00f1as informativas bajo el lema Riesgo 0 con consejos de autoprotecci\u00f3n, con ocasi\u00f3n de espect\u00e1culos de p\u00fablica concurrencia, periodos vacacionales como Semana Santa y verano en los que se refuerzan los consejos para la realizaci\u00f3n de actividades en el mar y la monta\u00f1a, o pruebas deportivas.<\/p>\n<p class=\"justificado\" style=\"text-align: justify;\">Las campa\u00f1as informativas Riesgo 0, que viene desarrollando el 1-1-2 Canarias desde marzo de 2013, tienen como objetivo que la poblaci\u00f3n conozca y ponga en pr\u00e1ctica medidas de autoprotecci\u00f3n en sus actividades de tiempo libre y pretende reducir en lo posible los peligros a los que nos podemos ver expuestos en ciertas ocasiones con sencillos consejos, f\u00e1ciles de poner en pr\u00e1ctica.<\/p>\n<p class=\"justificado\" style=\"text-align: justify;\">Esta campa\u00f1a tambi\u00e9n comprende espacios espec\u00edficos del 1-1-2 en radios de \u00e1mbito regional, con un total de 22 programas durante el a\u00f1o 2016. En estos espacios se han abordado las diferencias entre Alertas del Gobierno y los Avisos de la AEMET, los consejos a tomar en cuenta ante una situaci\u00f3n de FMA por viento, lluvias, fen\u00f3menos costeros o tormentas, entre otros, contestando en directo a las dudas de los oyentes sobre cualquier situaci\u00f3n de riesgo.<\/p>\n<p class=\"justificado\" style=\"text-align: justify;\">Asimismo, el canal YouTube del 1-1-2 pone a disposici\u00f3n de la poblaci\u00f3n los videos elaborados por el Gobierno de Canarias sobre recomendaciones de seguridad en la playa -editados en ingl\u00e9s y en castellano-, as\u00ed como para actividades en la monta\u00f1a y en materia de fen\u00f3menos meteorol\u00f3gicos adversos.<\/p>\n<p style=\"text-align: justify;\"><strong>\u00a0<\/strong><\/p>\n<p style=\"text-align: justify;\"><strong>M\u00e1s de 800 visitantes a las salas operativas<\/strong><\/p>\n<p style=\"text-align: justify;\">\u00a0<\/p>\n<p style=\"text-align: justify;\">Por otra parte, en 2016 las salas operativas del 1-1-2 recibieron a m\u00e1s de 800 visitantes, procedentes de diferentes sectores profesionales, organizaciones e instituciones interesados en conocer su funcionamiento. Como en a\u00f1os anteriores, la mayor parte estudiantes de ciclos formativos, seguidos de profesionales y voluntarios del sector, universitarios de los Grados relacionados con la gesti\u00f3n del riesgo y desastres y empresas que ampl\u00edan la formaci\u00f3n de sus empleados con una visita al 1-1-2, perfeccionando as\u00ed sus planes de prevenci\u00f3n y actuaci\u00f3n ante una emergencia.<\/p>\n<p style=\"text-align: justify;\">\u00a0<\/p>\n<p style=\"text-align: justify;\">Uno de los colectivos que mantiene una estrecha relaci\u00f3n con el 1-1-2 Canarias es el consular, dentro de la atenci\u00f3n que prestan a sus compatriotas cuando se encuentran en una situaci\u00f3n de urgencia o emergencia, y con el que se trabaja desde el Centro Coordinador con el sistema de \u201calerta temprana\u201d. Este sistema ofrece informaci\u00f3n a las sedes consulares, asociaciones hoteleras, operadores tur\u00edsticos, agencias de viajes, etc., sobre las alertas por fen\u00f3menos meteorol\u00f3gicos y riesgo de incendios forestales que declara el Gobierno de Canarias, as\u00ed como las recomendaciones a seguir para que sean transmitidas a los turistas que se encuentran en el Archipi\u00e9lago.\u00a0<\/p>\n<div class=\"pvc_clear\"><\/div>\n<p id=\"pvc_stats_593\" class=\"pvc_stats all  \" data-element-id=\"593\" style=\"\"><i class=\"pvc-stats-icon medium\" aria-hidden=\"true\"><svg aria-hidden=\"true\" focusable=\"false\" data-prefix=\"far\" data-icon=\"chart-bar\" role=\"img\" xmlns=\"http:\/\/www.w3.org\/2000\/svg\" viewBox=\"0 0 512 512\" class=\"svg-inline--fa fa-chart-bar fa-w-16 fa-2x\"><path fill=\"currentColor\" d=\"M396.8 352h22.4c6.4 0 12.8-6.4 12.8-12.8V108.8c0-6.4-6.4-12.8-12.8-12.8h-22.4c-6.4 0-12.8 6.4-12.8 12.8v230.4c0 6.4 6.4 12.8 12.8 12.8zm-192 0h22.4c6.4 0 12.8-6.4 12.8-12.8V140.8c0-6.4-6.4-12.8-12.8-12.8h-22.4c-6.4 0-12.8 6.4-12.8 12.8v198.4c0 6.4 6.4 12.8 12.8 12.8zm96 0h22.4c6.4 0 12.8-6.4 12.8-12.8V204.8c0-6.4-6.4-12.8-12.8-12.8h-22.4c-6.4 0-12.8 6.4-12.8 12.8v134.4c0 6.4 6.4 12.8 12.8 12.8zM496 400H48V80c0-8.84-7.16-16-16-16H16C7.16 64 0 71.16 0 80v336c0 17.67 14.33 32 32 32h464c8.84 0 16-7.16 16-16v-16c0-8.84-7.16-16-16-16zm-387.2-48h22.4c6.4 0 12.8-6.4 12.8-12.8v-70.4c0-6.4-6.4-12.8-12.8-12.8h-22.4c-6.4 0-12.8 6.4-12.8 12.8v70.4c0 6.4 6.4 12.8 12.8 12.8z\" class=\"\"><\/path><\/svg><\/i> <\/p>\n<div class=\"pvc_clear\"><\/div>\n<div class=\"print\"><span class=\"page_title\">P\u00e1gina: <span>1-1-2 Canarias, referente en la difusi\u00f3n de consejos de autoprotecci\u00f3n y de la cultura de emergencias en 2016<\/span><\/span>\n\t\t\t\t\t\t\t\t\t\t\t<span class=\"stmp_trans_date\">\u00daltima actualizaci\u00f3n: <span>19\/02\/2017 - 18:30:35<\/span><\/span>\n\t\t\t\t\t\t\t\t\t\t\t<span class=\"stmp_trans_date\">Fecha publicaci\u00f3n: <span>19\/02\/2017 - 18:30:35<\/span><\/span>\n\t\t\t\t\t\t\t\t\t\t\t<span class=\"stmp_trans_date\">Fecha creaci\u00f3n: <span>19\/02\/2017 - 18:30:35<\/span><\/span><\/div>","protected":false},"excerpt":{"rendered":"<p>\u00a0 19\/02\/2017 El Centro Coordinador de Emergencias y Seguridad (CECOES) 1-1-2, servicio dependiente de la Consejer\u00eda de Pol\u00edtica Territorial, Sostenibilidad y Seguridad del Gobierno de Canarias, se ha convertido en los \u00faltimos a\u00f1os en referente de difusi\u00f3n de la autoprotecci\u00f3n y la cultura preventiva. La&#8230;<\/p>\n<div class=\"pvc_clear\"><\/div>\n<p id=\"pvc_stats_593\" class=\"pvc_stats all  \" data-element-id=\"593\" style=\"\"><i class=\"pvc-stats-icon medium\" aria-hidden=\"true\"><svg aria-hidden=\"true\" focusable=\"false\" data-prefix=\"far\" data-icon=\"chart-bar\" role=\"img\" xmlns=\"http:\/\/www.w3.org\/2000\/svg\" viewBox=\"0 0 512 512\" class=\"svg-inline--fa fa-chart-bar fa-w-16 fa-2x\"><path fill=\"currentColor\" d=\"M396.8 352h22.4c6.4 0 12.8-6.4 12.8-12.8V108.8c0-6.4-6.4-12.8-12.8-12.8h-22.4c-6.4 0-12.8 6.4-12.8 12.8v230.4c0 6.4 6.4 12.8 12.8 12.8zm-192 0h22.4c6.4 0 12.8-6.4 12.8-12.8V140.8c0-6.4-6.4-12.8-12.8-12.8h-22.4c-6.4 0-12.8 6.4-12.8 12.8v198.4c0 6.4 6.4 12.8 12.8 12.8zm96 0h22.4c6.4 0 12.8-6.4 12.8-12.8V204.8c0-6.4-6.4-12.8-12.8-12.8h-22.4c-6.4 0-12.8 6.4-12.8 12.8v134.4c0 6.4 6.4 12.8 12.8 12.8zM496 400H48V80c0-8.84-7.16-16-16-16H16C7.16 64 0 71.16 0 80v336c0 17.67 14.33 32 32 32h464c8.84 0 16-7.16 16-16v-16c0-8.84-7.16-16-16-16zm-387.2-48h22.4c6.4 0 12.8-6.4 12.8-12.8v-70.4c0-6.4-6.4-12.8-12.8-12.8h-22.4c-6.4 0-12.8 6.4-12.8 12.8v70.4c0 6.4 6.4 12.8 12.8 12.8z\" class=\"\"><\/path><\/svg><\/i> <img loading=\"lazy\" decoding=\"async\" width=\"16\" height=\"16\" alt=\"Loading\" src=\"https:\/\/www.112canarias.com\/112\/wp-content\/plugins\/page-views-count\/ajax-loader-2x.gif\" border=0 \/><\/p>\n<div class=\"pvc_clear\"><\/div>\n","protected":false},"author":1,"featured_media":592,"comment_status":"open","ping_status":"open","sticky":false,"template":"","format":"standard","meta":{"footnotes":""},"categories":[10],"tags":[],"class_list":["post-593","post","type-post","status-publish","format-standard","has-post-thumbnail","hentry","category-ultimasnoticas"],"_links":{"self":[{"href":"https:\/\/www.112canarias.com\/112\/wp-json\/wp\/v2\/posts\/593","targetHints":{"allow":["GET"]}}],"collection":[{"href":"https:\/\/www.112canarias.com\/112\/wp-json\/wp\/v2\/posts"}],"about":[{"href":"https:\/\/www.112canarias.com\/112\/wp-json\/wp\/v2\/types\/post"}],"author":[{"embeddable":true,"href":"https:\/\/www.112canarias.com\/112\/wp-json\/wp\/v2\/users\/1"}],"replies":[{"embeddable":true,"href":"https:\/\/www.112canarias.com\/112\/wp-json\/wp\/v2\/comments?post=593"}],"version-history":[{"count":0,"href":"https:\/\/www.112canarias.com\/112\/wp-json\/wp\/v2\/posts\/593\/revisions"}],"wp:featuredmedia":[{"embeddable":true,"href":"https:\/\/www.112canarias.com\/112\/wp-json\/wp\/v2\/media\/592"}],"wp:attachment":[{"href":"https:\/\/www.112canarias.com\/112\/wp-json\/wp\/v2\/media?parent=593"}],"wp:term":[{"taxonomy":"category","embeddable":true,"href":"https:\/\/www.112canarias.com\/112\/wp-json\/wp\/v2\/categories?post=593"},{"taxonomy":"post_tag","embeddable":true,"href":"https:\/\/www.112canarias.com\/112\/wp-json\/wp\/v2\/tags?post=593"}],"curies":[{"name":"wp","href":"https:\/\/api.w.org\/{rel}","templated":true}]}}