{"id":604,"date":"2013-10-23T23:00:00","date_gmt":"2013-10-23T23:00:00","guid":{"rendered":"http:\/\/www.112canarias.com\/112\/2013\/10\/23\/22-00-la-zona-mas-afectada-por-el-incendio-originado-en-la-cumbre-de-gran-canaria-se-localiza-en-las-lagunetas\/"},"modified":"2013-10-23T23:00:00","modified_gmt":"2013-10-23T23:00:00","slug":"22-00-la-zona-mas-afectada-por-el-incendio-originado-en-la-cumbre-de-gran-canaria-se-localiza-en-las-lagunetas","status":"publish","type":"post","link":"https:\/\/www.112canarias.com\/112\/22-00-la-zona-mas-afectada-por-el-incendio-originado-en-la-cumbre-de-gran-canaria-se-localiza-en-las-lagunetas\/","title":{"rendered":"22:00 La zona m\u00e1s afectada por el incendio originado en la cumbre de Gran Canaria se localiza en Las Lagunetas"},"content":{"rendered":"<p><strong>Se presta especial atenci\u00f3n a los focos de Ar\u00ed\u00f1ez y Degollada de Becerra<\/strong><\/p>\n<p style=\"text-align: justify;\">La zona m\u00e1s afectada por el incendio iniciado este mediod\u00eda en la cumbre de Gran Canaria se localiza en Las Lagunetas. En estos momentos, los equipos de extinci\u00f3n terrestres tambi\u00e9n trabajan sobre focos aislados como Ar\u00ed\u00f1ez y Degollada de Becerra.<\/p>\n<p style=\"text-align: justify;\">El avance del fuego oblig\u00f3 durante el d\u00eda de hoy al desalojo de los vecinos  de Las Lagunetas, El Estanco y La Solana, de los cuales unos 60 han sido realojados en el albergue que protecci\u00f3n civil municipal ha acondicionado en el Polideportivo de San Mateo, mientras que el resto pernoctar\u00e1 en casas de familiares y amigos.<\/p>\n<p style=\"text-align: justify;\">Asimismo, y como medida de seguridad, se mantienen cerradas las carreteras que van desde la rotonda de Bandama hasta Tejeda, la GC-15, desde el kil\u00f3metro 17,9 al 24,5; la carretera de Moya a Gu\u00eda (GC-150) entre los kil\u00f3metros 5 y 13; y la carretera de Arucas a Teror (GC-230) desde su inicio hasta el kil\u00f3metro 2.<\/p>\n<p style=\"text-align: justify;\">Seg\u00fan las previsiones meteorol\u00f3gicas, esta madrugada se prev\u00e9 un incremento de la humedad y un descenso de las temperaturas,  lo que podr\u00eda favorecer las tareas de extinci\u00f3n en zona cuya vegetaci\u00f3n se caracteriza, en la zona alta por retamar de cumbre, matorral bajo, pino y casta\u00f1o; y en la zona baja por pinar.<\/p>\n<p style=\"text-align: justify;\">Una de las medidas adoptadas por el Gobierno de Canarias tras asumir la direcci\u00f3n del Plan de Protecci\u00f3n Civil fue la solicitud al Estado de la activaci\u00f3n de la Unidad Militar de Emergencias que ya ha desplazado sus primeras unidades hacia la zona afectada, trabajando en la zona de interfase urbano-forestal. Asimismo se ha desalojado el Camping del Gara\u00f1\u00f3n como medida meramente preventiva, para evitar el tr\u00e1nsito nocturno de familiares para recoger a los menores all\u00ed acampados.<\/p>\n<p style=\"text-align: justify;\"><strong>Amplio dispositivo <\/strong><\/p>\n<p style=\"text-align: justify;\">Desde la recepci\u00f3n de la primera alerta en el Centro Coordinador de Emergencias y Seguridad (CECOES) 1-1-2 del Gobierno de Canarias, a las 12:04 horas, un amplio dispositivo integrado por medios a\u00e9reos y terrestres ha estado trabajando durante toda la jornada.<\/p>\n<p style=\"text-align: justify;\">Bajo la direcci\u00f3n inicial del Cabildo de Gran Canaria participaron los recursos insulares (PRESA, Consorcio de Emergencias de Gran Canaria, Medio Ambiente),  municipales (protecci\u00f3n civil y Polic\u00edas Locales) y el Gobierno de Canarias con dos helic\u00f3pteros del GES, el helic\u00f3ptero Kamov, el Cuerpo General de la Polic\u00eda Canaria y personal t\u00e9cnico de guardia. A ellos se sumaron una brigada forestal (BRIFOR) del Cabildo de Tenerife, Cruz Roja y Guardia Civil.<\/p>\n<p style=\"text-align: justify;\">Por su parte el Servicio de Urgencias Canario desplaz\u00f3 a la zona, de manera preventiva, un veh\u00edculo de intervenci\u00f3n r\u00e1pida con un m\u00e9dico de urgencias, tres ambulancias y un veh\u00edculo especial de emergencias. Este dispositivo asisti\u00f3 a algunas personas con cuadros de ansiedad leve sin que fuera necesario su traslado a ning\u00fan centro sanitario.<\/p>\n<p style=\"text-align: justify;\">Desde que el Gobierno de Canarias asumiera la direcci\u00f3n del Plan, se incorpor\u00f3 la UME y se retiraron los medios a\u00e9reos que reanudar\u00e1n su actividad a primera hora de la ma\u00f1ana.<\/p>\n<\/p>\n<div class=\"pvc_clear\"><\/div>\n<p id=\"pvc_stats_604\" class=\"pvc_stats all  \" data-element-id=\"604\" style=\"\"><i class=\"pvc-stats-icon medium\" aria-hidden=\"true\"><svg aria-hidden=\"true\" focusable=\"false\" data-prefix=\"far\" data-icon=\"chart-bar\" role=\"img\" xmlns=\"http:\/\/www.w3.org\/2000\/svg\" viewBox=\"0 0 512 512\" class=\"svg-inline--fa fa-chart-bar fa-w-16 fa-2x\"><path fill=\"currentColor\" d=\"M396.8 352h22.4c6.4 0 12.8-6.4 12.8-12.8V108.8c0-6.4-6.4-12.8-12.8-12.8h-22.4c-6.4 0-12.8 6.4-12.8 12.8v230.4c0 6.4 6.4 12.8 12.8 12.8zm-192 0h22.4c6.4 0 12.8-6.4 12.8-12.8V140.8c0-6.4-6.4-12.8-12.8-12.8h-22.4c-6.4 0-12.8 6.4-12.8 12.8v198.4c0 6.4 6.4 12.8 12.8 12.8zm96 0h22.4c6.4 0 12.8-6.4 12.8-12.8V204.8c0-6.4-6.4-12.8-12.8-12.8h-22.4c-6.4 0-12.8 6.4-12.8 12.8v134.4c0 6.4 6.4 12.8 12.8 12.8zM496 400H48V80c0-8.84-7.16-16-16-16H16C7.16 64 0 71.16 0 80v336c0 17.67 14.33 32 32 32h464c8.84 0 16-7.16 16-16v-16c0-8.84-7.16-16-16-16zm-387.2-48h22.4c6.4 0 12.8-6.4 12.8-12.8v-70.4c0-6.4-6.4-12.8-12.8-12.8h-22.4c-6.4 0-12.8 6.4-12.8 12.8v70.4c0 6.4 6.4 12.8 12.8 12.8z\" class=\"\"><\/path><\/svg><\/i> <\/p>\n<div class=\"pvc_clear\"><\/div>\n<div class=\"print\"><span class=\"page_title\">P\u00e1gina: <span>22:00 La zona m\u00e1s afectada por el incendio originado en la cumbre de Gran Canaria se localiza en Las Lagunetas<\/span><\/span>\n\t\t\t\t\t\t\t\t\t\t\t<span class=\"stmp_trans_date\">\u00daltima actualizaci\u00f3n: <span>23\/10\/2013 - 23:00:00<\/span><\/span>\n\t\t\t\t\t\t\t\t\t\t\t<span class=\"stmp_trans_date\">Fecha publicaci\u00f3n: <span>23\/10\/2013 - 23:00:00<\/span><\/span>\n\t\t\t\t\t\t\t\t\t\t\t<span class=\"stmp_trans_date\">Fecha creaci\u00f3n: <span>23\/10\/2013 - 23:00:00<\/span><\/span><\/div>","protected":false},"excerpt":{"rendered":"<p>Se presta especial atenci\u00f3n a los focos de Ar\u00ed\u00f1ez y Degollada de Becerra La zona m\u00e1s afectada por el incendio iniciado este mediod\u00eda en la cumbre de Gran Canaria se localiza en Las Lagunetas. En estos momentos, los equipos de extinci\u00f3n terrestres tambi\u00e9n trabajan sobre&#8230;<\/p>\n<div class=\"pvc_clear\"><\/div>\n<p id=\"pvc_stats_604\" class=\"pvc_stats all  \" data-element-id=\"604\" style=\"\"><i class=\"pvc-stats-icon medium\" aria-hidden=\"true\"><svg aria-hidden=\"true\" focusable=\"false\" data-prefix=\"far\" data-icon=\"chart-bar\" role=\"img\" xmlns=\"http:\/\/www.w3.org\/2000\/svg\" viewBox=\"0 0 512 512\" class=\"svg-inline--fa fa-chart-bar fa-w-16 fa-2x\"><path fill=\"currentColor\" d=\"M396.8 352h22.4c6.4 0 12.8-6.4 12.8-12.8V108.8c0-6.4-6.4-12.8-12.8-12.8h-22.4c-6.4 0-12.8 6.4-12.8 12.8v230.4c0 6.4 6.4 12.8 12.8 12.8zm-192 0h22.4c6.4 0 12.8-6.4 12.8-12.8V140.8c0-6.4-6.4-12.8-12.8-12.8h-22.4c-6.4 0-12.8 6.4-12.8 12.8v198.4c0 6.4 6.4 12.8 12.8 12.8zm96 0h22.4c6.4 0 12.8-6.4 12.8-12.8V204.8c0-6.4-6.4-12.8-12.8-12.8h-22.4c-6.4 0-12.8 6.4-12.8 12.8v134.4c0 6.4 6.4 12.8 12.8 12.8zM496 400H48V80c0-8.84-7.16-16-16-16H16C7.16 64 0 71.16 0 80v336c0 17.67 14.33 32 32 32h464c8.84 0 16-7.16 16-16v-16c0-8.84-7.16-16-16-16zm-387.2-48h22.4c6.4 0 12.8-6.4 12.8-12.8v-70.4c0-6.4-6.4-12.8-12.8-12.8h-22.4c-6.4 0-12.8 6.4-12.8 12.8v70.4c0 6.4 6.4 12.8 12.8 12.8z\" class=\"\"><\/path><\/svg><\/i> <img loading=\"lazy\" decoding=\"async\" width=\"16\" height=\"16\" alt=\"Loading\" src=\"https:\/\/www.112canarias.com\/112\/wp-content\/plugins\/page-views-count\/ajax-loader-2x.gif\" border=0 \/><\/p>\n<div class=\"pvc_clear\"><\/div>\n","protected":false},"author":1,"featured_media":0,"comment_status":"open","ping_status":"open","sticky":false,"template":"","format":"standard","meta":{"footnotes":""},"categories":[10],"tags":[],"class_list":["post-604","post","type-post","status-publish","format-standard","has-post-thumbnail","hentry","category-ultimasnoticas"],"_links":{"self":[{"href":"https:\/\/www.112canarias.com\/112\/wp-json\/wp\/v2\/posts\/604","targetHints":{"allow":["GET"]}}],"collection":[{"href":"https:\/\/www.112canarias.com\/112\/wp-json\/wp\/v2\/posts"}],"about":[{"href":"https:\/\/www.112canarias.com\/112\/wp-json\/wp\/v2\/types\/post"}],"author":[{"embeddable":true,"href":"https:\/\/www.112canarias.com\/112\/wp-json\/wp\/v2\/users\/1"}],"replies":[{"embeddable":true,"href":"https:\/\/www.112canarias.com\/112\/wp-json\/wp\/v2\/comments?post=604"}],"version-history":[{"count":0,"href":"https:\/\/www.112canarias.com\/112\/wp-json\/wp\/v2\/posts\/604\/revisions"}],"wp:attachment":[{"href":"https:\/\/www.112canarias.com\/112\/wp-json\/wp\/v2\/media?parent=604"}],"wp:term":[{"taxonomy":"category","embeddable":true,"href":"https:\/\/www.112canarias.com\/112\/wp-json\/wp\/v2\/categories?post=604"},{"taxonomy":"post_tag","embeddable":true,"href":"https:\/\/www.112canarias.com\/112\/wp-json\/wp\/v2\/tags?post=604"}],"curies":[{"name":"wp","href":"https:\/\/api.w.org\/{rel}","templated":true}]}}