{"id":6053,"date":"2024-03-07T13:09:03","date_gmt":"2024-03-07T13:09:03","guid":{"rendered":"https:\/\/www.112canarias.com\/112\/?p=6053"},"modified":"2024-03-07T13:21:51","modified_gmt":"2024-03-07T13:21:51","slug":"el-gobierno-activa-la-prealerta-por-fenomenos-costeros-por-el-regreso-del-mal-estado-de-la-mar-a-toda-canarias","status":"publish","type":"post","link":"https:\/\/www.112canarias.com\/112\/el-gobierno-activa-la-prealerta-por-fenomenos-costeros-por-el-regreso-del-mal-estado-de-la-mar-a-toda-canarias\/","title":{"rendered":"El Gobierno activa la prealerta por fen\u00f3menos costeros por el regreso del mal estado de la mar a toda Canarias"},"content":{"rendered":"<blockquote><p>Se esperan olas del noroeste de entre tres y cuatro metros y medio de altura, que pueden alcanzar los seis metros en el litoral oeste de La Palma, El Hierro, Fuerteventura y Lanzarote<\/p>\n<p>El oleaje ser\u00e1 especialmente intenso durante las pleamares de hoy jueves 7 de marzo y ma\u00f1ana viernes 8 de marzo<\/p><\/blockquote>\n<p><strong>El Gobierno de Canarias, a trav\u00e9s de la Direcci\u00f3n General de Emergencias, ha declarado la situaci\u00f3n de prealerta por fen\u00f3menos costeros en todo el archipi\u00e9lago, a partir de las 18:00 horas de hoy jueves, 7 de marzo, ante las previsiones meteorol\u00f3gicas facilitadas por la Agencia Estatal de Meteorolog\u00eda y otras fuentes disponibles, que apuntan al regreso del mal estado de la mar a todas las islas. Ante esta situaci\u00f3n se procede a la aplicaci\u00f3n del Plan Espec\u00edfico de Emergencias de Canarias por Riesgos de Fen\u00f3menos Meteorol\u00f3gicos Adversos (PEFMA).<\/strong><\/p>\n<p>Se prev\u00e9 mar de fondo por viento del norte que provocar\u00e1 \u00e1reas de fuerte marejada en altamar entre las islas. En estas zonas se esperan olas del noroeste de entre tres y cuatro metros y medio de altura. El oleaje ser\u00e1 m\u00e1s intenso en las zonas del litoral del norte y en la franja costera del oeste de La Palma, El Hierro, Fuerteventura y Lanzarote, pudiendo registrarse olas de entre cuatro a seis metros de altura.<\/p>\n<p>La situaci\u00f3n ser\u00e1 especialmente intensa entre las 23:25 y las 23:45 horas de hoy, jueves, y entre las 11:55 y las 12:20 horas de ma\u00f1ana, viernes 8 de marzo, al coincidir con las pleamares. El oleaje tender\u00e1 a remitir durante la segunda mitad de ma\u00f1ana viernes.<\/p>\n<p>Por este motivo, el Gobierno de Canarias recomienda a la poblaci\u00f3n que extreme las precauciones en las costas de las islas e insiste en la importancia de poner en pr\u00e1ctica los consejos de autoprotecci\u00f3n para evitar riesgos en el mar.<\/p>\n<p>En esta l\u00ednea, es conveniente aplazar las actividades n\u00e1uticas o deportivas y no ba\u00f1arse en playas apartadas o sin vigilancia y, si se aprecia cierto oleaje fuera de lo normal, no permanecer cerca del mar, ni acercarse aunque se calme de repente.<\/p>\n<p>Adem\u00e1s, es fundamental no situarse en muelles y escolleras, ni permanecer en lugares cercanos al mar para evitar ser golpeados o arrastrados por el oleaje. Cabe recordar que, en las playas con bandera roja, est\u00e1 prohibido el ba\u00f1o y que se deben seguir en todo momento las indicaciones del personal de salvamento y socorrismo.<\/p>\n<div class=\"pvc_clear\"><\/div>\n<p id=\"pvc_stats_6053\" class=\"pvc_stats all  \" data-element-id=\"6053\" style=\"\"><i class=\"pvc-stats-icon medium\" aria-hidden=\"true\"><svg aria-hidden=\"true\" focusable=\"false\" data-prefix=\"far\" data-icon=\"chart-bar\" role=\"img\" xmlns=\"http:\/\/www.w3.org\/2000\/svg\" viewBox=\"0 0 512 512\" class=\"svg-inline--fa fa-chart-bar fa-w-16 fa-2x\"><path fill=\"currentColor\" d=\"M396.8 352h22.4c6.4 0 12.8-6.4 12.8-12.8V108.8c0-6.4-6.4-12.8-12.8-12.8h-22.4c-6.4 0-12.8 6.4-12.8 12.8v230.4c0 6.4 6.4 12.8 12.8 12.8zm-192 0h22.4c6.4 0 12.8-6.4 12.8-12.8V140.8c0-6.4-6.4-12.8-12.8-12.8h-22.4c-6.4 0-12.8 6.4-12.8 12.8v198.4c0 6.4 6.4 12.8 12.8 12.8zm96 0h22.4c6.4 0 12.8-6.4 12.8-12.8V204.8c0-6.4-6.4-12.8-12.8-12.8h-22.4c-6.4 0-12.8 6.4-12.8 12.8v134.4c0 6.4 6.4 12.8 12.8 12.8zM496 400H48V80c0-8.84-7.16-16-16-16H16C7.16 64 0 71.16 0 80v336c0 17.67 14.33 32 32 32h464c8.84 0 16-7.16 16-16v-16c0-8.84-7.16-16-16-16zm-387.2-48h22.4c6.4 0 12.8-6.4 12.8-12.8v-70.4c0-6.4-6.4-12.8-12.8-12.8h-22.4c-6.4 0-12.8 6.4-12.8 12.8v70.4c0 6.4 6.4 12.8 12.8 12.8z\" class=\"\"><\/path><\/svg><\/i> <\/p>\n<div class=\"pvc_clear\"><\/div>\n<div class=\"print\"><span class=\"page_title\">P\u00e1gina: <span>El Gobierno activa la prealerta por fen\u00f3menos costeros por el regreso del mal estado de la mar a toda Canarias<\/span><\/span>\n\t\t\t\t\t\t\t\t\t\t\t<span class=\"stmp_trans_date\">\u00daltima actualizaci\u00f3n: <span>07\/03\/2024 - 13:21:51<\/span><\/span>\n\t\t\t\t\t\t\t\t\t\t\t<span class=\"stmp_trans_date\">Fecha publicaci\u00f3n: <span>07\/03\/2024 - 13:09:03<\/span><\/span>\n\t\t\t\t\t\t\t\t\t\t\t<span class=\"stmp_trans_date\">Fecha creaci\u00f3n: <span>07\/03\/2024 - 13:09:03<\/span><\/span><\/div>","protected":false},"excerpt":{"rendered":"<p>Se esperan olas del noroeste de entre tres y cuatro metros y medio de altura, que pueden alcanzar los seis metros en el litoral oeste de La Palma, El Hierro, Fuerteventura y Lanzarote El oleaje ser\u00e1 especialmente intenso durante las pleamares de hoy jueves 7&#8230;<\/p>\n<div class=\"pvc_clear\"><\/div>\n<p id=\"pvc_stats_6053\" class=\"pvc_stats all  \" data-element-id=\"6053\" style=\"\"><i class=\"pvc-stats-icon medium\" aria-hidden=\"true\"><svg aria-hidden=\"true\" focusable=\"false\" data-prefix=\"far\" data-icon=\"chart-bar\" role=\"img\" xmlns=\"http:\/\/www.w3.org\/2000\/svg\" viewBox=\"0 0 512 512\" class=\"svg-inline--fa fa-chart-bar fa-w-16 fa-2x\"><path fill=\"currentColor\" d=\"M396.8 352h22.4c6.4 0 12.8-6.4 12.8-12.8V108.8c0-6.4-6.4-12.8-12.8-12.8h-22.4c-6.4 0-12.8 6.4-12.8 12.8v230.4c0 6.4 6.4 12.8 12.8 12.8zm-192 0h22.4c6.4 0 12.8-6.4 12.8-12.8V140.8c0-6.4-6.4-12.8-12.8-12.8h-22.4c-6.4 0-12.8 6.4-12.8 12.8v198.4c0 6.4 6.4 12.8 12.8 12.8zm96 0h22.4c6.4 0 12.8-6.4 12.8-12.8V204.8c0-6.4-6.4-12.8-12.8-12.8h-22.4c-6.4 0-12.8 6.4-12.8 12.8v134.4c0 6.4 6.4 12.8 12.8 12.8zM496 400H48V80c0-8.84-7.16-16-16-16H16C7.16 64 0 71.16 0 80v336c0 17.67 14.33 32 32 32h464c8.84 0 16-7.16 16-16v-16c0-8.84-7.16-16-16-16zm-387.2-48h22.4c6.4 0 12.8-6.4 12.8-12.8v-70.4c0-6.4-6.4-12.8-12.8-12.8h-22.4c-6.4 0-12.8 6.4-12.8 12.8v70.4c0 6.4 6.4 12.8 12.8 12.8z\" class=\"\"><\/path><\/svg><\/i> <img loading=\"lazy\" decoding=\"async\" width=\"16\" height=\"16\" alt=\"Loading\" src=\"https:\/\/www.112canarias.com\/112\/wp-content\/plugins\/page-views-count\/ajax-loader-2x.gif\" border=0 \/><\/p>\n<div class=\"pvc_clear\"><\/div>\n","protected":false},"author":12,"featured_media":6054,"comment_status":"open","ping_status":"open","sticky":false,"template":"","format":"standard","meta":{"footnotes":""},"categories":[9,10],"tags":[],"class_list":["post-6053","post","type-post","status-publish","format-standard","has-post-thumbnail","hentry","category-noticias","category-ultimasnoticas"],"_links":{"self":[{"href":"https:\/\/www.112canarias.com\/112\/wp-json\/wp\/v2\/posts\/6053","targetHints":{"allow":["GET"]}}],"collection":[{"href":"https:\/\/www.112canarias.com\/112\/wp-json\/wp\/v2\/posts"}],"about":[{"href":"https:\/\/www.112canarias.com\/112\/wp-json\/wp\/v2\/types\/post"}],"author":[{"embeddable":true,"href":"https:\/\/www.112canarias.com\/112\/wp-json\/wp\/v2\/users\/12"}],"replies":[{"embeddable":true,"href":"https:\/\/www.112canarias.com\/112\/wp-json\/wp\/v2\/comments?post=6053"}],"version-history":[{"count":1,"href":"https:\/\/www.112canarias.com\/112\/wp-json\/wp\/v2\/posts\/6053\/revisions"}],"predecessor-version":[{"id":6055,"href":"https:\/\/www.112canarias.com\/112\/wp-json\/wp\/v2\/posts\/6053\/revisions\/6055"}],"wp:featuredmedia":[{"embeddable":true,"href":"https:\/\/www.112canarias.com\/112\/wp-json\/wp\/v2\/media\/6054"}],"wp:attachment":[{"href":"https:\/\/www.112canarias.com\/112\/wp-json\/wp\/v2\/media?parent=6053"}],"wp:term":[{"taxonomy":"category","embeddable":true,"href":"https:\/\/www.112canarias.com\/112\/wp-json\/wp\/v2\/categories?post=6053"},{"taxonomy":"post_tag","embeddable":true,"href":"https:\/\/www.112canarias.com\/112\/wp-json\/wp\/v2\/tags?post=6053"}],"curies":[{"name":"wp","href":"https:\/\/api.w.org\/{rel}","templated":true}]}}