{"id":615,"date":"2013-08-08T23:00:00","date_gmt":"2013-08-08T23:00:00","guid":{"rendered":"http:\/\/www.112canarias.com\/112\/2013\/08\/08\/112canarias-tuitea-como-prevenir-y-actuar-ante-incendios-forestales-en-su-campana-informativa-riesgo0\/"},"modified":"2013-08-08T23:00:00","modified_gmt":"2013-08-08T23:00:00","slug":"112canarias-tuitea-como-prevenir-y-actuar-ante-incendios-forestales-en-su-campana-informativa-riesgo0","status":"publish","type":"post","link":"https:\/\/www.112canarias.com\/112\/112canarias-tuitea-como-prevenir-y-actuar-ante-incendios-forestales-en-su-campana-informativa-riesgo0\/","title":{"rendered":"@112canarias tuitea c\u00f3mo prevenir y actuar ante incendios forestales en su campa\u00f1a informativa #Riesgo0"},"content":{"rendered":"<p><\/p>\n<p style=\"text-align: justify;\"><strong>Persigue inculcar en la poblaci\u00f3n la cultura de las emergencias para que sepa prevenir y actuar ante una situaci\u00f3n de riesgo<\/strong><\/p>\n<p style=\"text-align: justify;\">El Centro Coordinador de Emergencias y Seguridad (CECOES) 1-1-2, servicio que depende de la Consejer\u00eda de Econom\u00eda, Hacienda y Seguridad del Gobierno de Canarias, ha comenzado a difundir esta semana en su perfil de Twitter, @112canarias, informaci\u00f3n sobre c\u00f3mo prevenir y actuar ante un incendio forestal, con motivo de la declaraci\u00f3n en el d\u00eda de ayer de la situaci\u00f3n de alerta m\u00e1xima por riesgo de incendio forestal prevista en el Plan de Protecci\u00f3n Civil y Atenci\u00f3n a las Emergencias por Incendios Forestales, INFOCA, y que afectar\u00e1 fundamentalmente a la zona de median\u00edas y cumbres de las islas occidentales y Gran Canaria.<\/p>\n<p style=\"text-align: justify;\">Asimismo en el d\u00eda de hoy, la Direcci\u00f3n General de Seguridad y Emergencias ha declarado la situaci\u00f3n de alerta por temperaturas m\u00e1ximas en el Archipi\u00e9lago a partir de ma\u00f1ana s\u00e1bado, a partir de las 10:00 horas, siguiendo el protocolo establecido por el Plan de Protecci\u00f3n Civil ante Fen\u00f3menos Meteorol\u00f3gicos Adversos (PEFMA)<\/p>\n<p style=\"text-align: justify;\"> En este sentido, @112canarias tuitea desde ayer los principales consejos relacionados con la prevenci\u00f3n y autoprotecci\u00f3n ante incendios forestales que reciben sus m\u00e1s de 25.000 seguidores con la etiqueta o hashtag #Riesgo0. Como premisa,  llamar siempre al 1-1-2 en caso de encontrarse ante un fuego para que los equipos de seguridad y emergencia puedan actuar lo m\u00e1s r\u00e1pido posible.<\/p>\n<p style=\"text-align: justify;\">Consejos sencillos, f\u00e1ciles de poner en pr\u00e1ctica, e indispensables si queremos evitar riegos, recordar\u00e1n que en el monte s\u00f3lo se debe hacer fuego en los fogones de las \u00e1reas recreativas, siempre que las autoridades no indiquen lo contrario, y que es fundamental apagarlo bien antes de marcharse del lugar. Tambi\u00e9n servir\u00e1n para informar que si nos encontramos en una zona en la que se ha declarado un incendio forestal y el fuego nos rodea, debemos intentar llegar a la zona ya quemada, alej\u00e1ndonos de las llamas por los laterales, en sentido contrario al viento.  En cuanto a la informaci\u00f3n ante este tipo de incidentes, es recomendable seguir  perfiles oficiales en redes sociales, comprobando siempre el origen de la informaci\u00f3n antes de retuitear para evitar bulos y alarmar a la poblaci\u00f3n.<\/p>\n<p style=\"text-align: justify;\">De esta forma, @112canarias da continuaci\u00f3n a la campa\u00f1a informativa \u201cRiesgo 0\u201d iniciada en Semana Santa en la que se facilitaron consejos relacionados con las actividades que habitualmente realiza la poblaci\u00f3n en las \u00e9pocas vacacionales, ya fuera en la playa, la monta\u00f1a o en espect\u00e1culos p\u00fablicos, con el objetivo de inculcar en la poblaci\u00f3n la denominada cultura de las emergencias.<\/p>\n<p style=\"text-align: justify;\">Para consultar o ampliar la informaci\u00f3n relacionada con este tipo de consejos en cualquier momento, la web del Gobierno de Canarias facilita un extenso listado en el que se describen diferentes situaciones y las correspondientes recomendaciones:<\/p>\n<p style=\"text-align: justify;\"> <a href=\"http:\/\/www.gobiernodecanarias.org\/dgse\/temas\/consejos.html\">http:\/\/www.gobiernodecanarias.org\/dgse\/temas\/consejos.html<\/a><\/p>\n<p class=\"COMUNICTEXTO\" style=\"text-align: justify;\"> Asimismo los v\u00eddeos con consejos de autoprotecci\u00f3n en caso de Fen\u00f3meno Meteorol\u00f3gicos Adversos en el que se incluye uno dirigido especialmente a situaciones de calor y calima, se puede visualizar y descargar en:<\/p>\n<p class=\"COMUNICTEXTO\" style=\"text-align: justify;\"><a href=\"http:\/\/www.gobiernodecanarias.org\/dgse\/temas\/multimedia.html\">http:\/\/www.gobiernodecanarias.org\/dgse\/temas\/multimedia.html<\/a>.<\/p>\n<div class=\"pvc_clear\"><\/div>\n<p id=\"pvc_stats_615\" class=\"pvc_stats all  \" data-element-id=\"615\" style=\"\"><i class=\"pvc-stats-icon medium\" aria-hidden=\"true\"><svg aria-hidden=\"true\" focusable=\"false\" data-prefix=\"far\" data-icon=\"chart-bar\" role=\"img\" xmlns=\"http:\/\/www.w3.org\/2000\/svg\" viewBox=\"0 0 512 512\" class=\"svg-inline--fa fa-chart-bar fa-w-16 fa-2x\"><path fill=\"currentColor\" d=\"M396.8 352h22.4c6.4 0 12.8-6.4 12.8-12.8V108.8c0-6.4-6.4-12.8-12.8-12.8h-22.4c-6.4 0-12.8 6.4-12.8 12.8v230.4c0 6.4 6.4 12.8 12.8 12.8zm-192 0h22.4c6.4 0 12.8-6.4 12.8-12.8V140.8c0-6.4-6.4-12.8-12.8-12.8h-22.4c-6.4 0-12.8 6.4-12.8 12.8v198.4c0 6.4 6.4 12.8 12.8 12.8zm96 0h22.4c6.4 0 12.8-6.4 12.8-12.8V204.8c0-6.4-6.4-12.8-12.8-12.8h-22.4c-6.4 0-12.8 6.4-12.8 12.8v134.4c0 6.4 6.4 12.8 12.8 12.8zM496 400H48V80c0-8.84-7.16-16-16-16H16C7.16 64 0 71.16 0 80v336c0 17.67 14.33 32 32 32h464c8.84 0 16-7.16 16-16v-16c0-8.84-7.16-16-16-16zm-387.2-48h22.4c6.4 0 12.8-6.4 12.8-12.8v-70.4c0-6.4-6.4-12.8-12.8-12.8h-22.4c-6.4 0-12.8 6.4-12.8 12.8v70.4c0 6.4 6.4 12.8 12.8 12.8z\" class=\"\"><\/path><\/svg><\/i> <\/p>\n<div class=\"pvc_clear\"><\/div>\n<div class=\"print\"><span class=\"page_title\">P\u00e1gina: <span>@112canarias tuitea c\u00f3mo prevenir y actuar ante incendios forestales en su campa\u00f1a informativa #Riesgo0<\/span><\/span>\n\t\t\t\t\t\t\t\t\t\t\t<span class=\"stmp_trans_date\">\u00daltima actualizaci\u00f3n: <span>08\/08\/2013 - 23:00:00<\/span><\/span>\n\t\t\t\t\t\t\t\t\t\t\t<span class=\"stmp_trans_date\">Fecha publicaci\u00f3n: <span>08\/08\/2013 - 23:00:00<\/span><\/span>\n\t\t\t\t\t\t\t\t\t\t\t<span class=\"stmp_trans_date\">Fecha creaci\u00f3n: <span>08\/08\/2013 - 23:00:00<\/span><\/span><\/div>","protected":false},"excerpt":{"rendered":"<p>Persigue inculcar en la poblaci\u00f3n la cultura de las emergencias para que sepa prevenir y actuar ante una situaci\u00f3n de riesgo El Centro Coordinador de Emergencias y Seguridad (CECOES) 1-1-2, servicio que depende de la Consejer\u00eda de Econom\u00eda, Hacienda y Seguridad del Gobierno de Canarias,&#8230;<\/p>\n<div class=\"pvc_clear\"><\/div>\n<p id=\"pvc_stats_615\" class=\"pvc_stats all  \" data-element-id=\"615\" style=\"\"><i class=\"pvc-stats-icon medium\" aria-hidden=\"true\"><svg aria-hidden=\"true\" focusable=\"false\" data-prefix=\"far\" data-icon=\"chart-bar\" role=\"img\" xmlns=\"http:\/\/www.w3.org\/2000\/svg\" viewBox=\"0 0 512 512\" class=\"svg-inline--fa fa-chart-bar fa-w-16 fa-2x\"><path fill=\"currentColor\" d=\"M396.8 352h22.4c6.4 0 12.8-6.4 12.8-12.8V108.8c0-6.4-6.4-12.8-12.8-12.8h-22.4c-6.4 0-12.8 6.4-12.8 12.8v230.4c0 6.4 6.4 12.8 12.8 12.8zm-192 0h22.4c6.4 0 12.8-6.4 12.8-12.8V140.8c0-6.4-6.4-12.8-12.8-12.8h-22.4c-6.4 0-12.8 6.4-12.8 12.8v198.4c0 6.4 6.4 12.8 12.8 12.8zm96 0h22.4c6.4 0 12.8-6.4 12.8-12.8V204.8c0-6.4-6.4-12.8-12.8-12.8h-22.4c-6.4 0-12.8 6.4-12.8 12.8v134.4c0 6.4 6.4 12.8 12.8 12.8zM496 400H48V80c0-8.84-7.16-16-16-16H16C7.16 64 0 71.16 0 80v336c0 17.67 14.33 32 32 32h464c8.84 0 16-7.16 16-16v-16c0-8.84-7.16-16-16-16zm-387.2-48h22.4c6.4 0 12.8-6.4 12.8-12.8v-70.4c0-6.4-6.4-12.8-12.8-12.8h-22.4c-6.4 0-12.8 6.4-12.8 12.8v70.4c0 6.4 6.4 12.8 12.8 12.8z\" class=\"\"><\/path><\/svg><\/i> <img loading=\"lazy\" decoding=\"async\" width=\"16\" height=\"16\" alt=\"Loading\" src=\"https:\/\/www.112canarias.com\/112\/wp-content\/plugins\/page-views-count\/ajax-loader-2x.gif\" border=0 \/><\/p>\n<div class=\"pvc_clear\"><\/div>\n","protected":false},"author":1,"featured_media":614,"comment_status":"open","ping_status":"open","sticky":false,"template":"","format":"standard","meta":{"footnotes":""},"categories":[10],"tags":[],"class_list":["post-615","post","type-post","status-publish","format-standard","has-post-thumbnail","hentry","category-ultimasnoticas"],"_links":{"self":[{"href":"https:\/\/www.112canarias.com\/112\/wp-json\/wp\/v2\/posts\/615","targetHints":{"allow":["GET"]}}],"collection":[{"href":"https:\/\/www.112canarias.com\/112\/wp-json\/wp\/v2\/posts"}],"about":[{"href":"https:\/\/www.112canarias.com\/112\/wp-json\/wp\/v2\/types\/post"}],"author":[{"embeddable":true,"href":"https:\/\/www.112canarias.com\/112\/wp-json\/wp\/v2\/users\/1"}],"replies":[{"embeddable":true,"href":"https:\/\/www.112canarias.com\/112\/wp-json\/wp\/v2\/comments?post=615"}],"version-history":[{"count":0,"href":"https:\/\/www.112canarias.com\/112\/wp-json\/wp\/v2\/posts\/615\/revisions"}],"wp:featuredmedia":[{"embeddable":true,"href":"https:\/\/www.112canarias.com\/112\/wp-json\/wp\/v2\/media\/614"}],"wp:attachment":[{"href":"https:\/\/www.112canarias.com\/112\/wp-json\/wp\/v2\/media?parent=615"}],"wp:term":[{"taxonomy":"category","embeddable":true,"href":"https:\/\/www.112canarias.com\/112\/wp-json\/wp\/v2\/categories?post=615"},{"taxonomy":"post_tag","embeddable":true,"href":"https:\/\/www.112canarias.com\/112\/wp-json\/wp\/v2\/tags?post=615"}],"curies":[{"name":"wp","href":"https:\/\/api.w.org\/{rel}","templated":true}]}}