{"id":6206,"date":"2024-03-25T16:23:05","date_gmt":"2024-03-25T16:23:05","guid":{"rendered":"https:\/\/www.112canarias.com\/112\/?p=6206"},"modified":"2024-03-25T16:23:05","modified_gmt":"2024-03-25T16:23:05","slug":"el-gobierno-recuerda-la-importancia-seguir-los-consejos-de-autoproteccion-ante-el-mal-estado-del-mar-durante-los-proximos-dias","status":"publish","type":"post","link":"https:\/\/www.112canarias.com\/112\/el-gobierno-recuerda-la-importancia-seguir-los-consejos-de-autoproteccion-ante-el-mal-estado-del-mar-durante-los-proximos-dias\/","title":{"rendered":"El Gobierno recuerda la importancia seguir los consejos de autoprotecci\u00f3n ante el mal estado del mar durante los pr\u00f3ximos d\u00edas"},"content":{"rendered":"<blockquote><p>La Direcci\u00f3n General de Emergencias ha declarado la situaci\u00f3n de prealerta por fen\u00f3menos costeros en todo el archipi\u00e9lago y permanecer\u00e1 activa desde la medianoche del martes, 26 de marzo<\/p>\n<p>Afectar\u00e1 especialmente a las costas del norte de todas las islas, y a las del oeste de La Palma, El Hierro, Fuerteventura y Lanzarote<\/p><\/blockquote>\n<p><strong>El Gobierno de Canarias, a trav\u00e9s de la Direcci\u00f3n General de Emergencias, ha declarado la situaci\u00f3n de prealerta por fen\u00f3menos costeros en el archipi\u00e9lago, a partir de las 00:30 horas del martes, 26 de marzo, en base a la informaci\u00f3n facilitada por la Agencia Estatal de Meteorolog\u00eda y otras fuentes disponibles, y en aplicaci\u00f3n del Plan Espec\u00edfico de Emergencias de Canarias por Riesgos de Fen\u00f3menos Meteorol\u00f3gicos Adversos (PEFMA).<\/strong><\/p>\n<p>La previsi\u00f3n meteorol\u00f3gica apunta a un mal estado del mar, especialmente en las costas del norte de todas las islas, y en las del oeste de La Palma, El Hierro, Fuerteventura y Lanzarote. Adem\u00e1s, se prev\u00e9 oleaje de mar combinada de 2,5 a cuatro metros.<\/p>\n<p>Tambi\u00e9n, este martes, 26 de marzo habr\u00e1 viento del norte y noroeste fuerza seis a siete (de entre 39 y 61 kil\u00f3metros por hora) y ocasionalmente fuerza ocho (de entre 62 y 74 kil\u00f3metros por hora) en el mar entre la vertiente este y sureste de La Gomera y la vertiente oeste de Tenerife.<\/p>\n<p>Ante estas circunstancias, el Gobierno de Canarias solicita a la poblaci\u00f3n que evite situaciones de riesgo en todo el litoral del archipi\u00e9lago y ponga en pr\u00e1ctica las recomendaciones de autoprotecci\u00f3n establecidas en estos casos para no sufrir accidentes.<\/p>\n<p>Durante los pr\u00f3ximos d\u00edas, y mientras se mantenga el mal estado del mar, es fundamental no situarse en muelles y escolleras, ni permanecer en lugares cercanos al mar para evitar ser golpeados o arrastrados por las olas. Adem\u00e1s, es importante recordar que est\u00e1 prohibido el ba\u00f1o en las playas en las que se encuentre la bandera roja y siempre se debe evitar acceder al mar en zonas donde haya fuerte oleaje y resaca o que carezcan de servicios de vigilancia y salvamento.<\/p>\n<p>Hasta que finalice esta situaci\u00f3n, es conveniente aplazar las actividades n\u00e1uticas o deportivas y si se dispone de una embarcaci\u00f3n, se debe asegurar su amarre en un lugar resguardado.<\/p>\n<p>Asimismo, se recomienda evitar los paseos por la costa y no circular con veh\u00edculos por carreteras cercanas a la l\u00ednea de playa. Si se aprecia cierto oleaje, fuera de lo normal, no se debe permanecer cerca del agua, ni acercarse aunque se calme de repente.<\/p>\n<p>En caso de emergencia, es necesario llamar inmediatamente al 1 1 2.<\/p>\n<p>&nbsp;<\/p>\n<div class=\"pvc_clear\"><\/div>\n<p id=\"pvc_stats_6206\" class=\"pvc_stats all  \" data-element-id=\"6206\" style=\"\"><i class=\"pvc-stats-icon medium\" aria-hidden=\"true\"><svg aria-hidden=\"true\" focusable=\"false\" data-prefix=\"far\" data-icon=\"chart-bar\" role=\"img\" xmlns=\"http:\/\/www.w3.org\/2000\/svg\" viewBox=\"0 0 512 512\" class=\"svg-inline--fa fa-chart-bar fa-w-16 fa-2x\"><path fill=\"currentColor\" d=\"M396.8 352h22.4c6.4 0 12.8-6.4 12.8-12.8V108.8c0-6.4-6.4-12.8-12.8-12.8h-22.4c-6.4 0-12.8 6.4-12.8 12.8v230.4c0 6.4 6.4 12.8 12.8 12.8zm-192 0h22.4c6.4 0 12.8-6.4 12.8-12.8V140.8c0-6.4-6.4-12.8-12.8-12.8h-22.4c-6.4 0-12.8 6.4-12.8 12.8v198.4c0 6.4 6.4 12.8 12.8 12.8zm96 0h22.4c6.4 0 12.8-6.4 12.8-12.8V204.8c0-6.4-6.4-12.8-12.8-12.8h-22.4c-6.4 0-12.8 6.4-12.8 12.8v134.4c0 6.4 6.4 12.8 12.8 12.8zM496 400H48V80c0-8.84-7.16-16-16-16H16C7.16 64 0 71.16 0 80v336c0 17.67 14.33 32 32 32h464c8.84 0 16-7.16 16-16v-16c0-8.84-7.16-16-16-16zm-387.2-48h22.4c6.4 0 12.8-6.4 12.8-12.8v-70.4c0-6.4-6.4-12.8-12.8-12.8h-22.4c-6.4 0-12.8 6.4-12.8 12.8v70.4c0 6.4 6.4 12.8 12.8 12.8z\" class=\"\"><\/path><\/svg><\/i> <\/p>\n<div class=\"pvc_clear\"><\/div>\n<div class=\"print\"><span class=\"page_title\">P\u00e1gina: <span>El Gobierno recuerda la importancia seguir los consejos de autoprotecci\u00f3n ante el mal estado del mar durante los pr\u00f3ximos d\u00edas<\/span><\/span>\n\t\t\t\t\t\t\t\t\t\t\t<span class=\"stmp_trans_date\">\u00daltima actualizaci\u00f3n: <span>25\/03\/2024 - 16:23:05<\/span><\/span>\n\t\t\t\t\t\t\t\t\t\t\t<span class=\"stmp_trans_date\">Fecha publicaci\u00f3n: <span>25\/03\/2024 - 16:23:05<\/span><\/span>\n\t\t\t\t\t\t\t\t\t\t\t<span class=\"stmp_trans_date\">Fecha creaci\u00f3n: <span>25\/03\/2024 - 16:23:05<\/span><\/span><\/div>","protected":false},"excerpt":{"rendered":"<p>La Direcci\u00f3n General de Emergencias ha declarado la situaci\u00f3n de prealerta por fen\u00f3menos costeros en todo el archipi\u00e9lago y permanecer\u00e1 activa desde la medianoche del martes, 26 de marzo Afectar\u00e1 especialmente a las costas del norte de todas las islas, y a las del oeste&#8230;<\/p>\n<div class=\"pvc_clear\"><\/div>\n<p id=\"pvc_stats_6206\" class=\"pvc_stats all  \" data-element-id=\"6206\" style=\"\"><i class=\"pvc-stats-icon medium\" aria-hidden=\"true\"><svg aria-hidden=\"true\" focusable=\"false\" data-prefix=\"far\" data-icon=\"chart-bar\" role=\"img\" xmlns=\"http:\/\/www.w3.org\/2000\/svg\" viewBox=\"0 0 512 512\" class=\"svg-inline--fa fa-chart-bar fa-w-16 fa-2x\"><path fill=\"currentColor\" d=\"M396.8 352h22.4c6.4 0 12.8-6.4 12.8-12.8V108.8c0-6.4-6.4-12.8-12.8-12.8h-22.4c-6.4 0-12.8 6.4-12.8 12.8v230.4c0 6.4 6.4 12.8 12.8 12.8zm-192 0h22.4c6.4 0 12.8-6.4 12.8-12.8V140.8c0-6.4-6.4-12.8-12.8-12.8h-22.4c-6.4 0-12.8 6.4-12.8 12.8v198.4c0 6.4 6.4 12.8 12.8 12.8zm96 0h22.4c6.4 0 12.8-6.4 12.8-12.8V204.8c0-6.4-6.4-12.8-12.8-12.8h-22.4c-6.4 0-12.8 6.4-12.8 12.8v134.4c0 6.4 6.4 12.8 12.8 12.8zM496 400H48V80c0-8.84-7.16-16-16-16H16C7.16 64 0 71.16 0 80v336c0 17.67 14.33 32 32 32h464c8.84 0 16-7.16 16-16v-16c0-8.84-7.16-16-16-16zm-387.2-48h22.4c6.4 0 12.8-6.4 12.8-12.8v-70.4c0-6.4-6.4-12.8-12.8-12.8h-22.4c-6.4 0-12.8 6.4-12.8 12.8v70.4c0 6.4 6.4 12.8 12.8 12.8z\" class=\"\"><\/path><\/svg><\/i> <img loading=\"lazy\" decoding=\"async\" width=\"16\" height=\"16\" alt=\"Loading\" src=\"https:\/\/www.112canarias.com\/112\/wp-content\/plugins\/page-views-count\/ajax-loader-2x.gif\" border=0 \/><\/p>\n<div class=\"pvc_clear\"><\/div>\n","protected":false},"author":5,"featured_media":5715,"comment_status":"closed","ping_status":"open","sticky":false,"template":"","format":"standard","meta":{"footnotes":""},"categories":[9],"tags":[],"class_list":["post-6206","post","type-post","status-publish","format-standard","has-post-thumbnail","hentry","category-noticias"],"_links":{"self":[{"href":"https:\/\/www.112canarias.com\/112\/wp-json\/wp\/v2\/posts\/6206","targetHints":{"allow":["GET"]}}],"collection":[{"href":"https:\/\/www.112canarias.com\/112\/wp-json\/wp\/v2\/posts"}],"about":[{"href":"https:\/\/www.112canarias.com\/112\/wp-json\/wp\/v2\/types\/post"}],"author":[{"embeddable":true,"href":"https:\/\/www.112canarias.com\/112\/wp-json\/wp\/v2\/users\/5"}],"replies":[{"embeddable":true,"href":"https:\/\/www.112canarias.com\/112\/wp-json\/wp\/v2\/comments?post=6206"}],"version-history":[{"count":1,"href":"https:\/\/www.112canarias.com\/112\/wp-json\/wp\/v2\/posts\/6206\/revisions"}],"predecessor-version":[{"id":6207,"href":"https:\/\/www.112canarias.com\/112\/wp-json\/wp\/v2\/posts\/6206\/revisions\/6207"}],"wp:featuredmedia":[{"embeddable":true,"href":"https:\/\/www.112canarias.com\/112\/wp-json\/wp\/v2\/media\/5715"}],"wp:attachment":[{"href":"https:\/\/www.112canarias.com\/112\/wp-json\/wp\/v2\/media?parent=6206"}],"wp:term":[{"taxonomy":"category","embeddable":true,"href":"https:\/\/www.112canarias.com\/112\/wp-json\/wp\/v2\/categories?post=6206"},{"taxonomy":"post_tag","embeddable":true,"href":"https:\/\/www.112canarias.com\/112\/wp-json\/wp\/v2\/tags?post=6206"}],"curies":[{"name":"wp","href":"https:\/\/api.w.org\/{rel}","templated":true}]}}