{"id":636,"date":"2017-06-20T23:00:00","date_gmt":"2017-06-20T23:00:00","guid":{"rendered":"http:\/\/www.112canarias.com\/112\/2017\/06\/20\/canarias-analiza-la-aplicacion-de-las-nuevas-tendencias-tecnologicas-en-la-gestion-de-las-emergencias\/"},"modified":"2017-06-20T23:00:00","modified_gmt":"2017-06-20T23:00:00","slug":"canarias-analiza-la-aplicacion-de-las-nuevas-tendencias-tecnologicas-en-la-gestion-de-las-emergencias","status":"publish","type":"post","link":"https:\/\/www.112canarias.com\/112\/canarias-analiza-la-aplicacion-de-las-nuevas-tendencias-tecnologicas-en-la-gestion-de-las-emergencias\/","title":{"rendered":"Canarias analiza la aplicaci\u00f3n de las nuevas tendencias tecnol\u00f3gicas en la gesti\u00f3n de las emergencias"},"content":{"rendered":"<p class=\"justificado\" style=\"text-align: justify;\">&nbsp;<\/p>\n<p class=\"justificado\" style=\"text-align: justify;\">21\/06\/2017<\/p>\n<p><\/p>\n<p><strong>Las V Jornadas sobre Tecnolog&iacute;a y Nuevas Emergencias fueron inauguradas esta ma&ntilde;ana por la consejera de Pol&iacute;tica Territorial, Sostenibilidad y Seguridad del Gobierno de Canarias<\/strong><\/p>\n<p class=\"justificado\" style=\"text-align: justify;\">La celebraci&oacute;n de las V Jornadas sobre Tecnolog&iacute;a y Nuevas Emergencias convirti&oacute; hoy a Canarias en un foro de debate sobre innovaci&oacute;n, donde expertos del territorio nacional e internacional analizaron el futuro tecnol&oacute;gico y la aplicaci&oacute;n de las nuevas tendencias en la gesti&oacute;n de las emergencias. En su acto de apertura, la consejera de Pol&iacute;tica Territorial, Sostenibilidad y Seguridad del Gobierno de Canarias, Nieves Lady Barreto, insisti&oacute; en la importancia de celebrar encuentros de este tipo, en los que se intercambian&nbsp; conocimientos, se comparten experiencias y se aportan ideas que permiten mejorar la respuesta que, tanto los profesionales como las administraciones, debemos ofrecer a los ciudadanos para aminorar los riesgos y garantizar su seguridad.<\/p>\n<p class=\"justificado\" style=\"text-align: justify;\">Para Nieves Lady Barreto, &ldquo;a los riesgos tradicionales y amenazas naturales se suman otros nuevos -de naturaleza tecnol&oacute;gica, industrial o de infraestructuras- que pueden poner en peligro el bienestar de la sociedad, por lo que m&aacute;s que nunca es necesaria la planificaci&oacute;n, la prevenci&oacute;n y, siempre que sea posible, la anticipaci&oacute;n.&rdquo;<\/p>\n<p class=\"justificado\" style=\"text-align: justify;\">El encuentro, que por quinto a&ntilde;o consecutivo organiza la Direcci&oacute;n General de Seguridad y Emergencias, dependiente de la Consejer&iacute;a de Pol&iacute;tica Territorial, Sostenibilidad y Seguridad del Gobierno de Canarias, y en estrecha colaboraci&oacute;n con el Centro Coordinador de Emergencias y Seguridad (CECOES) 1-1-2, cont&oacute; con la presencia de numerosos ponentes especializados en nuevas tecnolog&iacute;as, as&iacute; como m&aacute;s de 200 profesionales vinculados al sector de la emergencia en todos sus &aacute;mbitos.<\/p>\n<p class=\"justificado\" style=\"text-align: justify;\">En esta ocasi&oacute;n, la sede de Presidencia del Gobierno en Santa Cruz de Tenerife&nbsp; acogi&oacute; la celebraci&oacute;n de diversas mesas redondas en las que se abordaron, entre otras cuestiones, el uso de la inteligencia artificial o de los nuevos sistemas de telecomunicaciones para&nbsp; resolver situaciones cr&iacute;ticas; la importancia de llevar a cabo una buena gesti&oacute;n de la informaci&oacute;n que permita una eficaz toma de decisiones y que &eacute;sta, a su vez, repercuta de forma satisfactoria en la atenci&oacute;n de las emergencias de cada ciudadano; la evoluci&oacute;n de las nuevas amenazas tecnol&oacute;gicas en la gesti&oacute;n de la emergencia y las utilidad de la aplicaci&oacute;n de las innovaciones como drones en la resoluci&oacute;n de las situaciones cr&iacute;ticas que se presentan d&iacute;a a d&iacute;a.<\/p>\n<p class=\"justificado\" style=\"text-align: justify;\">Estas jornadas se enmarcan en la labor divulgativa que desarrolla la Direcci&oacute;n General de Seguridad y Emergencias, conjuntamente con el CECOES 1-1-2, para generar, por un lado, una cultura preventiva en la ciudadan&iacute;a que contribuya a una mejor resoluci&oacute;n de las emergencias y, por otro, favorecer entre los profesionales del sector, a trav&eacute;s de este foro de an&aacute;lisis, un mayor conocimiento de las nuevas oportunidades que ofrece el desarrollo tecnol&oacute;gico en el &aacute;mbito de las emergencias para lograr mejorar cada d&iacute;a las respuestas que se dan al ciudadano.<\/p>\n<p class=\"justificado\" style=\"text-align: justify;\"><strong>Cuatro bloques de debate<\/strong><\/p>\n<p class=\"justificado\" style=\"text-align: justify;\">Esta V edici&oacute;n se ha organizado en cuatro grandes bloques de debate. El primero, sobre la utilizaci&oacute;n de tecnolog&iacute;a avanzada para resolver situaciones cr&iacute;ticas, esta moderado por el subdirector de Protecci&oacute;n Civil y Emergencias del Gobierno de Canarias, N&eacute;stor Padr&oacute;n, y cuenta con la participaci&oacute;n del director de Inteligencia Artificial de Microsoft, David Carmona; la directora general de Seguridad y Emergencias del Gobierno de Canarias, Nazaret D&iacute;az; y la directora territorial del Servicio de Urgencias Canario, Marcela Posca.<\/p>\n<p class=\"justificado\" style=\"text-align: justify;\">El segundo bloque, moderado por el director del Centro Coordinador de Emergencias y Seguridad (CECOES) 1-1-2 del Gobierno de Canarias, Jos&eacute; Domingo Linares, aborda la gesti&oacute;n del conocimiento. Para ello, intervienen como ponentes el director de Tecnolog&iacute;a e Innovaci&oacute;n de Synergic Prtners, Santiago Gonz&aacute;lez; el gerente de Big Data LUCA de Telef&oacute;nica, Mario Romero; y la consultora JD Sistemas Avanzados, Ana de Juan.<\/p>\n<p class=\"justificado\" style=\"text-align: justify;\">En el tercer bloque se analiza la evoluci&oacute;n de las nuevas amenazas y participan como invitados Santiago Gonz&aacute;lez y Alfonso Matesanz del Centro Nacional de Protecci&oacute;n de Infraestructuras Cr&iacute;ticas (CNPIC); el responsable de Seguridad y Protecci&oacute;n de datos de DELL-EMC, Jos&eacute; Clar&oacute;s, y el director de Hexagon Safety Infraestructure, Lauren Pellois. Este bloque esta moderado por el director gerente de Gesti&oacute;n de Servicios para la Salud y Seguridad en Canarias (GSC), Luis Rodr&iacute;guez Neyra.<\/p>\n<p class=\"justificado\" style=\"text-align: justify;\">El &uacute;ltimo bloque, moderado por el responsable de Tecnolog&iacute;a de la Informaci&oacute;n y la Comunicaci&oacute;n de GSC, Carlos Rosa, trata los l&iacute;mites de la tecnolog&iacute;a. En &eacute;l intervienen como ponentes Daniel Santos, de AEMET; HIRLAM-C; C&eacute;sar Ortega, director de &aacute;reas Emergencias y Forestal de Aeromedia; Andr&eacute;s Iborra, director de Analitics y Geospatial Systems-Inform&aacute;tica de El Corte Ingl&eacute;s; Daniel Az&oacute;n, de Teltronic y Simao Rocha de SEPURA.<\/p>\n<div class=\"pvc_clear\"><\/div>\n<p id=\"pvc_stats_636\" class=\"pvc_stats all  \" data-element-id=\"636\" style=\"\"><i class=\"pvc-stats-icon medium\" aria-hidden=\"true\"><svg aria-hidden=\"true\" focusable=\"false\" data-prefix=\"far\" data-icon=\"chart-bar\" role=\"img\" xmlns=\"http:\/\/www.w3.org\/2000\/svg\" viewBox=\"0 0 512 512\" class=\"svg-inline--fa fa-chart-bar fa-w-16 fa-2x\"><path fill=\"currentColor\" d=\"M396.8 352h22.4c6.4 0 12.8-6.4 12.8-12.8V108.8c0-6.4-6.4-12.8-12.8-12.8h-22.4c-6.4 0-12.8 6.4-12.8 12.8v230.4c0 6.4 6.4 12.8 12.8 12.8zm-192 0h22.4c6.4 0 12.8-6.4 12.8-12.8V140.8c0-6.4-6.4-12.8-12.8-12.8h-22.4c-6.4 0-12.8 6.4-12.8 12.8v198.4c0 6.4 6.4 12.8 12.8 12.8zm96 0h22.4c6.4 0 12.8-6.4 12.8-12.8V204.8c0-6.4-6.4-12.8-12.8-12.8h-22.4c-6.4 0-12.8 6.4-12.8 12.8v134.4c0 6.4 6.4 12.8 12.8 12.8zM496 400H48V80c0-8.84-7.16-16-16-16H16C7.16 64 0 71.16 0 80v336c0 17.67 14.33 32 32 32h464c8.84 0 16-7.16 16-16v-16c0-8.84-7.16-16-16-16zm-387.2-48h22.4c6.4 0 12.8-6.4 12.8-12.8v-70.4c0-6.4-6.4-12.8-12.8-12.8h-22.4c-6.4 0-12.8 6.4-12.8 12.8v70.4c0 6.4 6.4 12.8 12.8 12.8z\" class=\"\"><\/path><\/svg><\/i> <\/p>\n<div class=\"pvc_clear\"><\/div>\n<div class=\"print\"><span class=\"page_title\">P\u00e1gina: <span>Canarias analiza la aplicaci\u00f3n de las nuevas tendencias tecnol\u00f3gicas en la gesti\u00f3n de las emergencias<\/span><\/span>\n\t\t\t\t\t\t\t\t\t\t\t<span class=\"stmp_trans_date\">\u00daltima actualizaci\u00f3n: <span>20\/06\/2017 - 23:00:00<\/span><\/span>\n\t\t\t\t\t\t\t\t\t\t\t<span class=\"stmp_trans_date\">Fecha publicaci\u00f3n: <span>20\/06\/2017 - 23:00:00<\/span><\/span>\n\t\t\t\t\t\t\t\t\t\t\t<span class=\"stmp_trans_date\">Fecha creaci\u00f3n: <span>20\/06\/2017 - 23:00:00<\/span><\/span><\/div>","protected":false},"excerpt":{"rendered":"<p>&nbsp; 21\/06\/2017 Las V Jornadas sobre Tecnolog&iacute;a y Nuevas Emergencias fueron inauguradas esta ma&ntilde;ana por la consejera de Pol&iacute;tica Territorial, Sostenibilidad y Seguridad del Gobierno de Canarias La celebraci&oacute;n de las V Jornadas sobre Tecnolog&iacute;a y Nuevas Emergencias convirti&oacute; hoy a Canarias en un foro&#8230;<\/p>\n<div class=\"pvc_clear\"><\/div>\n<p id=\"pvc_stats_636\" class=\"pvc_stats all  \" data-element-id=\"636\" style=\"\"><i class=\"pvc-stats-icon medium\" aria-hidden=\"true\"><svg aria-hidden=\"true\" focusable=\"false\" data-prefix=\"far\" data-icon=\"chart-bar\" role=\"img\" xmlns=\"http:\/\/www.w3.org\/2000\/svg\" viewBox=\"0 0 512 512\" class=\"svg-inline--fa fa-chart-bar fa-w-16 fa-2x\"><path fill=\"currentColor\" d=\"M396.8 352h22.4c6.4 0 12.8-6.4 12.8-12.8V108.8c0-6.4-6.4-12.8-12.8-12.8h-22.4c-6.4 0-12.8 6.4-12.8 12.8v230.4c0 6.4 6.4 12.8 12.8 12.8zm-192 0h22.4c6.4 0 12.8-6.4 12.8-12.8V140.8c0-6.4-6.4-12.8-12.8-12.8h-22.4c-6.4 0-12.8 6.4-12.8 12.8v198.4c0 6.4 6.4 12.8 12.8 12.8zm96 0h22.4c6.4 0 12.8-6.4 12.8-12.8V204.8c0-6.4-6.4-12.8-12.8-12.8h-22.4c-6.4 0-12.8 6.4-12.8 12.8v134.4c0 6.4 6.4 12.8 12.8 12.8zM496 400H48V80c0-8.84-7.16-16-16-16H16C7.16 64 0 71.16 0 80v336c0 17.67 14.33 32 32 32h464c8.84 0 16-7.16 16-16v-16c0-8.84-7.16-16-16-16zm-387.2-48h22.4c6.4 0 12.8-6.4 12.8-12.8v-70.4c0-6.4-6.4-12.8-12.8-12.8h-22.4c-6.4 0-12.8 6.4-12.8 12.8v70.4c0 6.4 6.4 12.8 12.8 12.8z\" class=\"\"><\/path><\/svg><\/i> <img loading=\"lazy\" decoding=\"async\" width=\"16\" height=\"16\" alt=\"Loading\" src=\"https:\/\/www.112canarias.com\/112\/wp-content\/plugins\/page-views-count\/ajax-loader-2x.gif\" border=0 \/><\/p>\n<div class=\"pvc_clear\"><\/div>\n","protected":false},"author":1,"featured_media":635,"comment_status":"open","ping_status":"open","sticky":false,"template":"","format":"standard","meta":{"footnotes":""},"categories":[10],"tags":[],"class_list":["post-636","post","type-post","status-publish","format-standard","has-post-thumbnail","hentry","category-ultimasnoticas"],"_links":{"self":[{"href":"https:\/\/www.112canarias.com\/112\/wp-json\/wp\/v2\/posts\/636","targetHints":{"allow":["GET"]}}],"collection":[{"href":"https:\/\/www.112canarias.com\/112\/wp-json\/wp\/v2\/posts"}],"about":[{"href":"https:\/\/www.112canarias.com\/112\/wp-json\/wp\/v2\/types\/post"}],"author":[{"embeddable":true,"href":"https:\/\/www.112canarias.com\/112\/wp-json\/wp\/v2\/users\/1"}],"replies":[{"embeddable":true,"href":"https:\/\/www.112canarias.com\/112\/wp-json\/wp\/v2\/comments?post=636"}],"version-history":[{"count":0,"href":"https:\/\/www.112canarias.com\/112\/wp-json\/wp\/v2\/posts\/636\/revisions"}],"wp:featuredmedia":[{"embeddable":true,"href":"https:\/\/www.112canarias.com\/112\/wp-json\/wp\/v2\/media\/635"}],"wp:attachment":[{"href":"https:\/\/www.112canarias.com\/112\/wp-json\/wp\/v2\/media?parent=636"}],"wp:term":[{"taxonomy":"category","embeddable":true,"href":"https:\/\/www.112canarias.com\/112\/wp-json\/wp\/v2\/categories?post=636"},{"taxonomy":"post_tag","embeddable":true,"href":"https:\/\/www.112canarias.com\/112\/wp-json\/wp\/v2\/tags?post=636"}],"curies":[{"name":"wp","href":"https:\/\/api.w.org\/{rel}","templated":true}]}}