{"id":6448,"date":"2024-04-25T12:40:15","date_gmt":"2024-04-25T12:40:15","guid":{"rendered":"https:\/\/www.112canarias.com\/112\/?p=6448"},"modified":"2024-04-25T12:40:15","modified_gmt":"2024-04-25T12:40:15","slug":"el-112-canarias-participa-en-el-congreso-europeo-de-servicios-de-emergencia-eena-2024-que-se-celebra-en-valencia","status":"publish","type":"post","link":"https:\/\/www.112canarias.com\/112\/el-112-canarias-participa-en-el-congreso-europeo-de-servicios-de-emergencia-eena-2024-que-se-celebra-en-valencia\/","title":{"rendered":"El 112 Canarias participa en el Congreso Europeo de Servicios de Emergencia EENA 2024 que se celebra en Valencia"},"content":{"rendered":"<blockquote><p>Alexis Moreno, responsable la Sala Operativa del 112 en Las Palmas, disert\u00f3 sobre los desaf\u00edos de la seguridad f\u00edsica en los centros de emergencias<\/p>\n<p>El responsable de la Unidad de Tecnolog\u00eda de la Informaci\u00f3n y Comunicaci\u00f3n, Carlos Rosa, fue el moderador en dos mesas de debate<\/p><\/blockquote>\n<p>&nbsp;<\/p>\n<p><strong>El Centro Coordinador de Emergencias y Seguridad (CECOES) 112 Canarias, dependiente de la Consejer\u00eda de Pol\u00edtica Territorial, Cohesi\u00f3n Territorial y Aguas del Gobierno de Canarias, participa desde este el mi\u00e9rcoles 24 de abril y hasta el viernes 26 de abril en el Congreso Europeo de Servicios de Emergencia EENA 2024 que se celebra en el Palacio de Congreso de Valencia. El responsable de la Sala Operativa del 112 de Las Palmas, Alexis Moreno, y el encargado de la Unidad de Tecnolog\u00eda de la Informaci\u00f3n y Comunicaci\u00f3n (UTIC) de Gesti\u00f3n de Servicios para la Salud y Seguridad en Canarias, Carlos Rosa, est\u00e1n al frente de la delegaci\u00f3n canaria analizando con los asistentes el escenario actual de los aspectos de la accesibilidad y de los desaf\u00edos de seguridad de los 112 en el panorama actual<\/strong>.<\/p>\n<p>Durante su intervenci\u00f3n, Alexis Moreno, que fue uno de los tres panelistas de la mesa de debate \u2018Los Puntos de Atenci\u00f3n de Seguridad P\u00fablica (PSAPs) como infraestructura estrat\u00e9gica\u2019, analiz\u00f3 c\u00f3mo afectan las medidas de seguridad f\u00edsica a un servicio esencial como es el tel\u00e9fono \u00fanico de emergencias 112, centr\u00e1ndose en la experiencia de Canarias. Una valoraci\u00f3n que realiz\u00f3 desde su doble condici\u00f3n como responsable de las operaciones de la sala y como encargado de la seguridad de esta.<\/p>\n<p>Los otros dos intervinientes de esta mesa redonda, que fue moderada por el responsable de la UTIC, Carlos Rosa, fueron Leandro Gobierno L\u00f3pez, jefe de \u00e1rea de la Oficina de Coordinaci\u00f3n de Ciberseguridad del Ministerio del Interior y Rosa Tour\u00eds, jefa del Servicio de Normativa y Proyectos del Ministerio del Interior. En la discusi\u00f3n abordaron los diversos desaf\u00edos de seguridad a los que se enfrentan los PSAPs, centr\u00e1ndose en c\u00f3mo las organizaciones espa\u00f1olas, como el CECOES 112, est\u00e1n abordando estos temas, que van desde preocupaciones f\u00edsicas hasta ciberseguridad.<\/p>\n<p>En este mismo congreso, el responsable de la UTIC, Carlos Rosa moder\u00f3 tambi\u00e9n la mesa de debate \u2018Accesibilidad del 112: d\u00f3nde estamos y a d\u00f3nde vamos\u2019, que se encarg\u00f3 de abordar la situaci\u00f3n actual de la accesibilidad al tel\u00e9fono \u00fanico de emergencias y los retos de futuro que afronta. Dos elementos claves para cumplir con el mandato de la Uni\u00f3n Europea de apostar por una integraci\u00f3n de toda la sociedad a este servicio esencial.<\/p>\n<p>Para ello contaron con las ponencias de Daniel Casas, responsable de pol\u00edticas de accesibilidad del European Disability Forum; Luca Bergonzi, ejecutivo de ventas de Beta80 y de Cristina Lumbreras, directora t\u00e9cnica de la EENA y presidenta del Comit\u00e9 T\u00e9cnico de Telecomunicaciones de Emergencia EMTEL en el Instiuto Europeo de Normas de Telecomunicaci\u00f3n (ETSI). Tres visiones que constataron los avances realizados en los \u00faltimos a\u00f1os y el camino que a\u00fan queda por recorrer para derribar las barreras que a\u00fan persisten.<\/p>\n<p>&nbsp;<\/p>\n<p><strong>Ponentes internacionales<\/strong><\/p>\n<p>El congreso incluye sesiones impartidas por m\u00e1s de 100 ponentes internacionales, procedentes del campo de los servicios de emergencia, y ofrecer\u00e1 la oportunidad de establecer contactos con profesionales de la seguridad p\u00fablica de m\u00e1s de 50 pa\u00edses de Europa y de otros continentes.<\/p>\n<p>Las diferentes ponencias profundizar\u00e1n en temas como la optimizaci\u00f3n de la respuesta de emergencia, las tecnolog\u00edas de comunicaci\u00f3n de nueva generaci\u00f3n, las estrategias de gesti\u00f3n de crisis y las mejores pr\u00e1cticas de todo el mundo.<\/p>\n<p>Enfocada en la tecnolog\u00eda de vanguardia, el desarrollo de pol\u00edticas y las mejores pr\u00e1cticas, la conferencia brinda la oportunidad de aprender y compartir experiencias que pueden impulsar mejoras significativas en las medidas de seguridad p\u00fablica y los servicios de emergencia de todo el mundo. Por este motivo, es crucial para la sociedad, ya que, al estar enfocada en mejorar la eficacia y eficiencia de los servicios de emergencia, tiene un impacto directo en el bienestar p\u00fablico.<\/p>\n<div class=\"pvc_clear\"><\/div>\n<p id=\"pvc_stats_6448\" class=\"pvc_stats all  \" data-element-id=\"6448\" style=\"\"><i class=\"pvc-stats-icon medium\" aria-hidden=\"true\"><svg aria-hidden=\"true\" focusable=\"false\" data-prefix=\"far\" data-icon=\"chart-bar\" role=\"img\" xmlns=\"http:\/\/www.w3.org\/2000\/svg\" viewBox=\"0 0 512 512\" class=\"svg-inline--fa fa-chart-bar fa-w-16 fa-2x\"><path fill=\"currentColor\" d=\"M396.8 352h22.4c6.4 0 12.8-6.4 12.8-12.8V108.8c0-6.4-6.4-12.8-12.8-12.8h-22.4c-6.4 0-12.8 6.4-12.8 12.8v230.4c0 6.4 6.4 12.8 12.8 12.8zm-192 0h22.4c6.4 0 12.8-6.4 12.8-12.8V140.8c0-6.4-6.4-12.8-12.8-12.8h-22.4c-6.4 0-12.8 6.4-12.8 12.8v198.4c0 6.4 6.4 12.8 12.8 12.8zm96 0h22.4c6.4 0 12.8-6.4 12.8-12.8V204.8c0-6.4-6.4-12.8-12.8-12.8h-22.4c-6.4 0-12.8 6.4-12.8 12.8v134.4c0 6.4 6.4 12.8 12.8 12.8zM496 400H48V80c0-8.84-7.16-16-16-16H16C7.16 64 0 71.16 0 80v336c0 17.67 14.33 32 32 32h464c8.84 0 16-7.16 16-16v-16c0-8.84-7.16-16-16-16zm-387.2-48h22.4c6.4 0 12.8-6.4 12.8-12.8v-70.4c0-6.4-6.4-12.8-12.8-12.8h-22.4c-6.4 0-12.8 6.4-12.8 12.8v70.4c0 6.4 6.4 12.8 12.8 12.8z\" class=\"\"><\/path><\/svg><\/i> <\/p>\n<div class=\"pvc_clear\"><\/div>\n<div class=\"print\"><span class=\"page_title\">P\u00e1gina: <span>El 112 Canarias participa en el Congreso Europeo de Servicios de Emergencia EENA 2024 que se celebra en Valencia<\/span><\/span>\n\t\t\t\t\t\t\t\t\t\t\t<span class=\"stmp_trans_date\">\u00daltima actualizaci\u00f3n: <span>25\/04\/2024 - 12:40:15<\/span><\/span>\n\t\t\t\t\t\t\t\t\t\t\t<span class=\"stmp_trans_date\">Fecha publicaci\u00f3n: <span>25\/04\/2024 - 12:40:15<\/span><\/span>\n\t\t\t\t\t\t\t\t\t\t\t<span class=\"stmp_trans_date\">Fecha creaci\u00f3n: <span>25\/04\/2024 - 12:40:15<\/span><\/span><\/div>","protected":false},"excerpt":{"rendered":"<p>Alexis Moreno, responsable la Sala Operativa del 112 en Las Palmas, disert\u00f3 sobre los desaf\u00edos de la seguridad f\u00edsica en los centros de emergencias El responsable de la Unidad de Tecnolog\u00eda de la Informaci\u00f3n y Comunicaci\u00f3n, Carlos Rosa, fue el moderador en dos mesas de&#8230;<\/p>\n<div class=\"pvc_clear\"><\/div>\n<p id=\"pvc_stats_6448\" class=\"pvc_stats all  \" data-element-id=\"6448\" style=\"\"><i class=\"pvc-stats-icon medium\" aria-hidden=\"true\"><svg aria-hidden=\"true\" focusable=\"false\" data-prefix=\"far\" data-icon=\"chart-bar\" role=\"img\" xmlns=\"http:\/\/www.w3.org\/2000\/svg\" viewBox=\"0 0 512 512\" class=\"svg-inline--fa fa-chart-bar fa-w-16 fa-2x\"><path fill=\"currentColor\" d=\"M396.8 352h22.4c6.4 0 12.8-6.4 12.8-12.8V108.8c0-6.4-6.4-12.8-12.8-12.8h-22.4c-6.4 0-12.8 6.4-12.8 12.8v230.4c0 6.4 6.4 12.8 12.8 12.8zm-192 0h22.4c6.4 0 12.8-6.4 12.8-12.8V140.8c0-6.4-6.4-12.8-12.8-12.8h-22.4c-6.4 0-12.8 6.4-12.8 12.8v198.4c0 6.4 6.4 12.8 12.8 12.8zm96 0h22.4c6.4 0 12.8-6.4 12.8-12.8V204.8c0-6.4-6.4-12.8-12.8-12.8h-22.4c-6.4 0-12.8 6.4-12.8 12.8v134.4c0 6.4 6.4 12.8 12.8 12.8zM496 400H48V80c0-8.84-7.16-16-16-16H16C7.16 64 0 71.16 0 80v336c0 17.67 14.33 32 32 32h464c8.84 0 16-7.16 16-16v-16c0-8.84-7.16-16-16-16zm-387.2-48h22.4c6.4 0 12.8-6.4 12.8-12.8v-70.4c0-6.4-6.4-12.8-12.8-12.8h-22.4c-6.4 0-12.8 6.4-12.8 12.8v70.4c0 6.4 6.4 12.8 12.8 12.8z\" class=\"\"><\/path><\/svg><\/i> <img loading=\"lazy\" decoding=\"async\" width=\"16\" height=\"16\" alt=\"Loading\" src=\"https:\/\/www.112canarias.com\/112\/wp-content\/plugins\/page-views-count\/ajax-loader-2x.gif\" border=0 \/><\/p>\n<div class=\"pvc_clear\"><\/div>\n","protected":false},"author":2,"featured_media":6449,"comment_status":"closed","ping_status":"open","sticky":false,"template":"","format":"standard","meta":{"footnotes":""},"categories":[9,10],"tags":[],"class_list":["post-6448","post","type-post","status-publish","format-standard","has-post-thumbnail","hentry","category-noticias","category-ultimasnoticas"],"_links":{"self":[{"href":"https:\/\/www.112canarias.com\/112\/wp-json\/wp\/v2\/posts\/6448","targetHints":{"allow":["GET"]}}],"collection":[{"href":"https:\/\/www.112canarias.com\/112\/wp-json\/wp\/v2\/posts"}],"about":[{"href":"https:\/\/www.112canarias.com\/112\/wp-json\/wp\/v2\/types\/post"}],"author":[{"embeddable":true,"href":"https:\/\/www.112canarias.com\/112\/wp-json\/wp\/v2\/users\/2"}],"replies":[{"embeddable":true,"href":"https:\/\/www.112canarias.com\/112\/wp-json\/wp\/v2\/comments?post=6448"}],"version-history":[{"count":1,"href":"https:\/\/www.112canarias.com\/112\/wp-json\/wp\/v2\/posts\/6448\/revisions"}],"predecessor-version":[{"id":6450,"href":"https:\/\/www.112canarias.com\/112\/wp-json\/wp\/v2\/posts\/6448\/revisions\/6450"}],"wp:featuredmedia":[{"embeddable":true,"href":"https:\/\/www.112canarias.com\/112\/wp-json\/wp\/v2\/media\/6449"}],"wp:attachment":[{"href":"https:\/\/www.112canarias.com\/112\/wp-json\/wp\/v2\/media?parent=6448"}],"wp:term":[{"taxonomy":"category","embeddable":true,"href":"https:\/\/www.112canarias.com\/112\/wp-json\/wp\/v2\/categories?post=6448"},{"taxonomy":"post_tag","embeddable":true,"href":"https:\/\/www.112canarias.com\/112\/wp-json\/wp\/v2\/tags?post=6448"}],"curies":[{"name":"wp","href":"https:\/\/api.w.org\/{rel}","templated":true}]}}