{"id":646,"date":"2011-02-08T11:26:38","date_gmt":"2011-02-08T11:26:38","guid":{"rendered":"http:\/\/www.112canarias.com\/112\/2011\/02\/08\/canarias-se-prepara-para-la-celebracion-del-dia-europeo-del-1-1-2\/"},"modified":"2011-02-08T11:26:38","modified_gmt":"2011-02-08T11:26:38","slug":"canarias-se-prepara-para-la-celebracion-del-dia-europeo-del-1-1-2","status":"publish","type":"post","link":"https:\/\/www.112canarias.com\/112\/canarias-se-prepara-para-la-celebracion-del-dia-europeo-del-1-1-2\/","title":{"rendered":"Canarias se prepara para la celebraci\u00f3n del D\u00eda Europeo del 1-1-2"},"content":{"rendered":"<p style=\"text-align: justify;\"><span style=\"font-family: arial,helvetica,sans-serif; font-size: small;\"> 08\/02\/2011<\/span><\/p>\n<p style=\"text-align: justify;\"><span style=\"font-family: arial,helvetica,sans-serif; font-size: small;\"><\/span><\/p>\n<p style=\"text-align: justify;\"><strong>Al acto asistir\u00e1n representantes de la Asociaci\u00f3n europea de n\u00fameros de emergencia y del 9-1-1 de Estados Unidos<\/strong><\/p>\n<p style=\"text-align: justify;\">Canarias acoger\u00e1, el pr\u00f3ximo viernes 11 de febrero de 2011, la celebraci\u00f3n del D\u00eda Europeo del  1-1-2, seg\u00fan anunci\u00f3 esta ma\u00f1ana la directora general de Seguridad y Emergencias del Gobierno de Canarias, Carmen Delia Gonz\u00e1lez Mart\u00edn, y el Alcalde Presidente del municipio de Adeje, Jos\u00e9 Miguel Rodr\u00edguez Fraga, que presentaron adem\u00e1s el programa de actividades organizadas en el Archipi\u00e9lago con motivo de la celebraci\u00f3n de esta efem\u00e9ride. El principal objetivo de esta acci\u00f3n es promover el conocimiento y buen uso del Tel\u00e9fono \u00danico de Emergencias 1-1-2.<\/p>\n<p style=\"text-align: justify;\">Durante la intervenci\u00f3n de esta ma\u00f1ana la directora general de Seguridad y Emergencias agradeci\u00f3 al ayuntamiento de Adeje el ofrecimiento del municipio al acoger esta celebraci\u00f3n as\u00ed como su colaboraci\u00f3n y manifest\u00f3 que \u201cuno de los objetivos fundamentales de de esta jornada europea es dar a conocer el uso del tel\u00e9fono \u00fanico de emergencias 1-1-2. Para ello, hemos organizado un programa previo de actividades en centros escolares a fin de dar a conocer  la existencia de este n\u00famero, as\u00ed como, actividades conjuntas con el ayuntamiento de Adeje, donde tendremos una muestra de recursos de los servicios de seguridad y emergencias, que operan en las Islas y que el Gobierno de Canarias, activa y coordina a trav\u00e9s de las salas del CECOES 1-1-2\u201d.<\/p>\n<p style=\"text-align: justify;\">Por su parte, el Alcalde Presidente del municipio de de Adeje apunt\u00f3 que \u201cvamos a tener un acontecimiento importante que expresa el compromiso de Canarias con la seguridad y las emergencias a trav\u00e9s del 1-1-2, que intenta prepararnos para dar respuesta a situaciones de emergencias\u201d, y a\u00f1adi\u00f3 \u201cestamos satisfechos y contentos de poder participar y colaborar dado nuestro compromiso activo con la seguridad que se expresa en iniciativas como la escuela de seguridad y actividades formativas de esfuerzo permanente en el camino por ponerle valor a la seguridad\u201d.<\/p>\n<p style=\"text-align: justify;\">Si el a\u00f1o pasado le toc\u00f3 el turno a Las Palmas de Gran Canaria, este a\u00f1o ser\u00e1 el municipio tinerfe\u00f1o de Adeje el lugar escogido para la celebraci\u00f3n de un acto institucional presidido por el consejero de Presidencia, Justicia y Seguridad del Gobierno de Canarias, Jos\u00e9 Miguel Ruano, que tendr\u00e1 como marco la central de la Polic\u00eda Local del municipio.<\/p>\n<p style=\"text-align: justify;\">Dicho acto contar\u00e1 tambi\u00e9n con la presencia del presidente del E-911 Institute (tel\u00e9fono de emergencia de Estados Unidos), Gregory Rodhe, y Carla Anderson, miembro del Consejo Asesor de la Asociaci\u00f3n Europea de n\u00fameros de emergencia, as\u00ed como del alcalde del municipio, Jos\u00e9 Miguel Rodr\u00edguez Fraga; el gerente de Gesti\u00f3n de Servicios para la Salud y Seguridad en Canarias (empresa p\u00fablica que gestiona el Centro Coordinador en las Islas), Luis Molina, y el director del 1-1-2 Canarias, Luis Santacreu.<\/p>\n<p style=\"text-align: justify;\">Paralelamente a la celebraci\u00f3n, todos los pa\u00edses de la Uni\u00f3n Europea que disponen de este n\u00famero de emergencias desarrollar\u00e1n tambi\u00e9n diferentes actividades orientadas al mismo objetivo: el buen uso del 1-1-2, mucho m\u00e1s que un n\u00famero de tel\u00e9fono, pues es un centro coordinador desde el que se gestionan los recursos en el \u00e1mbito de las emergencias y que permite que cualquier alerta, ya sea sanitaria, de seguridad, de salvamento, extinci\u00f3n o rescate, pueda ser gestionada de una forma integral.<\/p>\n<p style=\"text-align: justify;\"><strong>Actividades en el exterior<\/strong><\/p>\n<p style=\"text-align: justify;\">Una vez finalice el acto institucional tendr\u00e1 lugar un simulacro de rescate de un veh\u00edculo que cae por un barranquillo de dif\u00edcil acceso y su conductor se encuentra herido, que tendr\u00e1 lugar en los exteriores de la central de la Polic\u00eda Local, donde intervendr\u00e1n diferentes recursos de emergencia que activa el CECOES 1-1-2 habitualmente.<\/p>\n<p style=\"text-align: justify;\">Asimismo, durante la ma\u00f1ana, en el mismo emplazamiento, estar\u00e1 abierta al p\u00fablico una exhibici\u00f3n de veh\u00edculos y dispositivos de seguridad y emergencias, a la que est\u00e1 previsto que asistan en torno a 3.000 personas entre vecinos, escolares y  alumnos de asociaciones de mayores, quienes realizar\u00e1n una visita guiada.<\/p>\n<p style=\"text-align: justify;\">Con motivo de la celebraci\u00f3n de este D\u00eda Europeo, el CECOES 1-1-2 en colaboraci\u00f3n con el Ayuntamiento de Adeje desarrollar\u00e1 adem\u00e1s, durante todo el mes de febrero, visitas a centros educativos y centros de discapacitados auditivos de las Islas, donde se impartir\u00e1 charlas informativas sobre el buen uso del tel\u00e9fono de emergencias y c\u00f3mo ser un buen alertante.<\/p>\n<p style=\"text-align: justify;\"><span style=\"font-family: arial,helvetica,sans-serif; font-size: small;\"><strong><span style=\"color: #808080;\"> <\/span><\/strong><\/span><\/p>\n<div class=\"pvc_clear\"><\/div>\n<p id=\"pvc_stats_646\" class=\"pvc_stats all  \" data-element-id=\"646\" style=\"\"><i class=\"pvc-stats-icon medium\" aria-hidden=\"true\"><svg aria-hidden=\"true\" focusable=\"false\" data-prefix=\"far\" data-icon=\"chart-bar\" role=\"img\" xmlns=\"http:\/\/www.w3.org\/2000\/svg\" viewBox=\"0 0 512 512\" class=\"svg-inline--fa fa-chart-bar fa-w-16 fa-2x\"><path fill=\"currentColor\" d=\"M396.8 352h22.4c6.4 0 12.8-6.4 12.8-12.8V108.8c0-6.4-6.4-12.8-12.8-12.8h-22.4c-6.4 0-12.8 6.4-12.8 12.8v230.4c0 6.4 6.4 12.8 12.8 12.8zm-192 0h22.4c6.4 0 12.8-6.4 12.8-12.8V140.8c0-6.4-6.4-12.8-12.8-12.8h-22.4c-6.4 0-12.8 6.4-12.8 12.8v198.4c0 6.4 6.4 12.8 12.8 12.8zm96 0h22.4c6.4 0 12.8-6.4 12.8-12.8V204.8c0-6.4-6.4-12.8-12.8-12.8h-22.4c-6.4 0-12.8 6.4-12.8 12.8v134.4c0 6.4 6.4 12.8 12.8 12.8zM496 400H48V80c0-8.84-7.16-16-16-16H16C7.16 64 0 71.16 0 80v336c0 17.67 14.33 32 32 32h464c8.84 0 16-7.16 16-16v-16c0-8.84-7.16-16-16-16zm-387.2-48h22.4c6.4 0 12.8-6.4 12.8-12.8v-70.4c0-6.4-6.4-12.8-12.8-12.8h-22.4c-6.4 0-12.8 6.4-12.8 12.8v70.4c0 6.4 6.4 12.8 12.8 12.8z\" class=\"\"><\/path><\/svg><\/i> <\/p>\n<div class=\"pvc_clear\"><\/div>\n<div class=\"print\"><span class=\"page_title\">P\u00e1gina: <span>Canarias se prepara para la celebraci\u00f3n del D\u00eda Europeo del 1-1-2<\/span><\/span>\n\t\t\t\t\t\t\t\t\t\t\t<span class=\"stmp_trans_date\">\u00daltima actualizaci\u00f3n: <span>08\/02\/2011 - 11:26:38<\/span><\/span>\n\t\t\t\t\t\t\t\t\t\t\t<span class=\"stmp_trans_date\">Fecha publicaci\u00f3n: <span>08\/02\/2011 - 11:26:38<\/span><\/span>\n\t\t\t\t\t\t\t\t\t\t\t<span class=\"stmp_trans_date\">Fecha creaci\u00f3n: <span>08\/02\/2011 - 11:26:38<\/span><\/span><\/div>","protected":false},"excerpt":{"rendered":"<p>08\/02\/2011 Al acto asistir\u00e1n representantes de la Asociaci\u00f3n europea de n\u00fameros de emergencia y del 9-1-1 de Estados Unidos Canarias acoger\u00e1, el pr\u00f3ximo viernes 11 de febrero de 2011, la celebraci\u00f3n del D\u00eda Europeo del 1-1-2, seg\u00fan anunci\u00f3 esta ma\u00f1ana la directora general de Seguridad&#8230;<\/p>\n<div class=\"pvc_clear\"><\/div>\n<p id=\"pvc_stats_646\" class=\"pvc_stats all  \" data-element-id=\"646\" style=\"\"><i class=\"pvc-stats-icon medium\" aria-hidden=\"true\"><svg aria-hidden=\"true\" focusable=\"false\" data-prefix=\"far\" data-icon=\"chart-bar\" role=\"img\" xmlns=\"http:\/\/www.w3.org\/2000\/svg\" viewBox=\"0 0 512 512\" class=\"svg-inline--fa fa-chart-bar fa-w-16 fa-2x\"><path fill=\"currentColor\" d=\"M396.8 352h22.4c6.4 0 12.8-6.4 12.8-12.8V108.8c0-6.4-6.4-12.8-12.8-12.8h-22.4c-6.4 0-12.8 6.4-12.8 12.8v230.4c0 6.4 6.4 12.8 12.8 12.8zm-192 0h22.4c6.4 0 12.8-6.4 12.8-12.8V140.8c0-6.4-6.4-12.8-12.8-12.8h-22.4c-6.4 0-12.8 6.4-12.8 12.8v198.4c0 6.4 6.4 12.8 12.8 12.8zm96 0h22.4c6.4 0 12.8-6.4 12.8-12.8V204.8c0-6.4-6.4-12.8-12.8-12.8h-22.4c-6.4 0-12.8 6.4-12.8 12.8v134.4c0 6.4 6.4 12.8 12.8 12.8zM496 400H48V80c0-8.84-7.16-16-16-16H16C7.16 64 0 71.16 0 80v336c0 17.67 14.33 32 32 32h464c8.84 0 16-7.16 16-16v-16c0-8.84-7.16-16-16-16zm-387.2-48h22.4c6.4 0 12.8-6.4 12.8-12.8v-70.4c0-6.4-6.4-12.8-12.8-12.8h-22.4c-6.4 0-12.8 6.4-12.8 12.8v70.4c0 6.4 6.4 12.8 12.8 12.8z\" class=\"\"><\/path><\/svg><\/i> <img loading=\"lazy\" decoding=\"async\" width=\"16\" height=\"16\" alt=\"Loading\" src=\"https:\/\/www.112canarias.com\/112\/wp-content\/plugins\/page-views-count\/ajax-loader-2x.gif\" border=0 \/><\/p>\n<div class=\"pvc_clear\"><\/div>\n","protected":false},"author":1,"featured_media":645,"comment_status":"open","ping_status":"open","sticky":false,"template":"","format":"standard","meta":{"footnotes":""},"categories":[10],"tags":[],"class_list":["post-646","post","type-post","status-publish","format-standard","has-post-thumbnail","hentry","category-ultimasnoticas"],"_links":{"self":[{"href":"https:\/\/www.112canarias.com\/112\/wp-json\/wp\/v2\/posts\/646","targetHints":{"allow":["GET"]}}],"collection":[{"href":"https:\/\/www.112canarias.com\/112\/wp-json\/wp\/v2\/posts"}],"about":[{"href":"https:\/\/www.112canarias.com\/112\/wp-json\/wp\/v2\/types\/post"}],"author":[{"embeddable":true,"href":"https:\/\/www.112canarias.com\/112\/wp-json\/wp\/v2\/users\/1"}],"replies":[{"embeddable":true,"href":"https:\/\/www.112canarias.com\/112\/wp-json\/wp\/v2\/comments?post=646"}],"version-history":[{"count":0,"href":"https:\/\/www.112canarias.com\/112\/wp-json\/wp\/v2\/posts\/646\/revisions"}],"wp:featuredmedia":[{"embeddable":true,"href":"https:\/\/www.112canarias.com\/112\/wp-json\/wp\/v2\/media\/645"}],"wp:attachment":[{"href":"https:\/\/www.112canarias.com\/112\/wp-json\/wp\/v2\/media?parent=646"}],"wp:term":[{"taxonomy":"category","embeddable":true,"href":"https:\/\/www.112canarias.com\/112\/wp-json\/wp\/v2\/categories?post=646"},{"taxonomy":"post_tag","embeddable":true,"href":"https:\/\/www.112canarias.com\/112\/wp-json\/wp\/v2\/tags?post=646"}],"curies":[{"name":"wp","href":"https:\/\/api.w.org\/{rel}","templated":true}]}}