{"id":650,"date":"2018-06-15T23:00:00","date_gmt":"2018-06-15T23:00:00","guid":{"rendered":"http:\/\/www.112canarias.com\/112\/2018\/06\/15\/canarias-sede-de-la-xxvii-edicion-del-foro-de-centros-de-emergencias-1-1-2-de-espana\/"},"modified":"2018-06-15T23:00:00","modified_gmt":"2018-06-15T23:00:00","slug":"canarias-sede-de-la-xxvii-edicion-del-foro-de-centros-de-emergencias-1-1-2-de-espana","status":"publish","type":"post","link":"https:\/\/www.112canarias.com\/112\/canarias-sede-de-la-xxvii-edicion-del-foro-de-centros-de-emergencias-1-1-2-de-espana\/","title":{"rendered":"Canarias, sede de la XXVII edici\u00f3n del Foro de Centros de Emergencias 1-1-2 de Espa\u00f1a"},"content":{"rendered":"<p><\/p>\n<p style=\"text-align: justify;\"><strong style=\"font-size: 12.16px;\">Los asistentes al Foro fueron recibidos por la consejera de Pol\u00edtica Territorial, Sostenibilidad y Seguridad y visitaron la sala operativa<\/strong><\/p>\n<p style=\"text-align: justify;\"><span style=\"font-size: 12.16px;\">El Centro Coordinador de Emergencias y Seguridad (CECOES) 1-1-2, servicio de la Consejer\u00eda de Pol\u00edtica Territorial, Sostenibilidad y Seguridad del Gobierno de Canarias, acogi\u00f3 el \u2018XXVII Foro de directores y responsables de los centros de emergencia 1-1-2 de Espa\u00f1a\u2019, un encuentro de importante contenido t\u00e9cnico en el que se discuten los avances y las necesidades de los centros de emergencia 1-1-2.<\/span><\/p>\n<p style=\"text-align: justify;\"><span style=\"font-size: 12.16px;\">La consejera de Pol\u00edtica Territorial, Sostenibilidad y Seguridad, Nieves Lady Barreto, recibi\u00f3 a los asistentes al Foro en la sede de Presidencia de Gobierno en Santa Cruz de Tenerife, coincidiendo con la celebraci\u00f3n del XX Aniversario del 1-1-2 Canarias<\/span><\/p>\n<p class=\"txt07gr3\" style=\"text-align: justify;\"><span style=\"font-size: 12.16px;\">A continuaci\u00f3n, la directora general de Seguridad y Emergencias, Nazaret D\u00edaz, presidi\u00f3 las sesiones de trabajo que han tenido como objetivo intercambiar posturas y opiniones respecto a la gesti\u00f3n de las emergencias, as\u00ed como definir las l\u00edneas de futuro en este campo y consolidar relaciones en materia de intercambio tecnol\u00f3gico de \u00faltima generaci\u00f3n.<\/span><\/p>\n<p class=\"txt07gr3\" style=\"text-align: justify;\"><span style=\"font-size: 12.16px;\">Adem\u00e1s, en este Foro los representantes de los centros coordinadores del pa\u00eds analizaron los avances de las comisiones de trabajo de la \u00faltima reuni\u00f3n, que tuvo lugar en el 1-1-2 de la Comunidad Valenciana, e intercambiaron experiencias e iniciativas puestas en pr\u00e1ctica en el \u00e1mbito de la atenci\u00f3n de emergencias en las diferentes comunidades aut\u00f3nomas.<\/span><\/p>\n<p style=\"text-align: justify;\"><span style=\"font-size: 12.16px;\">La directora el \u00e1rea de Seguridad y Emergencias del Gobierno destac\u00f3 que este tipo de sesiones, que se vienen desarrollando desde hace m\u00e1s de diez a\u00f1os, \u201cfavorece el contacto entre los diferentes responsables t\u00e9cnicos y el intercambio fluido de informaci\u00f3n, con el objetivo de avanzar en la calidad del funcionamiento de los centros de emergencias\u201d.<\/span><\/p>\n<p style=\"text-align: justify;\"><span style=\"font-size: 12.16px;\">En ese sentido, el director del 1-1-2 Canarias, Jos\u00e9 Domingo Linares, agradeci\u00f3 la asistencia de los representantes de las diferentes comunidades aut\u00f3nomas que se han dado cita, ya que \u201ccompartir la experiencia de cada uno de los centros en la aplicaci\u00f3n de diferentes procedimientos t\u00e9cnicos nos permitir\u00e1 avanzar en un mejor servicio al ciudadano en la atenci\u00f3n de las emergencias\u201d.<\/span><\/p>\n<p style=\"text-align: justify;\"><strong style=\"font-size: 12.16px;\">Sesiones de trabajo<\/strong><\/p>\n<p style=\"text-align: justify;\"><span style=\"font-size: 12.16px;\">Este Foro abord\u00f3, entre otros temas, las posibles soluciones tecnol\u00f3gicas para la atenci\u00f3n de personas discapacitadas sensoriales y el futuro de la localizaci\u00f3n de las llamadas a trav\u00e9s del sistema AML (Advanced Mobile Location, que se traduce por \u00abUbicaci\u00f3n M\u00f3vil Avanzada\u00bb), un sistema creado para que los servicios de emergencias puedan recibir\u00a0informaci\u00f3n precisa sobre la ubicaci\u00f3n de la persona que est\u00e1 llamando.<\/span><\/p>\n<p style=\"text-align: justify;\"><span style=\"font-size: 12.16px;\">En ese sentido, Cristina Llumberas, directora t\u00e9cnica de la EENA (Asociaci\u00f3n Europea de n\u00fameros de emergencia) intervino v\u00eda internet para comentar la necesidad de impulsar iniciativas que permitan su implantaci\u00f3n en las distintas comunidades aut\u00f3nomas con el fin de incrementar las posibilidades de supervivencia ante cualquier emergencia.<\/span><\/p>\n<p style=\"text-align: justify;\"><span style=\"font-size: 12.16px;\">Asimismo, trataron las implicaciones del nuevo Reglamento de protecci\u00f3n de datos en los centros de emergencias y c\u00f3mo est\u00e1 siendo aplicado en cada comunidad aut\u00f3noma, as\u00ed como la necesidad de homogeneizar las diferentes app de emergencias que existen las comunidades aut\u00f3nomas.<\/span><\/p>\n<p style=\"text-align: justify;\">Por \u00faltimo, los representantes de los centros coordinadores trabajaron sobre otros temas como las funciones y evoluci\u00f3n del sistema eCall en los centros de emergencias y las campa\u00f1as previstas para fomentar un uso adecuado del sistema. El eCall es un sistema de\u00a0llamada de emergencia\u00a0instalado en los veh\u00edculos, capaz de conectarse con el centro de atenci\u00f3n de llamadas de emergencia m\u00e1s cercano en caso de detecci\u00f3n de un potencial accidente, ya sea de forma autom\u00e1tica o manual por parte de los ocupantes del veh\u00edculo, a trav\u00e9s de la red de comunicaci\u00f3n inal\u00e1mbrica m\u00f3vil. Este sistema ha sido desarrollado a iniciativa de la\u00a0<a href=\"https:\/\/es.wikipedia.org\/wiki\/Comisi%C3%B3n_Europea\" title=\"Comisi\u00f3n Europea\">Comisi\u00f3n Europea<\/a>\u00a0y su objetivo es proporcionar ayuda r\u00e1pida a los\u00a0<a href=\"https:\/\/es.wikipedia.org\/wiki\/Automovilista\" title=\"Automovilista\">automovilistas<\/a>\u00a0implicados en un\u00a0<a href=\"https:\/\/es.wikipedia.org\/wiki\/Accidente_de_tr%C3%A1fico\" title=\"Accidente de tr\u00e1fico\">accidente de tr\u00e1fico<\/a>\u00a0en cualquier parte de la\u00a0<a href=\"https:\/\/es.wikipedia.org\/wiki\/Uni%C3%B3n_Europea\" title=\"Uni\u00f3n Europea\">Uni\u00f3n Europea<\/a>.<\/p>\n<p style=\"text-align: justify;\"><span style=\"font-size: 12.16px;\">Al finalizar la jornada los asistentes al Foro pudieron conocer el Centro de Proceso de Datos D-ALIX del Cabildo de Tenerife, con el fin de conocer de cerca el centro de datos que opta a facilitar la implantaci\u00f3n del sistema AML en Espa\u00f1a. Los responsables de los centros de emergencias estuvieron acompa\u00f1ados por F\u00e9lix Fari\u00f1a Rodr\u00edguez, consejero con delegaci\u00f3n especial en Tecnolog\u00edas de la Informaci\u00f3n y Comunicaci\u00f3n y Sociedad de la informaci\u00f3n del Cabildo Insular de Tenerife y el jefe de servicio Antonio Hern\u00e1ndez.<\/span><\/p>\n<p style=\"text-align: justify;\"><span style=\"font-size: 12.16px;\">Por \u00faltimo, hoy s\u00e1bado, esta delegaci\u00f3n visit\u00f3 la sala operativa del 1-1-2 Canarias en Santa Cruz de Tenerife.<\/span><\/p>\n<p style=\"text-align: justify;\"><span style=\"font-size: 12.16px;\">\u00a0<\/span><\/p>\n<div class=\"pvc_clear\"><\/div>\n<p id=\"pvc_stats_650\" class=\"pvc_stats all  \" data-element-id=\"650\" style=\"\"><i class=\"pvc-stats-icon medium\" aria-hidden=\"true\"><svg aria-hidden=\"true\" focusable=\"false\" data-prefix=\"far\" data-icon=\"chart-bar\" role=\"img\" xmlns=\"http:\/\/www.w3.org\/2000\/svg\" viewBox=\"0 0 512 512\" class=\"svg-inline--fa fa-chart-bar fa-w-16 fa-2x\"><path fill=\"currentColor\" d=\"M396.8 352h22.4c6.4 0 12.8-6.4 12.8-12.8V108.8c0-6.4-6.4-12.8-12.8-12.8h-22.4c-6.4 0-12.8 6.4-12.8 12.8v230.4c0 6.4 6.4 12.8 12.8 12.8zm-192 0h22.4c6.4 0 12.8-6.4 12.8-12.8V140.8c0-6.4-6.4-12.8-12.8-12.8h-22.4c-6.4 0-12.8 6.4-12.8 12.8v198.4c0 6.4 6.4 12.8 12.8 12.8zm96 0h22.4c6.4 0 12.8-6.4 12.8-12.8V204.8c0-6.4-6.4-12.8-12.8-12.8h-22.4c-6.4 0-12.8 6.4-12.8 12.8v134.4c0 6.4 6.4 12.8 12.8 12.8zM496 400H48V80c0-8.84-7.16-16-16-16H16C7.16 64 0 71.16 0 80v336c0 17.67 14.33 32 32 32h464c8.84 0 16-7.16 16-16v-16c0-8.84-7.16-16-16-16zm-387.2-48h22.4c6.4 0 12.8-6.4 12.8-12.8v-70.4c0-6.4-6.4-12.8-12.8-12.8h-22.4c-6.4 0-12.8 6.4-12.8 12.8v70.4c0 6.4 6.4 12.8 12.8 12.8z\" class=\"\"><\/path><\/svg><\/i> <\/p>\n<div class=\"pvc_clear\"><\/div>\n<div class=\"print\"><span class=\"page_title\">P\u00e1gina: <span>Canarias, sede de la XXVII edici\u00f3n del Foro de Centros de Emergencias 1-1-2 de Espa\u00f1a<\/span><\/span>\n\t\t\t\t\t\t\t\t\t\t\t<span class=\"stmp_trans_date\">\u00daltima actualizaci\u00f3n: <span>15\/06\/2018 - 23:00:00<\/span><\/span>\n\t\t\t\t\t\t\t\t\t\t\t<span class=\"stmp_trans_date\">Fecha publicaci\u00f3n: <span>15\/06\/2018 - 23:00:00<\/span><\/span>\n\t\t\t\t\t\t\t\t\t\t\t<span class=\"stmp_trans_date\">Fecha creaci\u00f3n: <span>15\/06\/2018 - 23:00:00<\/span><\/span><\/div>","protected":false},"excerpt":{"rendered":"<p>Los asistentes al Foro fueron recibidos por la consejera de Pol\u00edtica Territorial, Sostenibilidad y Seguridad y visitaron la sala operativa El Centro Coordinador de Emergencias y Seguridad (CECOES) 1-1-2, servicio de la Consejer\u00eda de Pol\u00edtica Territorial, Sostenibilidad y Seguridad del Gobierno de Canarias, acogi\u00f3 el&#8230;<\/p>\n<div class=\"pvc_clear\"><\/div>\n<p id=\"pvc_stats_650\" class=\"pvc_stats all  \" data-element-id=\"650\" style=\"\"><i class=\"pvc-stats-icon medium\" aria-hidden=\"true\"><svg aria-hidden=\"true\" focusable=\"false\" data-prefix=\"far\" data-icon=\"chart-bar\" role=\"img\" xmlns=\"http:\/\/www.w3.org\/2000\/svg\" viewBox=\"0 0 512 512\" class=\"svg-inline--fa fa-chart-bar fa-w-16 fa-2x\"><path fill=\"currentColor\" d=\"M396.8 352h22.4c6.4 0 12.8-6.4 12.8-12.8V108.8c0-6.4-6.4-12.8-12.8-12.8h-22.4c-6.4 0-12.8 6.4-12.8 12.8v230.4c0 6.4 6.4 12.8 12.8 12.8zm-192 0h22.4c6.4 0 12.8-6.4 12.8-12.8V140.8c0-6.4-6.4-12.8-12.8-12.8h-22.4c-6.4 0-12.8 6.4-12.8 12.8v198.4c0 6.4 6.4 12.8 12.8 12.8zm96 0h22.4c6.4 0 12.8-6.4 12.8-12.8V204.8c0-6.4-6.4-12.8-12.8-12.8h-22.4c-6.4 0-12.8 6.4-12.8 12.8v134.4c0 6.4 6.4 12.8 12.8 12.8zM496 400H48V80c0-8.84-7.16-16-16-16H16C7.16 64 0 71.16 0 80v336c0 17.67 14.33 32 32 32h464c8.84 0 16-7.16 16-16v-16c0-8.84-7.16-16-16-16zm-387.2-48h22.4c6.4 0 12.8-6.4 12.8-12.8v-70.4c0-6.4-6.4-12.8-12.8-12.8h-22.4c-6.4 0-12.8 6.4-12.8 12.8v70.4c0 6.4 6.4 12.8 12.8 12.8z\" class=\"\"><\/path><\/svg><\/i> <img loading=\"lazy\" decoding=\"async\" width=\"16\" height=\"16\" alt=\"Loading\" src=\"https:\/\/www.112canarias.com\/112\/wp-content\/plugins\/page-views-count\/ajax-loader-2x.gif\" border=0 \/><\/p>\n<div class=\"pvc_clear\"><\/div>\n","protected":false},"author":1,"featured_media":649,"comment_status":"open","ping_status":"open","sticky":false,"template":"","format":"standard","meta":{"footnotes":""},"categories":[10],"tags":[],"class_list":["post-650","post","type-post","status-publish","format-standard","has-post-thumbnail","hentry","category-ultimasnoticas"],"_links":{"self":[{"href":"https:\/\/www.112canarias.com\/112\/wp-json\/wp\/v2\/posts\/650","targetHints":{"allow":["GET"]}}],"collection":[{"href":"https:\/\/www.112canarias.com\/112\/wp-json\/wp\/v2\/posts"}],"about":[{"href":"https:\/\/www.112canarias.com\/112\/wp-json\/wp\/v2\/types\/post"}],"author":[{"embeddable":true,"href":"https:\/\/www.112canarias.com\/112\/wp-json\/wp\/v2\/users\/1"}],"replies":[{"embeddable":true,"href":"https:\/\/www.112canarias.com\/112\/wp-json\/wp\/v2\/comments?post=650"}],"version-history":[{"count":0,"href":"https:\/\/www.112canarias.com\/112\/wp-json\/wp\/v2\/posts\/650\/revisions"}],"wp:featuredmedia":[{"embeddable":true,"href":"https:\/\/www.112canarias.com\/112\/wp-json\/wp\/v2\/media\/649"}],"wp:attachment":[{"href":"https:\/\/www.112canarias.com\/112\/wp-json\/wp\/v2\/media?parent=650"}],"wp:term":[{"taxonomy":"category","embeddable":true,"href":"https:\/\/www.112canarias.com\/112\/wp-json\/wp\/v2\/categories?post=650"},{"taxonomy":"post_tag","embeddable":true,"href":"https:\/\/www.112canarias.com\/112\/wp-json\/wp\/v2\/tags?post=650"}],"curies":[{"name":"wp","href":"https:\/\/api.w.org\/{rel}","templated":true}]}}