{"id":682,"date":"2013-07-09T23:00:00","date_gmt":"2013-07-09T23:00:00","guid":{"rendered":"http:\/\/www.112canarias.com\/112\/2013\/07\/09\/el-1-1-2-canarias-acerco-la-cultura-de-la-autoproteccion-a-23-institutos-de-tenerife-y-gran-canaria\/"},"modified":"2013-07-09T23:00:00","modified_gmt":"2013-07-09T23:00:00","slug":"el-1-1-2-canarias-acerco-la-cultura-de-la-autoproteccion-a-23-institutos-de-tenerife-y-gran-canaria","status":"publish","type":"post","link":"https:\/\/www.112canarias.com\/112\/el-1-1-2-canarias-acerco-la-cultura-de-la-autoproteccion-a-23-institutos-de-tenerife-y-gran-canaria\/","title":{"rendered":"El 1-1-2 Canarias acerc\u00f3 la cultura de la autoprotecci\u00f3n a 23 institutos de Tenerife y Gran Canaria"},"content":{"rendered":"<p style=\"text-align: justify;\"><strong>10\/07\/2013<br \/><\/strong><\/p>\n<p style=\"text-align: justify;\"> <\/p>\n<p style=\"text-align: justify;\"><strong> <\/strong><\/p>\n<p style=\"text-align: justify;\"><strong>En un trimestre, se form\u00f3 a unos 1.500 alumnos de 4\u00ba de la ESO  <\/strong><\/p>\n<p style=\"text-align: justify;\">El Centro Coordinador de Emergencias y Seguridad (CECOES) 1-1-2 del Gobierno de Canarias, servicio que depende de la Consejer\u00eda de Econom\u00eda, Hacienda y Seguridad, acerc\u00f3 la cultura preventiva y de autoprotecci\u00f3n a 1.500 estudiantes de 4\u00ba de Secundaria en  una nueva etapa del programa formativo realizado en el \u00faltimo trimestre del curso escolar en el que se visitaron 23 Institutos de Secundaria en Gran Canaria y Tenerife.<\/p>\n<p style=\"text-align: justify;\">Esta acci\u00f3n divulgativa tiene como finalidad fomentar la cultura de emergencias y promueve  aumentar el conocimiento y realizar un buen uso del tel\u00e9fono 1-1-2, contemplando la poblaci\u00f3n escolar como uno de los destinatarios potenciales de esta campa\u00f1a.<\/p>\n<p style=\"text-align: justify;\">En sesiones de hora y media, los alumnos recibieron los conocimientos b\u00e1sicos sobre el uso del tel\u00e9fono de emergencias y c\u00f3mo dar una buena alerta al 1-1-2 de manos de un coordinador multisectorial del CECOES 1-1-2. Adem\u00e1s aprendieron consejos de autoprotecci\u00f3n ante alertas meteorol\u00f3gicas y actividades de ocio y al aire libre como el mar o la monta\u00f1a.<\/p>\n<p style=\"text-align: justify;\">A continuaci\u00f3n, varios t\u00e9cnicos del 1-1-2 Canarias organizaron un taller de radiocomunicaciones en el que los alumnos pudieron comprobar el funcionamiento de algunas de las aplicaciones tecnol\u00f3gicas de las que dispone este servicio para resolver las emergencias<\/p>\n<p style=\"text-align: justify;\">Con estas charlas, el CECOES 1-1-2 persigue fomentar la cultura preventiva y mejorar la capacidad de reacci\u00f3n de los alumnos de Educaci\u00f3n Secundaria Obligatoria (ESO) ante situaciones de emergencias. En este sentido, es fundamental que conozcan qu\u00e9 es y para qu\u00e9 sirve el 1-1-2 y los avances tecnol\u00f3gicos con que cuenta para la gesti\u00f3n de emergencias y localizaci\u00f3n de llamadas.<\/p>\n<p style=\"text-align: justify;\">Adem\u00e1s, el 1-1-2 pretende introducir al alumnado en los procedimientos de actuaci\u00f3n del Gobierno de Canarias ante alertas meteorol\u00f3gicas, ofreci\u00e9ndoles unas nociones b\u00e1sicas y consejos sobre c\u00f3mo actuar para prevenir y evitar accidentes.<\/p>\n<p><strong> <\/strong><\/p>\n<div class=\"pvc_clear\"><\/div>\n<p id=\"pvc_stats_682\" class=\"pvc_stats all  \" data-element-id=\"682\" style=\"\"><i class=\"pvc-stats-icon medium\" aria-hidden=\"true\"><svg aria-hidden=\"true\" focusable=\"false\" data-prefix=\"far\" data-icon=\"chart-bar\" role=\"img\" xmlns=\"http:\/\/www.w3.org\/2000\/svg\" viewBox=\"0 0 512 512\" class=\"svg-inline--fa fa-chart-bar fa-w-16 fa-2x\"><path fill=\"currentColor\" d=\"M396.8 352h22.4c6.4 0 12.8-6.4 12.8-12.8V108.8c0-6.4-6.4-12.8-12.8-12.8h-22.4c-6.4 0-12.8 6.4-12.8 12.8v230.4c0 6.4 6.4 12.8 12.8 12.8zm-192 0h22.4c6.4 0 12.8-6.4 12.8-12.8V140.8c0-6.4-6.4-12.8-12.8-12.8h-22.4c-6.4 0-12.8 6.4-12.8 12.8v198.4c0 6.4 6.4 12.8 12.8 12.8zm96 0h22.4c6.4 0 12.8-6.4 12.8-12.8V204.8c0-6.4-6.4-12.8-12.8-12.8h-22.4c-6.4 0-12.8 6.4-12.8 12.8v134.4c0 6.4 6.4 12.8 12.8 12.8zM496 400H48V80c0-8.84-7.16-16-16-16H16C7.16 64 0 71.16 0 80v336c0 17.67 14.33 32 32 32h464c8.84 0 16-7.16 16-16v-16c0-8.84-7.16-16-16-16zm-387.2-48h22.4c6.4 0 12.8-6.4 12.8-12.8v-70.4c0-6.4-6.4-12.8-12.8-12.8h-22.4c-6.4 0-12.8 6.4-12.8 12.8v70.4c0 6.4 6.4 12.8 12.8 12.8z\" class=\"\"><\/path><\/svg><\/i> <img loading=\"lazy\" decoding=\"async\" width=\"16\" height=\"16\" alt=\"Loading\" src=\"https:\/\/www.112canarias.com\/112\/wp-content\/plugins\/page-views-count\/ajax-loader-2x.gif\" border=0 \/><\/p>\n<div class=\"pvc_clear\"><\/div>\n<div class=\"print\"><span class=\"page_title\">P\u00e1gina: <span>El 1-1-2 Canarias acerc\u00f3 la cultura de la autoprotecci\u00f3n a 23 institutos de Tenerife y Gran Canaria<\/span><\/span>\n\t\t\t\t\t\t\t\t\t\t\t<span class=\"stmp_trans_date\">\u00daltima actualizaci\u00f3n: <span>09\/07\/2013 - 23:00:00<\/span><\/span>\n\t\t\t\t\t\t\t\t\t\t\t<span class=\"stmp_trans_date\">Fecha publicaci\u00f3n: <span>09\/07\/2013 - 23:00:00<\/span><\/span>\n\t\t\t\t\t\t\t\t\t\t\t<span class=\"stmp_trans_date\">Fecha creaci\u00f3n: <span>09\/07\/2013 - 23:00:00<\/span><\/span><\/div>","protected":false},"excerpt":{"rendered":"<p>10\/07\/2013 En un trimestre, se form\u00f3 a unos 1.500 alumnos de 4\u00ba de la ESO El Centro Coordinador de Emergencias y Seguridad (CECOES) 1-1-2 del Gobierno de Canarias, servicio que depende de la Consejer\u00eda de Econom\u00eda, Hacienda y Seguridad, acerc\u00f3 la cultura preventiva y de&#8230;<\/p>\n<div class=\"pvc_clear\"><\/div>\n<p id=\"pvc_stats_682\" class=\"pvc_stats all  \" data-element-id=\"682\" style=\"\"><i class=\"pvc-stats-icon medium\" aria-hidden=\"true\"><svg aria-hidden=\"true\" focusable=\"false\" data-prefix=\"far\" data-icon=\"chart-bar\" role=\"img\" xmlns=\"http:\/\/www.w3.org\/2000\/svg\" viewBox=\"0 0 512 512\" class=\"svg-inline--fa fa-chart-bar fa-w-16 fa-2x\"><path fill=\"currentColor\" d=\"M396.8 352h22.4c6.4 0 12.8-6.4 12.8-12.8V108.8c0-6.4-6.4-12.8-12.8-12.8h-22.4c-6.4 0-12.8 6.4-12.8 12.8v230.4c0 6.4 6.4 12.8 12.8 12.8zm-192 0h22.4c6.4 0 12.8-6.4 12.8-12.8V140.8c0-6.4-6.4-12.8-12.8-12.8h-22.4c-6.4 0-12.8 6.4-12.8 12.8v198.4c0 6.4 6.4 12.8 12.8 12.8zm96 0h22.4c6.4 0 12.8-6.4 12.8-12.8V204.8c0-6.4-6.4-12.8-12.8-12.8h-22.4c-6.4 0-12.8 6.4-12.8 12.8v134.4c0 6.4 6.4 12.8 12.8 12.8zM496 400H48V80c0-8.84-7.16-16-16-16H16C7.16 64 0 71.16 0 80v336c0 17.67 14.33 32 32 32h464c8.84 0 16-7.16 16-16v-16c0-8.84-7.16-16-16-16zm-387.2-48h22.4c6.4 0 12.8-6.4 12.8-12.8v-70.4c0-6.4-6.4-12.8-12.8-12.8h-22.4c-6.4 0-12.8 6.4-12.8 12.8v70.4c0 6.4 6.4 12.8 12.8 12.8z\" class=\"\"><\/path><\/svg><\/i> <img loading=\"lazy\" decoding=\"async\" width=\"16\" height=\"16\" alt=\"Loading\" src=\"https:\/\/www.112canarias.com\/112\/wp-content\/plugins\/page-views-count\/ajax-loader-2x.gif\" border=0 \/><\/p>\n<div class=\"pvc_clear\"><\/div>\n","protected":false},"author":1,"featured_media":680,"comment_status":"open","ping_status":"open","sticky":false,"template":"","format":"standard","meta":{"footnotes":""},"categories":[10],"tags":[],"class_list":["post-682","post","type-post","status-publish","format-standard","has-post-thumbnail","hentry","category-ultimasnoticas"],"_links":{"self":[{"href":"https:\/\/www.112canarias.com\/112\/wp-json\/wp\/v2\/posts\/682","targetHints":{"allow":["GET"]}}],"collection":[{"href":"https:\/\/www.112canarias.com\/112\/wp-json\/wp\/v2\/posts"}],"about":[{"href":"https:\/\/www.112canarias.com\/112\/wp-json\/wp\/v2\/types\/post"}],"author":[{"embeddable":true,"href":"https:\/\/www.112canarias.com\/112\/wp-json\/wp\/v2\/users\/1"}],"replies":[{"embeddable":true,"href":"https:\/\/www.112canarias.com\/112\/wp-json\/wp\/v2\/comments?post=682"}],"version-history":[{"count":0,"href":"https:\/\/www.112canarias.com\/112\/wp-json\/wp\/v2\/posts\/682\/revisions"}],"wp:featuredmedia":[{"embeddable":true,"href":"https:\/\/www.112canarias.com\/112\/wp-json\/wp\/v2\/media\/680"}],"wp:attachment":[{"href":"https:\/\/www.112canarias.com\/112\/wp-json\/wp\/v2\/media?parent=682"}],"wp:term":[{"taxonomy":"category","embeddable":true,"href":"https:\/\/www.112canarias.com\/112\/wp-json\/wp\/v2\/categories?post=682"},{"taxonomy":"post_tag","embeddable":true,"href":"https:\/\/www.112canarias.com\/112\/wp-json\/wp\/v2\/tags?post=682"}],"curies":[{"name":"wp","href":"https:\/\/api.w.org\/{rel}","templated":true}]}}