{"id":713,"date":"2015-03-28T00:00:00","date_gmt":"2015-03-28T00:00:00","guid":{"rendered":"http:\/\/www.112canarias.com\/112\/2015\/03\/28\/el-1-1-2-canarias-colabora-en-el-desarrollo-de-la-circular-extrema-villa-de-moya-2015\/"},"modified":"2015-03-28T00:00:00","modified_gmt":"2015-03-28T00:00:00","slug":"el-1-1-2-canarias-colabora-en-el-desarrollo-de-la-circular-extrema-villa-de-moya-2015","status":"publish","type":"post","link":"https:\/\/www.112canarias.com\/112\/el-1-1-2-canarias-colabora-en-el-desarrollo-de-la-circular-extrema-villa-de-moya-2015\/","title":{"rendered":"El 1-1-2 Canarias colabora en el desarrollo de la Circular Extrema Villa de Moya 2015"},"content":{"rendered":"<p style=\"text-align: justify;\">\u00a0<\/p>\n<p style=\"text-align: justify;\"><strong style=\"font-size: 12.1599998474121px; line-height: 1.3em;\">28\/03\/2015<\/strong><\/p>\n<p style=\"text-align: justify;\"><strong><strong>\u00a0\u00a0<strong><\/strong><\/strong><\/strong><\/p>\n<p style=\"text-align: justify;\"><strong>Garantiza las comunicaciones entre los recursos de seguridad y emergencias que participan en la prueba y mantiene una conexi\u00f3n directa con el centro coordinador<\/strong><\/p>\n<p style=\"text-align: justify;\">El Centro Coordinador de Emergencias y Seguridad (CECOES) 1-1-2, dependiente de la Consejer\u00eda de Econom\u00eda, Hacienda y Seguridad del Gobierno de Canarias, ha colaborado en el desarrollo de la carrera Circular Extrema Villa de Moya 2015 con el fin de garantizar la asistencia m\u00e1s r\u00e1pida y eficaz a los corredores que pudieran necesitar la ayuda de los servicios de seguridad y emergencias durante el desarrollo de las pruebas.<\/p>\n<p style=\"text-align: justify;\">Para ello, el 1-1-2 ha desplazado al lugar de la carrera un veh\u00edculo y personal de coordinaci\u00f3n que se han encargado de garantizar las comunicaciones entre los recursos de Seguridad y Emergencias que cubren la prueba as\u00ed como una comunicaci\u00f3n directa con el CECOES en caso de que fuera necesario ante una situaci\u00f3n de urgencia o emergencia.<\/p>\n<p style=\"text-align: justify;\">As\u00edmismo, el CECOES 1-1-2 y la organizaci\u00f3n de la Circular Extrema Villa de Moya 2015 se han encargado de potenciar, entre los m\u00e1s de 900 corredores, la difusi\u00f3n de la aplicaci\u00f3n FRESS112 as\u00ed como a trav\u00e9s de diferentes medios de comunicaci\u00f3n y del perfil de Twitter @112canarias, en donde se ha recordado a los participantes la importancia de descargarse dicha aplicaci\u00f3n por propia seguridad.<\/p>\n<p style=\"text-align: justify;\">Esta aplicaci\u00f3n, gratuita y de f\u00e1cil descarga para tel\u00e9fonos con sistema operativo Android e IOS, permite a sus usuarios, en lugares con cobertura para intercambio de datos, facilitar su ubicaci\u00f3n exacta, con las coordenadas de posicionamiento del terminal, en caso de que hayan tenido un incidente; iniciar la comunicaci\u00f3n por voz con el CECOES 1-1-2; enviar las im\u00e1genes que pudieran ser requeridas por el 1-1-2 e incluso mensajes de texto para colectivos espec\u00edficos como las personas sordas.<\/p>\n<p style=\"text-align: justify;\"><strong>\u00a0<\/strong><\/p>\n<div class=\"pvc_clear\"><\/div>\n<p id=\"pvc_stats_713\" class=\"pvc_stats all  \" data-element-id=\"713\" style=\"\"><i class=\"pvc-stats-icon medium\" aria-hidden=\"true\"><svg aria-hidden=\"true\" focusable=\"false\" data-prefix=\"far\" data-icon=\"chart-bar\" role=\"img\" xmlns=\"http:\/\/www.w3.org\/2000\/svg\" viewBox=\"0 0 512 512\" class=\"svg-inline--fa fa-chart-bar fa-w-16 fa-2x\"><path fill=\"currentColor\" d=\"M396.8 352h22.4c6.4 0 12.8-6.4 12.8-12.8V108.8c0-6.4-6.4-12.8-12.8-12.8h-22.4c-6.4 0-12.8 6.4-12.8 12.8v230.4c0 6.4 6.4 12.8 12.8 12.8zm-192 0h22.4c6.4 0 12.8-6.4 12.8-12.8V140.8c0-6.4-6.4-12.8-12.8-12.8h-22.4c-6.4 0-12.8 6.4-12.8 12.8v198.4c0 6.4 6.4 12.8 12.8 12.8zm96 0h22.4c6.4 0 12.8-6.4 12.8-12.8V204.8c0-6.4-6.4-12.8-12.8-12.8h-22.4c-6.4 0-12.8 6.4-12.8 12.8v134.4c0 6.4 6.4 12.8 12.8 12.8zM496 400H48V80c0-8.84-7.16-16-16-16H16C7.16 64 0 71.16 0 80v336c0 17.67 14.33 32 32 32h464c8.84 0 16-7.16 16-16v-16c0-8.84-7.16-16-16-16zm-387.2-48h22.4c6.4 0 12.8-6.4 12.8-12.8v-70.4c0-6.4-6.4-12.8-12.8-12.8h-22.4c-6.4 0-12.8 6.4-12.8 12.8v70.4c0 6.4 6.4 12.8 12.8 12.8z\" class=\"\"><\/path><\/svg><\/i> <img loading=\"lazy\" decoding=\"async\" width=\"16\" height=\"16\" alt=\"Loading\" src=\"https:\/\/www.112canarias.com\/112\/wp-content\/plugins\/page-views-count\/ajax-loader-2x.gif\" border=0 \/><\/p>\n<div class=\"pvc_clear\"><\/div>\n<div class=\"print\"><span class=\"page_title\">P\u00e1gina: <span>El 1-1-2 Canarias colabora en el desarrollo de la Circular Extrema Villa de Moya 2015<\/span><\/span>\n\t\t\t\t\t\t\t\t\t\t\t<span class=\"stmp_trans_date\">\u00daltima actualizaci\u00f3n: <span>28\/03\/2015 - 00:00:00<\/span><\/span>\n\t\t\t\t\t\t\t\t\t\t\t<span class=\"stmp_trans_date\">Fecha publicaci\u00f3n: <span>28\/03\/2015 - 00:00:00<\/span><\/span>\n\t\t\t\t\t\t\t\t\t\t\t<span class=\"stmp_trans_date\">Fecha creaci\u00f3n: <span>28\/03\/2015 - 00:00:00<\/span><\/span><\/div>","protected":false},"excerpt":{"rendered":"<p>\u00a0 28\/03\/2015 \u00a0\u00a0 Garantiza las comunicaciones entre los recursos de seguridad y emergencias que participan en la prueba y mantiene una conexi\u00f3n directa con el centro coordinador El Centro Coordinador de Emergencias y Seguridad (CECOES) 1-1-2, dependiente de la Consejer\u00eda de Econom\u00eda, Hacienda y Seguridad&#8230;<\/p>\n<div class=\"pvc_clear\"><\/div>\n<p id=\"pvc_stats_713\" class=\"pvc_stats all  \" data-element-id=\"713\" style=\"\"><i class=\"pvc-stats-icon medium\" aria-hidden=\"true\"><svg aria-hidden=\"true\" focusable=\"false\" data-prefix=\"far\" data-icon=\"chart-bar\" role=\"img\" xmlns=\"http:\/\/www.w3.org\/2000\/svg\" viewBox=\"0 0 512 512\" class=\"svg-inline--fa fa-chart-bar fa-w-16 fa-2x\"><path fill=\"currentColor\" d=\"M396.8 352h22.4c6.4 0 12.8-6.4 12.8-12.8V108.8c0-6.4-6.4-12.8-12.8-12.8h-22.4c-6.4 0-12.8 6.4-12.8 12.8v230.4c0 6.4 6.4 12.8 12.8 12.8zm-192 0h22.4c6.4 0 12.8-6.4 12.8-12.8V140.8c0-6.4-6.4-12.8-12.8-12.8h-22.4c-6.4 0-12.8 6.4-12.8 12.8v198.4c0 6.4 6.4 12.8 12.8 12.8zm96 0h22.4c6.4 0 12.8-6.4 12.8-12.8V204.8c0-6.4-6.4-12.8-12.8-12.8h-22.4c-6.4 0-12.8 6.4-12.8 12.8v134.4c0 6.4 6.4 12.8 12.8 12.8zM496 400H48V80c0-8.84-7.16-16-16-16H16C7.16 64 0 71.16 0 80v336c0 17.67 14.33 32 32 32h464c8.84 0 16-7.16 16-16v-16c0-8.84-7.16-16-16-16zm-387.2-48h22.4c6.4 0 12.8-6.4 12.8-12.8v-70.4c0-6.4-6.4-12.8-12.8-12.8h-22.4c-6.4 0-12.8 6.4-12.8 12.8v70.4c0 6.4 6.4 12.8 12.8 12.8z\" class=\"\"><\/path><\/svg><\/i> <img loading=\"lazy\" decoding=\"async\" width=\"16\" height=\"16\" alt=\"Loading\" src=\"https:\/\/www.112canarias.com\/112\/wp-content\/plugins\/page-views-count\/ajax-loader-2x.gif\" border=0 \/><\/p>\n<div class=\"pvc_clear\"><\/div>\n","protected":false},"author":1,"featured_media":711,"comment_status":"open","ping_status":"open","sticky":false,"template":"","format":"standard","meta":{"footnotes":""},"categories":[10],"tags":[],"class_list":["post-713","post","type-post","status-publish","format-standard","has-post-thumbnail","hentry","category-ultimasnoticas"],"_links":{"self":[{"href":"https:\/\/www.112canarias.com\/112\/wp-json\/wp\/v2\/posts\/713","targetHints":{"allow":["GET"]}}],"collection":[{"href":"https:\/\/www.112canarias.com\/112\/wp-json\/wp\/v2\/posts"}],"about":[{"href":"https:\/\/www.112canarias.com\/112\/wp-json\/wp\/v2\/types\/post"}],"author":[{"embeddable":true,"href":"https:\/\/www.112canarias.com\/112\/wp-json\/wp\/v2\/users\/1"}],"replies":[{"embeddable":true,"href":"https:\/\/www.112canarias.com\/112\/wp-json\/wp\/v2\/comments?post=713"}],"version-history":[{"count":0,"href":"https:\/\/www.112canarias.com\/112\/wp-json\/wp\/v2\/posts\/713\/revisions"}],"wp:featuredmedia":[{"embeddable":true,"href":"https:\/\/www.112canarias.com\/112\/wp-json\/wp\/v2\/media\/711"}],"wp:attachment":[{"href":"https:\/\/www.112canarias.com\/112\/wp-json\/wp\/v2\/media?parent=713"}],"wp:term":[{"taxonomy":"category","embeddable":true,"href":"https:\/\/www.112canarias.com\/112\/wp-json\/wp\/v2\/categories?post=713"},{"taxonomy":"post_tag","embeddable":true,"href":"https:\/\/www.112canarias.com\/112\/wp-json\/wp\/v2\/tags?post=713"}],"curies":[{"name":"wp","href":"https:\/\/api.w.org\/{rel}","templated":true}]}}