{"id":715,"date":"2014-11-03T00:00:00","date_gmt":"2014-11-03T00:00:00","guid":{"rendered":"http:\/\/www.112canarias.com\/112\/2014\/11\/03\/el-1-1-2-canarias-comienza-una-nueva-edicion-de-su-programa-formativo-de-autoproteccion-en-los-institutos\/"},"modified":"2014-11-03T00:00:00","modified_gmt":"2014-11-03T00:00:00","slug":"el-1-1-2-canarias-comienza-una-nueva-edicion-de-su-programa-formativo-de-autoproteccion-en-los-institutos","status":"publish","type":"post","link":"https:\/\/www.112canarias.com\/112\/el-1-1-2-canarias-comienza-una-nueva-edicion-de-su-programa-formativo-de-autoproteccion-en-los-institutos\/","title":{"rendered":"El 1-1-2 Canarias comienza una nueva edici\u00f3n de su programa formativo de autoprotecci\u00f3n en los institutos"},"content":{"rendered":"<p>03\/11\/2014<strong><br \/><\/strong><\/p>\n<p><strong><\/strong><\/p>\n<p><strong>Durante la campa\u00f1a anterior, m\u00e1s de 1.200 alumnos de Educaci\u00f3n Secundaria se interesaron por la tecnolog\u00eda con la que cuenta el Centro Coordinador de Emergencias<\/strong><\/p>\n<p style=\"text-align: justify;\">El Centro Coordinador de Emergencias y Seguridad (CECOES) 1-1-2, dependiente de la Consejer\u00eda de Econom\u00eda, Hacienda y Seguridad del Gobierno de Canarias, ha comenzado una nueva edici\u00f3n de su programa formativo en Institutos de Ense\u00f1anza Secundaria visitando el Colegio Tacoronte, en la isla de Tenerife.<\/p>\n<p style=\"text-align: justify;\">En el curso anterior, el 1-1-2 Canarias form\u00f3 a m\u00e1s de 1.200 alumnos de diferentes Institutos de Ense\u00f1anza Secundaria, localizados en Gran Canaria y Tenerife, con la finalidad de inculcar en los j\u00f3venes la denominada cultura de las emergencias. Durante las charlas y talleres no s\u00f3lo se les explic\u00f3 el funcionamiento general del Centro Coordinador y la tecnolog\u00eda con la que cuenta, sino que adem\u00e1s se les indic\u00f3 c\u00f3mo se deben autoproteger ante las declaraciones de situaci\u00f3n de alerta por Fen\u00f3menos Meteorol\u00f3gicos Adversos (FMA), cuando acuden a espect\u00e1culos p\u00fablicos y en aquellas ocasiones en las que realizan actividades en el mar o la monta\u00f1a. Para ello se les expone casos reales y las posibles consecuencias de no actuar adecuadamente, incidiendo adem\u00e1s en que ellos mismos pueden formar a otras personas que est\u00e1n a su alrededor transmitiendo estos consejos de autoprotecci\u00f3n.<\/p>\n<p style=\"text-align: justify;\">Teniendo en cuenta el \u00a0gran conocimiento de los j\u00f3venes en las nuevas tecnolog\u00edas, una gran parte de estos estudiantes se interesaron por los avances tecnol\u00f3gicos con los que cuentan las salas operativas, como por ejemplo las particularidades de la App FRESS112, a trav\u00e9s de la cual pueden alertar al 1-1-2, facilitar su posicionamiento GPS e incluso enviar im\u00e1genes, y la gesti\u00f3n de la informaci\u00f3n en redes sociales mediante el perfil en Twitter @112canarias.<\/p>\n<p style=\"text-align: justify;\">En este curso 2014\/2015, el 1-1-2 Canarias ha iniciado el programa en el Colegio Tacoronte. Durante una ma\u00f1ana, 27 alumnos del cuarto curso de ESO recibieron la visita de un coordinador multisectorial de la sala operativa del 1-1-2 Canarias en Santa Cruz de Tenerife y personal de la Unidad de\u00a0Tecnolog\u00edas de la Informaci\u00f3n y la Comunicaci\u00f3n. La jornada comenz\u00f3 con la charla formativa que dio paso a un taller en la que se les mostr\u00f3 el veh\u00edculo de coordinaci\u00f3n, que se desplaza a los lugares en los que se registran incidentes graves o con m\u00faltiples v\u00edctimas para prestar apoyo y facilitar informaci\u00f3n a las salas operativas del 1-1-2. Asimismo se les ense\u00f1\u00f3 parte del material de radiocomunicaciones con el que cuenta.<\/p>\n<p><strong>\u00a0<\/strong><\/p>\n<p><strong>\u00a0<\/strong><\/p>\n<p><strong>\u00a0<\/strong><\/p>\n<div class=\"pvc_clear\"><\/div>\n<p id=\"pvc_stats_715\" class=\"pvc_stats all  \" data-element-id=\"715\" style=\"\"><i class=\"pvc-stats-icon medium\" aria-hidden=\"true\"><svg aria-hidden=\"true\" focusable=\"false\" data-prefix=\"far\" data-icon=\"chart-bar\" role=\"img\" xmlns=\"http:\/\/www.w3.org\/2000\/svg\" viewBox=\"0 0 512 512\" class=\"svg-inline--fa fa-chart-bar fa-w-16 fa-2x\"><path fill=\"currentColor\" d=\"M396.8 352h22.4c6.4 0 12.8-6.4 12.8-12.8V108.8c0-6.4-6.4-12.8-12.8-12.8h-22.4c-6.4 0-12.8 6.4-12.8 12.8v230.4c0 6.4 6.4 12.8 12.8 12.8zm-192 0h22.4c6.4 0 12.8-6.4 12.8-12.8V140.8c0-6.4-6.4-12.8-12.8-12.8h-22.4c-6.4 0-12.8 6.4-12.8 12.8v198.4c0 6.4 6.4 12.8 12.8 12.8zm96 0h22.4c6.4 0 12.8-6.4 12.8-12.8V204.8c0-6.4-6.4-12.8-12.8-12.8h-22.4c-6.4 0-12.8 6.4-12.8 12.8v134.4c0 6.4 6.4 12.8 12.8 12.8zM496 400H48V80c0-8.84-7.16-16-16-16H16C7.16 64 0 71.16 0 80v336c0 17.67 14.33 32 32 32h464c8.84 0 16-7.16 16-16v-16c0-8.84-7.16-16-16-16zm-387.2-48h22.4c6.4 0 12.8-6.4 12.8-12.8v-70.4c0-6.4-6.4-12.8-12.8-12.8h-22.4c-6.4 0-12.8 6.4-12.8 12.8v70.4c0 6.4 6.4 12.8 12.8 12.8z\" class=\"\"><\/path><\/svg><\/i> <\/p>\n<div class=\"pvc_clear\"><\/div>\n<div class=\"print\"><span class=\"page_title\">P\u00e1gina: <span>El 1-1-2 Canarias comienza una nueva edici\u00f3n de su programa formativo de autoprotecci\u00f3n en los institutos<\/span><\/span>\n\t\t\t\t\t\t\t\t\t\t\t<span class=\"stmp_trans_date\">\u00daltima actualizaci\u00f3n: <span>03\/11\/2014 - 00:00:00<\/span><\/span>\n\t\t\t\t\t\t\t\t\t\t\t<span class=\"stmp_trans_date\">Fecha publicaci\u00f3n: <span>03\/11\/2014 - 00:00:00<\/span><\/span>\n\t\t\t\t\t\t\t\t\t\t\t<span class=\"stmp_trans_date\">Fecha creaci\u00f3n: <span>03\/11\/2014 - 00:00:00<\/span><\/span><\/div>","protected":false},"excerpt":{"rendered":"<p>03\/11\/2014 Durante la campa\u00f1a anterior, m\u00e1s de 1.200 alumnos de Educaci\u00f3n Secundaria se interesaron por la tecnolog\u00eda con la que cuenta el Centro Coordinador de Emergencias El Centro Coordinador de Emergencias y Seguridad (CECOES) 1-1-2, dependiente de la Consejer\u00eda de Econom\u00eda, Hacienda y Seguridad del&#8230;<\/p>\n<div class=\"pvc_clear\"><\/div>\n<p id=\"pvc_stats_715\" class=\"pvc_stats all  \" data-element-id=\"715\" style=\"\"><i class=\"pvc-stats-icon medium\" aria-hidden=\"true\"><svg aria-hidden=\"true\" focusable=\"false\" data-prefix=\"far\" data-icon=\"chart-bar\" role=\"img\" xmlns=\"http:\/\/www.w3.org\/2000\/svg\" viewBox=\"0 0 512 512\" class=\"svg-inline--fa fa-chart-bar fa-w-16 fa-2x\"><path fill=\"currentColor\" d=\"M396.8 352h22.4c6.4 0 12.8-6.4 12.8-12.8V108.8c0-6.4-6.4-12.8-12.8-12.8h-22.4c-6.4 0-12.8 6.4-12.8 12.8v230.4c0 6.4 6.4 12.8 12.8 12.8zm-192 0h22.4c6.4 0 12.8-6.4 12.8-12.8V140.8c0-6.4-6.4-12.8-12.8-12.8h-22.4c-6.4 0-12.8 6.4-12.8 12.8v198.4c0 6.4 6.4 12.8 12.8 12.8zm96 0h22.4c6.4 0 12.8-6.4 12.8-12.8V204.8c0-6.4-6.4-12.8-12.8-12.8h-22.4c-6.4 0-12.8 6.4-12.8 12.8v134.4c0 6.4 6.4 12.8 12.8 12.8zM496 400H48V80c0-8.84-7.16-16-16-16H16C7.16 64 0 71.16 0 80v336c0 17.67 14.33 32 32 32h464c8.84 0 16-7.16 16-16v-16c0-8.84-7.16-16-16-16zm-387.2-48h22.4c6.4 0 12.8-6.4 12.8-12.8v-70.4c0-6.4-6.4-12.8-12.8-12.8h-22.4c-6.4 0-12.8 6.4-12.8 12.8v70.4c0 6.4 6.4 12.8 12.8 12.8z\" class=\"\"><\/path><\/svg><\/i> <img loading=\"lazy\" decoding=\"async\" width=\"16\" height=\"16\" alt=\"Loading\" src=\"https:\/\/www.112canarias.com\/112\/wp-content\/plugins\/page-views-count\/ajax-loader-2x.gif\" border=0 \/><\/p>\n<div class=\"pvc_clear\"><\/div>\n","protected":false},"author":1,"featured_media":714,"comment_status":"open","ping_status":"open","sticky":false,"template":"","format":"standard","meta":{"footnotes":""},"categories":[10],"tags":[],"class_list":["post-715","post","type-post","status-publish","format-standard","has-post-thumbnail","hentry","category-ultimasnoticas"],"_links":{"self":[{"href":"https:\/\/www.112canarias.com\/112\/wp-json\/wp\/v2\/posts\/715","targetHints":{"allow":["GET"]}}],"collection":[{"href":"https:\/\/www.112canarias.com\/112\/wp-json\/wp\/v2\/posts"}],"about":[{"href":"https:\/\/www.112canarias.com\/112\/wp-json\/wp\/v2\/types\/post"}],"author":[{"embeddable":true,"href":"https:\/\/www.112canarias.com\/112\/wp-json\/wp\/v2\/users\/1"}],"replies":[{"embeddable":true,"href":"https:\/\/www.112canarias.com\/112\/wp-json\/wp\/v2\/comments?post=715"}],"version-history":[{"count":0,"href":"https:\/\/www.112canarias.com\/112\/wp-json\/wp\/v2\/posts\/715\/revisions"}],"wp:featuredmedia":[{"embeddable":true,"href":"https:\/\/www.112canarias.com\/112\/wp-json\/wp\/v2\/media\/714"}],"wp:attachment":[{"href":"https:\/\/www.112canarias.com\/112\/wp-json\/wp\/v2\/media?parent=715"}],"wp:term":[{"taxonomy":"category","embeddable":true,"href":"https:\/\/www.112canarias.com\/112\/wp-json\/wp\/v2\/categories?post=715"},{"taxonomy":"post_tag","embeddable":true,"href":"https:\/\/www.112canarias.com\/112\/wp-json\/wp\/v2\/tags?post=715"}],"curies":[{"name":"wp","href":"https:\/\/api.w.org\/{rel}","templated":true}]}}