{"id":729,"date":"2018-06-14T23:00:00","date_gmt":"2018-06-14T23:00:00","guid":{"rendered":"http:\/\/www.112canarias.com\/112\/2018\/06\/14\/el-1-1-2-canarias-distingue-en-su-xx-aniversario-a-los-servicios-de-emergencia-del-archipielago\/"},"modified":"2018-06-14T23:00:00","modified_gmt":"2018-06-14T23:00:00","slug":"el-1-1-2-canarias-distingue-en-su-xx-aniversario-a-los-servicios-de-emergencia-del-archipielago","status":"publish","type":"post","link":"https:\/\/www.112canarias.com\/112\/el-1-1-2-canarias-distingue-en-su-xx-aniversario-a-los-servicios-de-emergencia-del-archipielago\/","title":{"rendered":"El 1-1-2 Canarias distingue en su XX aniversario a los servicios de emergencia del Archipi\u00e9lago"},"content":{"rendered":"<p><\/p>\n<p style=\"text-align: justify;\"><strong>En estas dos d\u00e9cadas de funcionamiento, el 1-1-2 Canarias ha atendido a m\u00e1s de 8 millones de personas y ha triplicado su actividad<\/strong><\/p>\n<p style=\"text-align: justify;\">La consejera de Pol\u00edtica Territorial, Sostenibilidad y Seguridad del Gobierno de Canarias, Nieves Lady Barreto, presidi\u00f3 esta ma\u00f1ana el Acto Institucional del XX Aniversario del Centro Coordinador de Emergencias y Seguridad (CECOES) 1-1-2, en el que este servicio p\u00fablico ha otorgado una serie de distinciones a los responsables de los diferentes servicios de emergencias que diariamente son activados por el centro coordinador para dar respuesta a las solicitudes de ayuda de los ciudadanos.<\/p>\n<p style=\"text-align: justify;\">Como ejemplo de esa colaboraci\u00f3n, Barreto destac\u00f3 que, desde su puesta en marcha, el 30 de mayo de 1998, hasta la actualidad \u201cel 1-1-2 Canarias ha atendido a 8.148.585 personas, de las cuales casi tres millones, ten\u00edan una emergencia vital\u201d. Estos datos significan que, en estas dos d\u00e9cadas, el 1-1-2 Canarias ha coordinado la resoluci\u00f3n de 8.786.643 sucesos, triplicando la actividad registrada durante el primer a\u00f1o de funcionamiento, hasta coordinar en la actualidad una media de 1.472 incidentes diarios.<\/p>\n<p style=\"text-align: justify;\">En este mismo acto, la consejera de Seguridad del Gobierno de Canarias reconoci\u00f3 tambi\u00e9n la labor que realizan diariamente por los trabajadores del CECOES 1-1-2 en sus diferentes categor\u00edas profesionales, quienes, junto a los servicios de seguridad y emergencia distinguidos -se\u00f1al\u00f3- \u201chan demostrado una extraordinaria vocaci\u00f3n de servicio p\u00fablico\u201d.<\/p>\n<p style=\"text-align: justify;\">Asimismo, Nieves Lady Barreto resalt\u00f3 la trayectoria del 1-1-2 Canarias, un servicio que se ha consolidado como esencial para los ciudadanos y los turistas que visitan nuestras islas cada a\u00f1o y que ha dotado al Archipi\u00e9lago canario de un sistema de seguridad \u201creferente a nivel nacional e internacional\u201d.\u00a0 \u00a0Para la consejera de Seguridad del Gobierno de Canarias ese reconocimiento \u201cha sido posible gracias a un trabajo continuo de mejora y perfeccionamiento, producto de un an\u00e1lisis cr\u00edtico y constructivo del funcionamiento de este servicio que nos ha permitido seguir al nivel que nos demandan nuestros ciudadanos\u201d.<\/p>\n<p style=\"text-align: justify;\">Por su parte, el director del CECOES 1-1-2, Jos\u00e9 Domingo Linares, destac\u00f3 la labor realizada por \u201cel gran equipo humano del 1-1-2\u201d. \u201cEse -a\u00f1adi\u00f3- es el verdadero valor y esencia de este servicio por lo que seguiremos trabajando sin descanso para que contin\u00fae as\u00ed\u201d. \u201cUn servicio -explic\u00f3- cuya \u00fanica ideolog\u00eda com\u00fan es trabajar por y para las personas que necesiten nuestro auxilio\u201d.<\/p>\n<p style=\"text-align: justify;\">En base a ese trabajo de coordinaci\u00f3n realizado durante los veinte a\u00f1os de vida del 1-1-2, el Gobierno de Canarias ha reconocido hoy la estrecha colaboraci\u00f3n que han desempe\u00f1ado con el CECOES el Servicio de Urgencias Canario (SUC), el Cuerpo General de la Polic\u00eda Canaria, el Grupo de Emergencias y Salvamento (GES), las Polic\u00edas Locales de este archipi\u00e9lago, Polic\u00eda Nacional, Guardia Civil, la Unidad Militar de Emergencias, Cruz Roja, Salvamento Mar\u00edtimo, Servicio A\u00e9reo de Rescate (SAR), los diferentes cuerpos de bomberos y consorcios de emergencia que trabajan en estas islas, las brigadas forestales, las agrupaciones de Protecci\u00f3n Civil, AEA y Guardas Rurales y el Servicio de Atenci\u00f3n a la Mujer del Gobierno de Canarias.<\/p>\n<p style=\"text-align: justify;\">\u00a0<\/p>\n<p style=\"text-align: justify;\">\u00a0<\/p>\n<p style=\"text-align: justify;\">\u00a0<\/p>\n<p style=\"text-align: justify;\">\u00a0<\/p>\n<p style=\"text-align: justify;\">\u00a0<\/p>\n<div class=\"pvc_clear\"><\/div>\n<p id=\"pvc_stats_729\" class=\"pvc_stats all  \" data-element-id=\"729\" style=\"\"><i class=\"pvc-stats-icon medium\" aria-hidden=\"true\"><svg aria-hidden=\"true\" focusable=\"false\" data-prefix=\"far\" data-icon=\"chart-bar\" role=\"img\" xmlns=\"http:\/\/www.w3.org\/2000\/svg\" viewBox=\"0 0 512 512\" class=\"svg-inline--fa fa-chart-bar fa-w-16 fa-2x\"><path fill=\"currentColor\" d=\"M396.8 352h22.4c6.4 0 12.8-6.4 12.8-12.8V108.8c0-6.4-6.4-12.8-12.8-12.8h-22.4c-6.4 0-12.8 6.4-12.8 12.8v230.4c0 6.4 6.4 12.8 12.8 12.8zm-192 0h22.4c6.4 0 12.8-6.4 12.8-12.8V140.8c0-6.4-6.4-12.8-12.8-12.8h-22.4c-6.4 0-12.8 6.4-12.8 12.8v198.4c0 6.4 6.4 12.8 12.8 12.8zm96 0h22.4c6.4 0 12.8-6.4 12.8-12.8V204.8c0-6.4-6.4-12.8-12.8-12.8h-22.4c-6.4 0-12.8 6.4-12.8 12.8v134.4c0 6.4 6.4 12.8 12.8 12.8zM496 400H48V80c0-8.84-7.16-16-16-16H16C7.16 64 0 71.16 0 80v336c0 17.67 14.33 32 32 32h464c8.84 0 16-7.16 16-16v-16c0-8.84-7.16-16-16-16zm-387.2-48h22.4c6.4 0 12.8-6.4 12.8-12.8v-70.4c0-6.4-6.4-12.8-12.8-12.8h-22.4c-6.4 0-12.8 6.4-12.8 12.8v70.4c0 6.4 6.4 12.8 12.8 12.8z\" class=\"\"><\/path><\/svg><\/i> <\/p>\n<div class=\"pvc_clear\"><\/div>\n<div class=\"print\"><span class=\"page_title\">P\u00e1gina: <span>El 1-1-2 Canarias distingue en su XX aniversario a los servicios de emergencia del Archipi\u00e9lago<\/span><\/span>\n\t\t\t\t\t\t\t\t\t\t\t<span class=\"stmp_trans_date\">\u00daltima actualizaci\u00f3n: <span>14\/06\/2018 - 23:00:00<\/span><\/span>\n\t\t\t\t\t\t\t\t\t\t\t<span class=\"stmp_trans_date\">Fecha publicaci\u00f3n: <span>14\/06\/2018 - 23:00:00<\/span><\/span>\n\t\t\t\t\t\t\t\t\t\t\t<span class=\"stmp_trans_date\">Fecha creaci\u00f3n: <span>14\/06\/2018 - 23:00:00<\/span><\/span><\/div>","protected":false},"excerpt":{"rendered":"<p>En estas dos d\u00e9cadas de funcionamiento, el 1-1-2 Canarias ha atendido a m\u00e1s de 8 millones de personas y ha triplicado su actividad La consejera de Pol\u00edtica Territorial, Sostenibilidad y Seguridad del Gobierno de Canarias, Nieves Lady Barreto, presidi\u00f3 esta ma\u00f1ana el Acto Institucional del&#8230;<\/p>\n<div class=\"pvc_clear\"><\/div>\n<p id=\"pvc_stats_729\" class=\"pvc_stats all  \" data-element-id=\"729\" style=\"\"><i class=\"pvc-stats-icon medium\" aria-hidden=\"true\"><svg aria-hidden=\"true\" focusable=\"false\" data-prefix=\"far\" data-icon=\"chart-bar\" role=\"img\" xmlns=\"http:\/\/www.w3.org\/2000\/svg\" viewBox=\"0 0 512 512\" class=\"svg-inline--fa fa-chart-bar fa-w-16 fa-2x\"><path fill=\"currentColor\" d=\"M396.8 352h22.4c6.4 0 12.8-6.4 12.8-12.8V108.8c0-6.4-6.4-12.8-12.8-12.8h-22.4c-6.4 0-12.8 6.4-12.8 12.8v230.4c0 6.4 6.4 12.8 12.8 12.8zm-192 0h22.4c6.4 0 12.8-6.4 12.8-12.8V140.8c0-6.4-6.4-12.8-12.8-12.8h-22.4c-6.4 0-12.8 6.4-12.8 12.8v198.4c0 6.4 6.4 12.8 12.8 12.8zm96 0h22.4c6.4 0 12.8-6.4 12.8-12.8V204.8c0-6.4-6.4-12.8-12.8-12.8h-22.4c-6.4 0-12.8 6.4-12.8 12.8v134.4c0 6.4 6.4 12.8 12.8 12.8zM496 400H48V80c0-8.84-7.16-16-16-16H16C7.16 64 0 71.16 0 80v336c0 17.67 14.33 32 32 32h464c8.84 0 16-7.16 16-16v-16c0-8.84-7.16-16-16-16zm-387.2-48h22.4c6.4 0 12.8-6.4 12.8-12.8v-70.4c0-6.4-6.4-12.8-12.8-12.8h-22.4c-6.4 0-12.8 6.4-12.8 12.8v70.4c0 6.4 6.4 12.8 12.8 12.8z\" class=\"\"><\/path><\/svg><\/i> <img loading=\"lazy\" decoding=\"async\" width=\"16\" height=\"16\" alt=\"Loading\" src=\"https:\/\/www.112canarias.com\/112\/wp-content\/plugins\/page-views-count\/ajax-loader-2x.gif\" border=0 \/><\/p>\n<div class=\"pvc_clear\"><\/div>\n","protected":false},"author":1,"featured_media":0,"comment_status":"open","ping_status":"open","sticky":false,"template":"","format":"standard","meta":{"footnotes":""},"categories":[10],"tags":[],"class_list":["post-729","post","type-post","status-publish","format-standard","has-post-thumbnail","hentry","category-ultimasnoticas"],"_links":{"self":[{"href":"https:\/\/www.112canarias.com\/112\/wp-json\/wp\/v2\/posts\/729","targetHints":{"allow":["GET"]}}],"collection":[{"href":"https:\/\/www.112canarias.com\/112\/wp-json\/wp\/v2\/posts"}],"about":[{"href":"https:\/\/www.112canarias.com\/112\/wp-json\/wp\/v2\/types\/post"}],"author":[{"embeddable":true,"href":"https:\/\/www.112canarias.com\/112\/wp-json\/wp\/v2\/users\/1"}],"replies":[{"embeddable":true,"href":"https:\/\/www.112canarias.com\/112\/wp-json\/wp\/v2\/comments?post=729"}],"version-history":[{"count":0,"href":"https:\/\/www.112canarias.com\/112\/wp-json\/wp\/v2\/posts\/729\/revisions"}],"wp:attachment":[{"href":"https:\/\/www.112canarias.com\/112\/wp-json\/wp\/v2\/media?parent=729"}],"wp:term":[{"taxonomy":"category","embeddable":true,"href":"https:\/\/www.112canarias.com\/112\/wp-json\/wp\/v2\/categories?post=729"},{"taxonomy":"post_tag","embeddable":true,"href":"https:\/\/www.112canarias.com\/112\/wp-json\/wp\/v2\/tags?post=729"}],"curies":[{"name":"wp","href":"https:\/\/api.w.org\/{rel}","templated":true}]}}