{"id":732,"date":"2013-05-17T23:00:00","date_gmt":"2013-05-17T23:00:00","guid":{"rendered":"http:\/\/www.112canarias.com\/112\/2013\/05\/17\/el-1-1-2-canarias-expone-su-sistema-de-acceso-para-personas-sordas\/"},"modified":"2013-05-17T23:00:00","modified_gmt":"2013-05-17T23:00:00","slug":"el-1-1-2-canarias-expone-su-sistema-de-acceso-para-personas-sordas","status":"publish","type":"post","link":"https:\/\/www.112canarias.com\/112\/el-1-1-2-canarias-expone-su-sistema-de-acceso-para-personas-sordas\/","title":{"rendered":"El 1-1-2 Canarias expone su sistema de acceso para personas sordas"},"content":{"rendered":"<p><\/p>\n<p><strong><span style=\"line-height: 1.3em;\">Este sistema, SOMU, se encuentra operativo desde finales de 2012<\/span><\/strong><\/p>\n<p style=\"text-align: justify;\"><span style=\"line-height: 1.3em;\">El Centro Coordinador de Emergencias y Seguridad (CECOES) 1-1-2 dependiente de la Consejer\u00eda de Econom\u00eda, Hacienda y Seguridad del Gobierno de Canarias particip\u00f3, esta ma\u00f1ana, en la Feria Gran Canaria Accesible con una conferencia sobre el sistema operativo de mensajes urgentes para el acceso al 1-1-2 de personas sordas (SOMU).<\/span><\/p>\n<p style=\"text-align: justify;\"><span style=\"line-height: 1.3em;\">La gestora de recursos del CECOES 1-1-2, \u00c1ngeles Rodr\u00edguez, habl\u00f3 de c\u00f3mo este sistema, puesto en marcha en diciembre de 2012, ha permitido mejorar la calidad en la accesibilidad de este colectivo de discapacitados auditivos a la red de servicios de emergencias.<\/span><\/p>\n<p style=\"text-align: justify;\"><span style=\"line-height: 1.3em;\">\u201cEl SOMU, asequible para todas las personas sordas, ha permitido eliminar las barreras hasta ahora existentes y potenciar la igualdad de acceso y autonom\u00eda a la hora de integrarse en los servicios b\u00e1sicos y esenciales como cualquier otro ciudadano\u201d.<\/span><\/p>\n<p style=\"text-align: justify;\"><span style=\"line-height: 1.3em;\">Rodr\u00edguez record\u00f3 que la implantaci\u00f3n del tel\u00e9fono \u00fanico de urgencias 1-1-2 en Canarias, se realiz\u00f3 en mayo de 1998, siguiendo la directriz europea que recomendaba la puesta en marcha de un servicio cuyo acceso fuera gratuito y a trav\u00e9s de un n\u00famero \u00fanico al que se alertara telef\u00f3nicamente, dejando sin desarrollar sistemas alternativos a la voz.<\/span><\/p>\n<p style=\"text-align: justify;\"><span style=\"line-height: 1.3em;\">\u201cCon la experiencia de este servicio, que en breve cumplir\u00e1 15 a\u00f1os, y gracias a los avances tecnol\u00f3gicos, el Gobierno de Canarias ha podido superar esas barreras y ha desarrollado un sistema que le ha permitido dar una respuesta al colectivo de personas sordas\u201d.<\/span><\/p>\n<p style=\"text-align: justify;\"><span style=\"line-height: 1.3em;\">Rodr\u00edguez en su charla hizo un repaso de las distintas acciones que los responsables del CECOES 1-1-2 fueron llevando a cabo hasta el sistema que hoy se encuentra operativo. \u201cPrimero, se identificaron las necesidades, luego se abri\u00f3 una fase de cooperaci\u00f3n con las principales fundaciones y asociaciones como FASICAN y FUNCASOR que permiti\u00f3, con sus aportaciones, que el sistema se adaptara a las necesidades de las personas sordas y por \u00faltimo, se realiz\u00f3 una importante labor de difusi\u00f3n a trav\u00e9s de visitas a las diferentes  asociaciones  para  mostrar  el  funcionamiento  del sistema   y  los  c\u00f3digos num\u00e9ricos creados espec\u00edficamente para identificar cada tipo de emergencia cuando env\u00eden un mensaje al 1-1-2. <\/span><span style=\"line-height: 1.3em;\">Con estos c\u00f3digos se agilizan la peticiones de ayuda al 1-1-2 de las personas sordas ante una emergencia\u201d.<\/span><\/p>\n<p style=\"text-align: justify;\"><span style=\"line-height: 1.3em;\">Asimismo, la representante del 1-1-2 destac\u00f3 que el SOMU es un sistema en constante evoluci\u00f3n que pretende aprovechar las nuevas tecnolog\u00edas. En este sentido, al t\u00e9rmino de la ponencia, Francisco Rojo, representante de la Fundaci\u00f3n Fress, entidad que ha desarrollado una aplicaci\u00f3n  para tel\u00e9fonos con tecnolog\u00eda 3G, habl\u00f3 de la importancia que tiene la incorporaci\u00f3n de las nuevas tecnolog\u00edas a las centrales de coordinaci\u00f3n de emergencias. <\/span><\/p>\n<p style=\"text-align: justify;\"><span style=\"line-height: 1.3em;\"> <\/span><\/p>\n<div class=\"pvc_clear\"><\/div>\n<p id=\"pvc_stats_732\" class=\"pvc_stats all  \" data-element-id=\"732\" style=\"\"><i class=\"pvc-stats-icon medium\" aria-hidden=\"true\"><svg aria-hidden=\"true\" focusable=\"false\" data-prefix=\"far\" data-icon=\"chart-bar\" role=\"img\" xmlns=\"http:\/\/www.w3.org\/2000\/svg\" viewBox=\"0 0 512 512\" class=\"svg-inline--fa fa-chart-bar fa-w-16 fa-2x\"><path fill=\"currentColor\" d=\"M396.8 352h22.4c6.4 0 12.8-6.4 12.8-12.8V108.8c0-6.4-6.4-12.8-12.8-12.8h-22.4c-6.4 0-12.8 6.4-12.8 12.8v230.4c0 6.4 6.4 12.8 12.8 12.8zm-192 0h22.4c6.4 0 12.8-6.4 12.8-12.8V140.8c0-6.4-6.4-12.8-12.8-12.8h-22.4c-6.4 0-12.8 6.4-12.8 12.8v198.4c0 6.4 6.4 12.8 12.8 12.8zm96 0h22.4c6.4 0 12.8-6.4 12.8-12.8V204.8c0-6.4-6.4-12.8-12.8-12.8h-22.4c-6.4 0-12.8 6.4-12.8 12.8v134.4c0 6.4 6.4 12.8 12.8 12.8zM496 400H48V80c0-8.84-7.16-16-16-16H16C7.16 64 0 71.16 0 80v336c0 17.67 14.33 32 32 32h464c8.84 0 16-7.16 16-16v-16c0-8.84-7.16-16-16-16zm-387.2-48h22.4c6.4 0 12.8-6.4 12.8-12.8v-70.4c0-6.4-6.4-12.8-12.8-12.8h-22.4c-6.4 0-12.8 6.4-12.8 12.8v70.4c0 6.4 6.4 12.8 12.8 12.8z\" class=\"\"><\/path><\/svg><\/i> <\/p>\n<div class=\"pvc_clear\"><\/div>\n<div class=\"print\"><span class=\"page_title\">P\u00e1gina: <span>El 1-1-2 Canarias expone su sistema de acceso para personas sordas<\/span><\/span>\n\t\t\t\t\t\t\t\t\t\t\t<span class=\"stmp_trans_date\">\u00daltima actualizaci\u00f3n: <span>17\/05\/2013 - 23:00:00<\/span><\/span>\n\t\t\t\t\t\t\t\t\t\t\t<span class=\"stmp_trans_date\">Fecha publicaci\u00f3n: <span>17\/05\/2013 - 23:00:00<\/span><\/span>\n\t\t\t\t\t\t\t\t\t\t\t<span class=\"stmp_trans_date\">Fecha creaci\u00f3n: <span>17\/05\/2013 - 23:00:00<\/span><\/span><\/div>","protected":false},"excerpt":{"rendered":"<p>Este sistema, SOMU, se encuentra operativo desde finales de 2012 El Centro Coordinador de Emergencias y Seguridad (CECOES) 1-1-2 dependiente de la Consejer\u00eda de Econom\u00eda, Hacienda y Seguridad del Gobierno de Canarias particip\u00f3, esta ma\u00f1ana, en la Feria Gran Canaria Accesible con una conferencia sobre&#8230;<\/p>\n<div class=\"pvc_clear\"><\/div>\n<p id=\"pvc_stats_732\" class=\"pvc_stats all  \" data-element-id=\"732\" style=\"\"><i class=\"pvc-stats-icon medium\" aria-hidden=\"true\"><svg aria-hidden=\"true\" focusable=\"false\" data-prefix=\"far\" data-icon=\"chart-bar\" role=\"img\" xmlns=\"http:\/\/www.w3.org\/2000\/svg\" viewBox=\"0 0 512 512\" class=\"svg-inline--fa fa-chart-bar fa-w-16 fa-2x\"><path fill=\"currentColor\" d=\"M396.8 352h22.4c6.4 0 12.8-6.4 12.8-12.8V108.8c0-6.4-6.4-12.8-12.8-12.8h-22.4c-6.4 0-12.8 6.4-12.8 12.8v230.4c0 6.4 6.4 12.8 12.8 12.8zm-192 0h22.4c6.4 0 12.8-6.4 12.8-12.8V140.8c0-6.4-6.4-12.8-12.8-12.8h-22.4c-6.4 0-12.8 6.4-12.8 12.8v198.4c0 6.4 6.4 12.8 12.8 12.8zm96 0h22.4c6.4 0 12.8-6.4 12.8-12.8V204.8c0-6.4-6.4-12.8-12.8-12.8h-22.4c-6.4 0-12.8 6.4-12.8 12.8v134.4c0 6.4 6.4 12.8 12.8 12.8zM496 400H48V80c0-8.84-7.16-16-16-16H16C7.16 64 0 71.16 0 80v336c0 17.67 14.33 32 32 32h464c8.84 0 16-7.16 16-16v-16c0-8.84-7.16-16-16-16zm-387.2-48h22.4c6.4 0 12.8-6.4 12.8-12.8v-70.4c0-6.4-6.4-12.8-12.8-12.8h-22.4c-6.4 0-12.8 6.4-12.8 12.8v70.4c0 6.4 6.4 12.8 12.8 12.8z\" class=\"\"><\/path><\/svg><\/i> <img loading=\"lazy\" decoding=\"async\" width=\"16\" height=\"16\" alt=\"Loading\" src=\"https:\/\/www.112canarias.com\/112\/wp-content\/plugins\/page-views-count\/ajax-loader-2x.gif\" border=0 \/><\/p>\n<div class=\"pvc_clear\"><\/div>\n","protected":false},"author":1,"featured_media":0,"comment_status":"open","ping_status":"open","sticky":false,"template":"","format":"standard","meta":{"footnotes":""},"categories":[10],"tags":[],"class_list":["post-732","post","type-post","status-publish","format-standard","has-post-thumbnail","hentry","category-ultimasnoticas"],"_links":{"self":[{"href":"https:\/\/www.112canarias.com\/112\/wp-json\/wp\/v2\/posts\/732","targetHints":{"allow":["GET"]}}],"collection":[{"href":"https:\/\/www.112canarias.com\/112\/wp-json\/wp\/v2\/posts"}],"about":[{"href":"https:\/\/www.112canarias.com\/112\/wp-json\/wp\/v2\/types\/post"}],"author":[{"embeddable":true,"href":"https:\/\/www.112canarias.com\/112\/wp-json\/wp\/v2\/users\/1"}],"replies":[{"embeddable":true,"href":"https:\/\/www.112canarias.com\/112\/wp-json\/wp\/v2\/comments?post=732"}],"version-history":[{"count":0,"href":"https:\/\/www.112canarias.com\/112\/wp-json\/wp\/v2\/posts\/732\/revisions"}],"wp:attachment":[{"href":"https:\/\/www.112canarias.com\/112\/wp-json\/wp\/v2\/media?parent=732"}],"wp:term":[{"taxonomy":"category","embeddable":true,"href":"https:\/\/www.112canarias.com\/112\/wp-json\/wp\/v2\/categories?post=732"},{"taxonomy":"post_tag","embeddable":true,"href":"https:\/\/www.112canarias.com\/112\/wp-json\/wp\/v2\/tags?post=732"}],"curies":[{"name":"wp","href":"https:\/\/api.w.org\/{rel}","templated":true}]}}