{"id":758,"date":"2019-01-02T12:14:11","date_gmt":"2019-01-02T12:14:11","guid":{"rendered":"http:\/\/www.112canarias.com\/112\/2019\/01\/02\/el-1-1-2-canarias-triplico-su-actividad-durante-la-noche-de-fin-de-ano\/"},"modified":"2019-01-02T12:14:11","modified_gmt":"2019-01-02T12:14:11","slug":"el-1-1-2-canarias-triplico-su-actividad-durante-la-noche-de-fin-de-ano","status":"publish","type":"post","link":"https:\/\/www.112canarias.com\/112\/el-1-1-2-canarias-triplico-su-actividad-durante-la-noche-de-fin-de-ano\/","title":{"rendered":"El 1-1-2 Canarias triplic\u00f3 su actividad durante la noche de Fin de A\u00f1o"},"content":{"rendered":"<p><\/p>\n<p><strong>El Centro Coordinador de Emergencias y Seguridad registr\u00f3 un total de 1.004 incidentes<\/strong><\/p>\n<p class=\"Cuerpo\" style=\"text-align: justify;\">El Centro Coordinador de Emergencias y Seguridad (CECOES) 1-1-2, servicio dependiente de la Consejer\u00eda de Pol\u00edtica Territorial, Sostenibilidad y Seguridad del Gobierno de Canarias, coordin\u00f3, durante la noche de Fin de A\u00f1o, la resoluci\u00f3n de 1.004 incidentes en toda Canarias, por lo que casi triplic\u00f3 la media de actividad de otras noches no festivas de diciembre.<\/p>\n<p class=\"Cuerpo\" style=\"text-align: justify;\">En cuanto al comportamiento de la actividad por territorios, las Islas Orientales registraron 543 incidentes, entre las 21:00 horas del d\u00eda 31 de diciembre hasta las 08:00 horas del 1 de enero, mientras que las Islas Occidentales 461.<\/p>\n<p class=\"Cuerpo\" style=\"text-align: justify;\">Por tipolog\u00eda de incidentes, los m\u00e1s numerosos fueron los relacionados con la seguridad ciudadana, con 418, seguidos de los sanitarios, con 351. Sin embargo, el sector de extinci\u00f3n de incendios registr\u00f3 el mayor incremento de actividad respecto a otro d\u00eda en la misma franja horaria, multiplic\u00e1ndose por diez, debido principalmente al uso de material pirot\u00e9cnico. En este sentido destacan, entre otros, el incendio de una vivienda en la zona de La Minilla, en Las Palmas de Gran Canaria y el de vegetaci\u00f3n que provoc\u00f3 da\u00f1os en dos viviendas en el municipio tinerfe\u00f1o de La Victoria, ambos originados por la utilizaci\u00f3n de artefactos pirot\u00e9cnicos.<\/p>\n<p class=\"Cuerpo\" style=\"text-align: justify;\">Las intervenciones en accidentes, salvamento y rescate experimentaron la segunda mayor subida frente a cualquier otra noche de diciembre, concretamente 4 veces m\u00e1s, aunque ninguno de los incidentes fue de gravedad.<\/p>\n<p class=\"Cuerpo\" style=\"text-align: justify;\">El 1-1-2 Canarias recuerda la importancia de seguir los consejos de autoprotecci\u00f3n que durante estas fiestas emite a trav\u00e9s de sus redes sociales con su campa\u00f1a #Riesgo0 #NavidadSegura para evitar en lo posible los accidentes a los que todos estamos expuestos durante la \u00e9poca navide\u00f1a, con numerosas fiestas y espect\u00e1culos de gran afluencia de p\u00fablico y formar as\u00ed a la poblaci\u00f3n en la cultura preventiva.<\/p>\n<div class=\"pvc_clear\"><\/div>\n<p id=\"pvc_stats_758\" class=\"pvc_stats all  \" data-element-id=\"758\" style=\"\"><i class=\"pvc-stats-icon medium\" aria-hidden=\"true\"><svg aria-hidden=\"true\" focusable=\"false\" data-prefix=\"far\" data-icon=\"chart-bar\" role=\"img\" xmlns=\"http:\/\/www.w3.org\/2000\/svg\" viewBox=\"0 0 512 512\" class=\"svg-inline--fa fa-chart-bar fa-w-16 fa-2x\"><path fill=\"currentColor\" d=\"M396.8 352h22.4c6.4 0 12.8-6.4 12.8-12.8V108.8c0-6.4-6.4-12.8-12.8-12.8h-22.4c-6.4 0-12.8 6.4-12.8 12.8v230.4c0 6.4 6.4 12.8 12.8 12.8zm-192 0h22.4c6.4 0 12.8-6.4 12.8-12.8V140.8c0-6.4-6.4-12.8-12.8-12.8h-22.4c-6.4 0-12.8 6.4-12.8 12.8v198.4c0 6.4 6.4 12.8 12.8 12.8zm96 0h22.4c6.4 0 12.8-6.4 12.8-12.8V204.8c0-6.4-6.4-12.8-12.8-12.8h-22.4c-6.4 0-12.8 6.4-12.8 12.8v134.4c0 6.4 6.4 12.8 12.8 12.8zM496 400H48V80c0-8.84-7.16-16-16-16H16C7.16 64 0 71.16 0 80v336c0 17.67 14.33 32 32 32h464c8.84 0 16-7.16 16-16v-16c0-8.84-7.16-16-16-16zm-387.2-48h22.4c6.4 0 12.8-6.4 12.8-12.8v-70.4c0-6.4-6.4-12.8-12.8-12.8h-22.4c-6.4 0-12.8 6.4-12.8 12.8v70.4c0 6.4 6.4 12.8 12.8 12.8z\" class=\"\"><\/path><\/svg><\/i> <\/p>\n<div class=\"pvc_clear\"><\/div>\n<div class=\"print\"><span class=\"page_title\">P\u00e1gina: <span>El 1-1-2 Canarias triplic\u00f3 su actividad durante la noche de Fin de A\u00f1o<\/span><\/span>\n\t\t\t\t\t\t\t\t\t\t\t<span class=\"stmp_trans_date\">\u00daltima actualizaci\u00f3n: <span>02\/01\/2019 - 12:14:11<\/span><\/span>\n\t\t\t\t\t\t\t\t\t\t\t<span class=\"stmp_trans_date\">Fecha publicaci\u00f3n: <span>02\/01\/2019 - 12:14:11<\/span><\/span>\n\t\t\t\t\t\t\t\t\t\t\t<span class=\"stmp_trans_date\">Fecha creaci\u00f3n: <span>02\/01\/2019 - 12:14:11<\/span><\/span><\/div>","protected":false},"excerpt":{"rendered":"<p>El Centro Coordinador de Emergencias y Seguridad registr\u00f3 un total de 1.004 incidentes El Centro Coordinador de Emergencias y Seguridad (CECOES) 1-1-2, servicio dependiente de la Consejer\u00eda de Pol\u00edtica Territorial, Sostenibilidad y Seguridad del Gobierno de Canarias, coordin\u00f3, durante la noche de Fin de A\u00f1o,&#8230;<\/p>\n<div class=\"pvc_clear\"><\/div>\n<p id=\"pvc_stats_758\" class=\"pvc_stats all  \" data-element-id=\"758\" style=\"\"><i class=\"pvc-stats-icon medium\" aria-hidden=\"true\"><svg aria-hidden=\"true\" focusable=\"false\" data-prefix=\"far\" data-icon=\"chart-bar\" role=\"img\" xmlns=\"http:\/\/www.w3.org\/2000\/svg\" viewBox=\"0 0 512 512\" class=\"svg-inline--fa fa-chart-bar fa-w-16 fa-2x\"><path fill=\"currentColor\" d=\"M396.8 352h22.4c6.4 0 12.8-6.4 12.8-12.8V108.8c0-6.4-6.4-12.8-12.8-12.8h-22.4c-6.4 0-12.8 6.4-12.8 12.8v230.4c0 6.4 6.4 12.8 12.8 12.8zm-192 0h22.4c6.4 0 12.8-6.4 12.8-12.8V140.8c0-6.4-6.4-12.8-12.8-12.8h-22.4c-6.4 0-12.8 6.4-12.8 12.8v198.4c0 6.4 6.4 12.8 12.8 12.8zm96 0h22.4c6.4 0 12.8-6.4 12.8-12.8V204.8c0-6.4-6.4-12.8-12.8-12.8h-22.4c-6.4 0-12.8 6.4-12.8 12.8v134.4c0 6.4 6.4 12.8 12.8 12.8zM496 400H48V80c0-8.84-7.16-16-16-16H16C7.16 64 0 71.16 0 80v336c0 17.67 14.33 32 32 32h464c8.84 0 16-7.16 16-16v-16c0-8.84-7.16-16-16-16zm-387.2-48h22.4c6.4 0 12.8-6.4 12.8-12.8v-70.4c0-6.4-6.4-12.8-12.8-12.8h-22.4c-6.4 0-12.8 6.4-12.8 12.8v70.4c0 6.4 6.4 12.8 12.8 12.8z\" class=\"\"><\/path><\/svg><\/i> <img loading=\"lazy\" decoding=\"async\" width=\"16\" height=\"16\" alt=\"Loading\" src=\"https:\/\/www.112canarias.com\/112\/wp-content\/plugins\/page-views-count\/ajax-loader-2x.gif\" border=0 \/><\/p>\n<div class=\"pvc_clear\"><\/div>\n","protected":false},"author":1,"featured_media":0,"comment_status":"open","ping_status":"open","sticky":false,"template":"","format":"standard","meta":{"footnotes":""},"categories":[10],"tags":[],"class_list":["post-758","post","type-post","status-publish","format-standard","has-post-thumbnail","hentry","category-ultimasnoticas"],"_links":{"self":[{"href":"https:\/\/www.112canarias.com\/112\/wp-json\/wp\/v2\/posts\/758","targetHints":{"allow":["GET"]}}],"collection":[{"href":"https:\/\/www.112canarias.com\/112\/wp-json\/wp\/v2\/posts"}],"about":[{"href":"https:\/\/www.112canarias.com\/112\/wp-json\/wp\/v2\/types\/post"}],"author":[{"embeddable":true,"href":"https:\/\/www.112canarias.com\/112\/wp-json\/wp\/v2\/users\/1"}],"replies":[{"embeddable":true,"href":"https:\/\/www.112canarias.com\/112\/wp-json\/wp\/v2\/comments?post=758"}],"version-history":[{"count":0,"href":"https:\/\/www.112canarias.com\/112\/wp-json\/wp\/v2\/posts\/758\/revisions"}],"wp:attachment":[{"href":"https:\/\/www.112canarias.com\/112\/wp-json\/wp\/v2\/media?parent=758"}],"wp:term":[{"taxonomy":"category","embeddable":true,"href":"https:\/\/www.112canarias.com\/112\/wp-json\/wp\/v2\/categories?post=758"},{"taxonomy":"post_tag","embeddable":true,"href":"https:\/\/www.112canarias.com\/112\/wp-json\/wp\/v2\/tags?post=758"}],"curies":[{"name":"wp","href":"https:\/\/api.w.org\/{rel}","templated":true}]}}