{"id":780,"date":"2013-10-30T00:00:00","date_gmt":"2013-10-30T00:00:00","guid":{"rendered":"http:\/\/www.112canarias.com\/112\/2013\/10\/30\/el-cecoes-1-1-2-registro-este-verano-182-incendios-en-las-islas-de-la-provincia-occidental-y-en-gran-canaria\/"},"modified":"2013-10-30T00:00:00","modified_gmt":"2013-10-30T00:00:00","slug":"el-cecoes-1-1-2-registro-este-verano-182-incendios-en-las-islas-de-la-provincia-occidental-y-en-gran-canaria","status":"publish","type":"post","link":"https:\/\/www.112canarias.com\/112\/el-cecoes-1-1-2-registro-este-verano-182-incendios-en-las-islas-de-la-provincia-occidental-y-en-gran-canaria\/","title":{"rendered":"El CECOES 1-1-2 registr\u00f3, este verano, 182 incendios en las islas de la provincia occidental y en Gran Canaria"},"content":{"rendered":"<p>\u00a0<\/p>\n<p><\/p>\n<p style=\"text-align: justify;\"><strong>En este recuento no se incluye el incendio de la cumbre de Gran Canaria del pasado 24 de octubre<\/strong><\/p>\n<p style=\"text-align: justify;\"><strong>Los helic\u00f3pteros del GES realizaron, en los meses de verano, 133 horas en operaciones de seguridad y emergencias<\/strong><\/p>\n<p style=\"text-align: justify;\">Desde el 1 de junio hasta el 30 de septiembre de este a\u00f1o el Centro Coordinador de Emergencias y Seguridad CECOES 1-1-2 tuvo constancia de que se produjeron en Canarias unos 182 incendios y\/o conatos de diversa consideraci\u00f3n. En concreto 64, en Gran Canaria; 85, en Tenerife; 14, en La Palma, 12, en La Gomera; y 7, en El Hierro. Una cifra aproximada a la del a\u00f1o pasado en la que se dieron, en el mismo periodo de tiempo, 193.<\/p>\n<p style=\"text-align: justify;\">En estos datos no se contabiliza el \u00fanico incendio de nivel dos de gravedad que se ha originado este a\u00f1o en Canarias, declarado el pasado 24 de octubre en el municipio de Tejeda, cumbre de Gran Canaria.<\/p>\n<p style=\"text-align: justify;\">Para combatir esos 182 fuegos se activaron 960 recursos de los que 356 corresponden a la provincia de Las Palmas y 604, a la de Santa Cruz de Tenerife. En Las Palmas cabe destacar la activaci\u00f3n de 81 personas del Consorcio de Emergencias de Gran Canaria, 61 polic\u00edas locales y 61 personas del CECOPIN. En Tenerife resalta el trabajo de 124 polic\u00edas locales, 88 personas del CECOPIN Tenerife y 84 del Consorcio de Bomberos de Tenerife.<\/p>\n<p style=\"text-align: justify;\">Las aeronaves del Gobierno de Canarias, del Grupo de Emergencias y Salvamento (GES), realizaron 11 actuaciones contra incendios, 9 en la provincia de Santa Cruz de Tenerife (4, en Tenerife; 3, en La Gomera; y 2, en El Hierro) y 4 en Gran Canaria. El hidroavi\u00f3n con base en La Gomera act\u00fao tres veces en la Isla y la BRIF, con base en La Palma, intervino en dos ocasiones en esta isla, 1 en La Gomera y 1 en El Hierro. El kamov con base en Los Rodeos se activ\u00f3 en 7 ocasiones, 4 en Tenerife y una en La Gomera, El Hierro y Gran Canaria respectivamente.<\/p>\n<p style=\"text-align: justify;\"><strong>Helic\u00f3pteros GES<\/strong><\/p>\n<p style=\"text-align: justify;\">En otro orden de cosas, informar que los cinco helic\u00f3pteros del Grupo de Emergencias y Salvamento (GES) del Gobierno de Canarias realizaron, en los meses de julio, agosto y septiembre, 133 horas en operaciones relacionadas con la Seguridad y Emergencias de las que 89 horas y media fueron en dispositivos de salvamento y rescate.<\/p>\n<p style=\"text-align: justify;\">Por aeronave, el AH-71 ha realizado 34 horas de vuelo en operaciones de seguridad y emergencias, de las cuales 24 correspond\u00edan a salvamento y rescate; el AH-21 ha realizado unas 30 horas de las que 14 horas y 45 minutos han sido en operaciones de rescate; el AH-31, de 23 horas de vuelo total, 15 horas han estado destinadas a salvamento y rescate; el AH-41, de 36 horas cincuenta minutos ha destinado 28 horas y media a rescate; y por \u00faltimo, el AH-51, de 8 horas y media de de vuelo, ha destinado 7 horas y veinte minutos a salvamento y rescate.<\/p>\n<p style=\"text-align: justify;\">Las treinta horas restantes se han destinado a participar en los dispositivos contra incendios, operaciones de colaboraci\u00f3n con otras instituciones y en servicios sanitarios.<\/p>\n<div class=\"pvc_clear\"><\/div>\n<p id=\"pvc_stats_780\" class=\"pvc_stats all  \" data-element-id=\"780\" style=\"\"><i class=\"pvc-stats-icon medium\" aria-hidden=\"true\"><svg aria-hidden=\"true\" focusable=\"false\" data-prefix=\"far\" data-icon=\"chart-bar\" role=\"img\" xmlns=\"http:\/\/www.w3.org\/2000\/svg\" viewBox=\"0 0 512 512\" class=\"svg-inline--fa fa-chart-bar fa-w-16 fa-2x\"><path fill=\"currentColor\" d=\"M396.8 352h22.4c6.4 0 12.8-6.4 12.8-12.8V108.8c0-6.4-6.4-12.8-12.8-12.8h-22.4c-6.4 0-12.8 6.4-12.8 12.8v230.4c0 6.4 6.4 12.8 12.8 12.8zm-192 0h22.4c6.4 0 12.8-6.4 12.8-12.8V140.8c0-6.4-6.4-12.8-12.8-12.8h-22.4c-6.4 0-12.8 6.4-12.8 12.8v198.4c0 6.4 6.4 12.8 12.8 12.8zm96 0h22.4c6.4 0 12.8-6.4 12.8-12.8V204.8c0-6.4-6.4-12.8-12.8-12.8h-22.4c-6.4 0-12.8 6.4-12.8 12.8v134.4c0 6.4 6.4 12.8 12.8 12.8zM496 400H48V80c0-8.84-7.16-16-16-16H16C7.16 64 0 71.16 0 80v336c0 17.67 14.33 32 32 32h464c8.84 0 16-7.16 16-16v-16c0-8.84-7.16-16-16-16zm-387.2-48h22.4c6.4 0 12.8-6.4 12.8-12.8v-70.4c0-6.4-6.4-12.8-12.8-12.8h-22.4c-6.4 0-12.8 6.4-12.8 12.8v70.4c0 6.4 6.4 12.8 12.8 12.8z\" class=\"\"><\/path><\/svg><\/i> <\/p>\n<div class=\"pvc_clear\"><\/div>\n<div class=\"print\"><span class=\"page_title\">P\u00e1gina: <span>El CECOES 1-1-2 registr\u00f3, este verano, 182 incendios en las islas de la provincia occidental y en Gran Canaria<\/span><\/span>\n\t\t\t\t\t\t\t\t\t\t\t<span class=\"stmp_trans_date\">\u00daltima actualizaci\u00f3n: <span>30\/10\/2013 - 00:00:00<\/span><\/span>\n\t\t\t\t\t\t\t\t\t\t\t<span class=\"stmp_trans_date\">Fecha publicaci\u00f3n: <span>30\/10\/2013 - 00:00:00<\/span><\/span>\n\t\t\t\t\t\t\t\t\t\t\t<span class=\"stmp_trans_date\">Fecha creaci\u00f3n: <span>30\/10\/2013 - 00:00:00<\/span><\/span><\/div>","protected":false},"excerpt":{"rendered":"<p>\u00a0 En este recuento no se incluye el incendio de la cumbre de Gran Canaria del pasado 24 de octubre Los helic\u00f3pteros del GES realizaron, en los meses de verano, 133 horas en operaciones de seguridad y emergencias Desde el 1 de junio hasta el&#8230;<\/p>\n<div class=\"pvc_clear\"><\/div>\n<p id=\"pvc_stats_780\" class=\"pvc_stats all  \" data-element-id=\"780\" style=\"\"><i class=\"pvc-stats-icon medium\" aria-hidden=\"true\"><svg aria-hidden=\"true\" focusable=\"false\" data-prefix=\"far\" data-icon=\"chart-bar\" role=\"img\" xmlns=\"http:\/\/www.w3.org\/2000\/svg\" viewBox=\"0 0 512 512\" class=\"svg-inline--fa fa-chart-bar fa-w-16 fa-2x\"><path fill=\"currentColor\" d=\"M396.8 352h22.4c6.4 0 12.8-6.4 12.8-12.8V108.8c0-6.4-6.4-12.8-12.8-12.8h-22.4c-6.4 0-12.8 6.4-12.8 12.8v230.4c0 6.4 6.4 12.8 12.8 12.8zm-192 0h22.4c6.4 0 12.8-6.4 12.8-12.8V140.8c0-6.4-6.4-12.8-12.8-12.8h-22.4c-6.4 0-12.8 6.4-12.8 12.8v198.4c0 6.4 6.4 12.8 12.8 12.8zm96 0h22.4c6.4 0 12.8-6.4 12.8-12.8V204.8c0-6.4-6.4-12.8-12.8-12.8h-22.4c-6.4 0-12.8 6.4-12.8 12.8v134.4c0 6.4 6.4 12.8 12.8 12.8zM496 400H48V80c0-8.84-7.16-16-16-16H16C7.16 64 0 71.16 0 80v336c0 17.67 14.33 32 32 32h464c8.84 0 16-7.16 16-16v-16c0-8.84-7.16-16-16-16zm-387.2-48h22.4c6.4 0 12.8-6.4 12.8-12.8v-70.4c0-6.4-6.4-12.8-12.8-12.8h-22.4c-6.4 0-12.8 6.4-12.8 12.8v70.4c0 6.4 6.4 12.8 12.8 12.8z\" class=\"\"><\/path><\/svg><\/i> <img loading=\"lazy\" decoding=\"async\" width=\"16\" height=\"16\" alt=\"Loading\" src=\"https:\/\/www.112canarias.com\/112\/wp-content\/plugins\/page-views-count\/ajax-loader-2x.gif\" border=0 \/><\/p>\n<div class=\"pvc_clear\"><\/div>\n","protected":false},"author":1,"featured_media":1268,"comment_status":"open","ping_status":"open","sticky":false,"template":"","format":"standard","meta":{"footnotes":""},"categories":[10],"tags":[],"class_list":["post-780","post","type-post","status-publish","format-standard","has-post-thumbnail","hentry","category-ultimasnoticas"],"_links":{"self":[{"href":"https:\/\/www.112canarias.com\/112\/wp-json\/wp\/v2\/posts\/780","targetHints":{"allow":["GET"]}}],"collection":[{"href":"https:\/\/www.112canarias.com\/112\/wp-json\/wp\/v2\/posts"}],"about":[{"href":"https:\/\/www.112canarias.com\/112\/wp-json\/wp\/v2\/types\/post"}],"author":[{"embeddable":true,"href":"https:\/\/www.112canarias.com\/112\/wp-json\/wp\/v2\/users\/1"}],"replies":[{"embeddable":true,"href":"https:\/\/www.112canarias.com\/112\/wp-json\/wp\/v2\/comments?post=780"}],"version-history":[{"count":0,"href":"https:\/\/www.112canarias.com\/112\/wp-json\/wp\/v2\/posts\/780\/revisions"}],"wp:featuredmedia":[{"embeddable":true,"href":"https:\/\/www.112canarias.com\/112\/wp-json\/wp\/v2\/media\/1268"}],"wp:attachment":[{"href":"https:\/\/www.112canarias.com\/112\/wp-json\/wp\/v2\/media?parent=780"}],"wp:term":[{"taxonomy":"category","embeddable":true,"href":"https:\/\/www.112canarias.com\/112\/wp-json\/wp\/v2\/categories?post=780"},{"taxonomy":"post_tag","embeddable":true,"href":"https:\/\/www.112canarias.com\/112\/wp-json\/wp\/v2\/tags?post=780"}],"curies":[{"name":"wp","href":"https:\/\/api.w.org\/{rel}","templated":true}]}}