{"id":784,"date":"2015-04-23T13:36:33","date_gmt":"2015-04-23T13:36:33","guid":{"rendered":"http:\/\/www.112canarias.com\/112\/2015\/04\/23\/el-comite-cientifico-del-pecmar-analiza-la-incidencia-del-vertido-en-salud-publica-pesca-y-medio-ambiente\/"},"modified":"2015-04-23T13:36:33","modified_gmt":"2015-04-23T13:36:33","slug":"el-comite-cientifico-del-pecmar-analiza-la-incidencia-del-vertido-en-salud-publica-pesca-y-medio-ambiente","status":"publish","type":"post","link":"https:\/\/www.112canarias.com\/112\/el-comite-cientifico-del-pecmar-analiza-la-incidencia-del-vertido-en-salud-publica-pesca-y-medio-ambiente\/","title":{"rendered":"El comit\u00e9 cient\u00edfico del PECMAR analiza la incidencia del vertido en Salud P\u00fablica, Pesca y Medio Ambiente"},"content":{"rendered":"<p><\/p>\n<p style=\"text-align: justify;\"><strong>No se han tomado medidas restrictivas al acceso a las playas de la zona ni a la actividad de pesca<\/strong><\/p>\n<p>El comit\u00e9 cient\u00edfico del Plan de Contingencia ante Contaminaci\u00f3n Marina de Canarias se reuni\u00f3 esta tarde para analizar la incidencia que pudiera tener el vertido de hidrocarburos sobre las \u00e1reas de Salud P\u00fablica, Pesca y Medio Ambiente.<\/p>\n<p>Entre los asuntos tratados, se clarific\u00f3 con el Cabildo de Gran Canaria el tratamiento de la fauna afectada y se confirm\u00f3 el proceso de gesti\u00f3n de los residuos de hidrocarburos, una vez son recogidos en la l\u00ednea de costa. Para realizar esa tarea hay gestores autorizados que los transportan a las plantas de tratamiento. <\/p>\n<p>En relaci\u00f3n a la pesca, no se prev\u00e9 limitar la actividad con la informaci\u00f3n de la que se dispone en estos momentos. En la zona afectada de Gran Canaria hay 22 zonas de ba\u00f1o controladas por Salud P\u00fablica y no se ha decidido cerrar ninguna de ellas. Si se diera esta situaci\u00f3n, Salud P\u00fablica contactar\u00eda posteriormente con el \u00e1rea de Pesca para cerrar dicha actividad,\u00a0 tanto en las \u00e1reas dependientes del Gobierno de Canarias como en las que dependen del Estado.<\/p>\n<p>Ante la mancha de fuel que ha arribado a la costa, se han destinado medios de limpieza a la zona de Veneguera, Tasarte, Tasartico y Taurito. Los equipos de limpieza est\u00e1n coordinados desde Puerto Rico donde se ha instalado el Puesto de Mando Avanzado localizado en un furg\u00f3n de comunicaciones del Grupo de Emergencias y Seguridad del Gobierno de Canarias, desde donde se coordinan las tareas con t\u00e9cnicos de la Direcci\u00f3n General de Seguridad y Emergencias del Gobierno de Canarias y representantes municipales e insulares.<\/p>\n<p>A las tareas de limpieza se han incorporado personal del Cabildo, ayuntamientos y Tragsa realizando dos turnos de 25 personas.\u00a0 Seg\u00fan Tragsa la limpieza se debe centrar principalmente en las zonas de playas dado que la mec\u00e1nica del oleaje limpia las zonas de acantilados.<\/p>\n<p>Con la afecci\u00f3n que est\u00e1 teniendo lugar, la retirada manual es lo m\u00e1s conveniente. En zonas especialmente protegidas se podr\u00eda intentar\u00a0 realizar una protecci\u00f3n\u00a0 con barrera para mitigar el efecto. Para priorizar recursos se dise\u00f1ar\u00e1 un cat\u00e1logo de zonas sensibles en cuanto a caracter\u00edsticas orogr\u00e1ficas, infraestructuras, etc; este cat\u00e1logo se tendr\u00e1 elaborado tambi\u00e9n para Tenerife<\/p>\n<p>Durante el d\u00eda de hoy, el Gobierno de Canarias ha podido trasladar a Gran Canaria y con la colaboraci\u00f3n de Cruz Roja, un cami\u00f3n con material de lucha contra la contaminaci\u00f3n mar\u00edtima (skimmers y barreras) as\u00ed como 300 kits de limpieza que ya est\u00e1n en la Isla.<\/p>\n<div class=\"pvc_clear\"><\/div>\n<p id=\"pvc_stats_784\" class=\"pvc_stats all  \" data-element-id=\"784\" style=\"\"><i class=\"pvc-stats-icon medium\" aria-hidden=\"true\"><svg aria-hidden=\"true\" focusable=\"false\" data-prefix=\"far\" data-icon=\"chart-bar\" role=\"img\" xmlns=\"http:\/\/www.w3.org\/2000\/svg\" viewBox=\"0 0 512 512\" class=\"svg-inline--fa fa-chart-bar fa-w-16 fa-2x\"><path fill=\"currentColor\" d=\"M396.8 352h22.4c6.4 0 12.8-6.4 12.8-12.8V108.8c0-6.4-6.4-12.8-12.8-12.8h-22.4c-6.4 0-12.8 6.4-12.8 12.8v230.4c0 6.4 6.4 12.8 12.8 12.8zm-192 0h22.4c6.4 0 12.8-6.4 12.8-12.8V140.8c0-6.4-6.4-12.8-12.8-12.8h-22.4c-6.4 0-12.8 6.4-12.8 12.8v198.4c0 6.4 6.4 12.8 12.8 12.8zm96 0h22.4c6.4 0 12.8-6.4 12.8-12.8V204.8c0-6.4-6.4-12.8-12.8-12.8h-22.4c-6.4 0-12.8 6.4-12.8 12.8v134.4c0 6.4 6.4 12.8 12.8 12.8zM496 400H48V80c0-8.84-7.16-16-16-16H16C7.16 64 0 71.16 0 80v336c0 17.67 14.33 32 32 32h464c8.84 0 16-7.16 16-16v-16c0-8.84-7.16-16-16-16zm-387.2-48h22.4c6.4 0 12.8-6.4 12.8-12.8v-70.4c0-6.4-6.4-12.8-12.8-12.8h-22.4c-6.4 0-12.8 6.4-12.8 12.8v70.4c0 6.4 6.4 12.8 12.8 12.8z\" class=\"\"><\/path><\/svg><\/i> <\/p>\n<div class=\"pvc_clear\"><\/div>\n<div class=\"print\"><span class=\"page_title\">P\u00e1gina: <span>El comit\u00e9 cient\u00edfico del PECMAR analiza la incidencia del vertido en Salud P\u00fablica, Pesca y Medio Ambiente<\/span><\/span>\n\t\t\t\t\t\t\t\t\t\t\t<span class=\"stmp_trans_date\">\u00daltima actualizaci\u00f3n: <span>23\/04\/2015 - 13:36:33<\/span><\/span>\n\t\t\t\t\t\t\t\t\t\t\t<span class=\"stmp_trans_date\">Fecha publicaci\u00f3n: <span>23\/04\/2015 - 13:36:33<\/span><\/span>\n\t\t\t\t\t\t\t\t\t\t\t<span class=\"stmp_trans_date\">Fecha creaci\u00f3n: <span>23\/04\/2015 - 13:36:33<\/span><\/span><\/div>","protected":false},"excerpt":{"rendered":"<p>No se han tomado medidas restrictivas al acceso a las playas de la zona ni a la actividad de pesca El comit\u00e9 cient\u00edfico del Plan de Contingencia ante Contaminaci\u00f3n Marina de Canarias se reuni\u00f3 esta tarde para analizar la incidencia que pudiera tener el vertido&#8230;<\/p>\n<div class=\"pvc_clear\"><\/div>\n<p id=\"pvc_stats_784\" class=\"pvc_stats all  \" data-element-id=\"784\" style=\"\"><i class=\"pvc-stats-icon medium\" aria-hidden=\"true\"><svg aria-hidden=\"true\" focusable=\"false\" data-prefix=\"far\" data-icon=\"chart-bar\" role=\"img\" xmlns=\"http:\/\/www.w3.org\/2000\/svg\" viewBox=\"0 0 512 512\" class=\"svg-inline--fa fa-chart-bar fa-w-16 fa-2x\"><path fill=\"currentColor\" d=\"M396.8 352h22.4c6.4 0 12.8-6.4 12.8-12.8V108.8c0-6.4-6.4-12.8-12.8-12.8h-22.4c-6.4 0-12.8 6.4-12.8 12.8v230.4c0 6.4 6.4 12.8 12.8 12.8zm-192 0h22.4c6.4 0 12.8-6.4 12.8-12.8V140.8c0-6.4-6.4-12.8-12.8-12.8h-22.4c-6.4 0-12.8 6.4-12.8 12.8v198.4c0 6.4 6.4 12.8 12.8 12.8zm96 0h22.4c6.4 0 12.8-6.4 12.8-12.8V204.8c0-6.4-6.4-12.8-12.8-12.8h-22.4c-6.4 0-12.8 6.4-12.8 12.8v134.4c0 6.4 6.4 12.8 12.8 12.8zM496 400H48V80c0-8.84-7.16-16-16-16H16C7.16 64 0 71.16 0 80v336c0 17.67 14.33 32 32 32h464c8.84 0 16-7.16 16-16v-16c0-8.84-7.16-16-16-16zm-387.2-48h22.4c6.4 0 12.8-6.4 12.8-12.8v-70.4c0-6.4-6.4-12.8-12.8-12.8h-22.4c-6.4 0-12.8 6.4-12.8 12.8v70.4c0 6.4 6.4 12.8 12.8 12.8z\" class=\"\"><\/path><\/svg><\/i> <img loading=\"lazy\" decoding=\"async\" width=\"16\" height=\"16\" alt=\"Loading\" src=\"https:\/\/www.112canarias.com\/112\/wp-content\/plugins\/page-views-count\/ajax-loader-2x.gif\" border=0 \/><\/p>\n<div class=\"pvc_clear\"><\/div>\n","protected":false},"author":1,"featured_media":0,"comment_status":"open","ping_status":"open","sticky":false,"template":"","format":"standard","meta":{"footnotes":""},"categories":[10],"tags":[],"class_list":["post-784","post","type-post","status-publish","format-standard","has-post-thumbnail","hentry","category-ultimasnoticas"],"_links":{"self":[{"href":"https:\/\/www.112canarias.com\/112\/wp-json\/wp\/v2\/posts\/784","targetHints":{"allow":["GET"]}}],"collection":[{"href":"https:\/\/www.112canarias.com\/112\/wp-json\/wp\/v2\/posts"}],"about":[{"href":"https:\/\/www.112canarias.com\/112\/wp-json\/wp\/v2\/types\/post"}],"author":[{"embeddable":true,"href":"https:\/\/www.112canarias.com\/112\/wp-json\/wp\/v2\/users\/1"}],"replies":[{"embeddable":true,"href":"https:\/\/www.112canarias.com\/112\/wp-json\/wp\/v2\/comments?post=784"}],"version-history":[{"count":0,"href":"https:\/\/www.112canarias.com\/112\/wp-json\/wp\/v2\/posts\/784\/revisions"}],"wp:attachment":[{"href":"https:\/\/www.112canarias.com\/112\/wp-json\/wp\/v2\/media?parent=784"}],"wp:term":[{"taxonomy":"category","embeddable":true,"href":"https:\/\/www.112canarias.com\/112\/wp-json\/wp\/v2\/categories?post=784"},{"taxonomy":"post_tag","embeddable":true,"href":"https:\/\/www.112canarias.com\/112\/wp-json\/wp\/v2\/tags?post=784"}],"curies":[{"name":"wp","href":"https:\/\/api.w.org\/{rel}","templated":true}]}}