{"id":7893,"date":"2024-12-03T16:19:21","date_gmt":"2024-12-03T16:19:21","guid":{"rendered":"https:\/\/www.112canarias.com\/112\/?p=7893"},"modified":"2024-12-03T16:19:21","modified_gmt":"2024-12-03T16:19:21","slug":"el-gobierno-de-canarias-declara-la-situacion-de-prealerta-por-viento-en-el-hierro-la-palma-y-tenerife","status":"publish","type":"post","link":"https:\/\/www.112canarias.com\/112\/el-gobierno-de-canarias-declara-la-situacion-de-prealerta-por-viento-en-el-hierro-la-palma-y-tenerife\/","title":{"rendered":"El Gobierno de Canarias declara la situaci\u00f3n de prealerta por viento en El Hierro, La Palma y Tenerife"},"content":{"rendered":"<p>El Gobierno de Canarias, a trav\u00e9s de la Direcci\u00f3n General de Emergencias, declara la situaci\u00f3n de prealerta por viento en El Hierro, La Palma y Tenerife, a partir de las 00:00 horas de ma\u00f1ana, mi\u00e9rcoles, 4 de diciembre.<\/p>\n<p>Esta decisi\u00f3n se toma teniendo en cuenta la informaci\u00f3n facilitada por la Agencia Estatal de Meteorolog\u00eda y otras fuentes disponibles, y en aplicaci\u00f3n del Plan Espec\u00edfico de Emergencias de Canarias por Riesgos de Fen\u00f3menos Meteorol\u00f3gicos Adversos (PEFMA).<\/p>\n<p><strong>\u00c1mbito territorial:<\/strong><\/p>\n<p>Oeste y norte de la isla de El Hierro, adem\u00e1s de la mitad oeste y cumbres de La Palma.<\/p>\n<p>En Tenerife afectar\u00e1 al macizo de Teno y las costas del sur y sureste. Tambi\u00e9n abarcar\u00e1 las zonas altas y median\u00edas de los municipios de Tacoronte, El Sauzal, La Matanza, La Victoria, Santa \u00darsula y La Orotava, as\u00ed como las zonas altas de Candelaria, Arafo, G\u00fc\u00edmar, Gu\u00eda de Isora y Adeje.<\/p>\n<p><strong>Observaciones:\u00a0<\/strong><\/p>\n<p>Previsi\u00f3n de viento del nordeste moderado, con intervalos fuertes en la costa, y viento del este en median\u00edas y zonas altas. Probables rachas que alcanzar\u00e1n y superar\u00e1n los 70 kil\u00f3metros\/hora en las zonas habituales de aceleraci\u00f3n del nordeste (litorales del sureste y noroeste de las islas), as\u00ed como en zonas altas y de median\u00edas de las islas y zonas indicadas.<\/p>\n<p>Se insta a la poblaci\u00f3n a seguir los siguientes\u202f<a href=\"https:\/\/www.gobiernodecanarias.org\/emergencias\/alertas\/consejos\/vientos\/vientos.html\">consejos de autoprotecci\u00f3n\u202f<\/a>de la Direcci\u00f3n General de Emergencias.<\/p>\n<p><a href=\"https:\/\/www.112canarias.com\/112\/wp-content\/uploads\/2024\/12\/Declaracion-70-2024-PEFMA-PA-Viento-Zonas-de-EH-LP-y-TF_firmada.pdf\">Declaracion 70 2024 PEFMA PA Viento Zonas de EH LP y TF_firmada<\/a><\/p>\n<div class=\"pvc_clear\"><\/div>\n<p id=\"pvc_stats_7893\" class=\"pvc_stats all  \" data-element-id=\"7893\" style=\"\"><i class=\"pvc-stats-icon medium\" aria-hidden=\"true\"><svg aria-hidden=\"true\" focusable=\"false\" data-prefix=\"far\" data-icon=\"chart-bar\" role=\"img\" xmlns=\"http:\/\/www.w3.org\/2000\/svg\" viewBox=\"0 0 512 512\" class=\"svg-inline--fa fa-chart-bar fa-w-16 fa-2x\"><path fill=\"currentColor\" d=\"M396.8 352h22.4c6.4 0 12.8-6.4 12.8-12.8V108.8c0-6.4-6.4-12.8-12.8-12.8h-22.4c-6.4 0-12.8 6.4-12.8 12.8v230.4c0 6.4 6.4 12.8 12.8 12.8zm-192 0h22.4c6.4 0 12.8-6.4 12.8-12.8V140.8c0-6.4-6.4-12.8-12.8-12.8h-22.4c-6.4 0-12.8 6.4-12.8 12.8v198.4c0 6.4 6.4 12.8 12.8 12.8zm96 0h22.4c6.4 0 12.8-6.4 12.8-12.8V204.8c0-6.4-6.4-12.8-12.8-12.8h-22.4c-6.4 0-12.8 6.4-12.8 12.8v134.4c0 6.4 6.4 12.8 12.8 12.8zM496 400H48V80c0-8.84-7.16-16-16-16H16C7.16 64 0 71.16 0 80v336c0 17.67 14.33 32 32 32h464c8.84 0 16-7.16 16-16v-16c0-8.84-7.16-16-16-16zm-387.2-48h22.4c6.4 0 12.8-6.4 12.8-12.8v-70.4c0-6.4-6.4-12.8-12.8-12.8h-22.4c-6.4 0-12.8 6.4-12.8 12.8v70.4c0 6.4 6.4 12.8 12.8 12.8z\" class=\"\"><\/path><\/svg><\/i> <\/p>\n<div class=\"pvc_clear\"><\/div>\n<div class=\"print\"><span class=\"page_title\">P\u00e1gina: <span>El Gobierno de Canarias declara la situaci\u00f3n de prealerta por viento en El Hierro, La Palma y Tenerife<\/span><\/span>\n\t\t\t\t\t\t\t\t\t\t\t<span class=\"stmp_trans_date\">\u00daltima actualizaci\u00f3n: <span>03\/12\/2024 - 16:19:21<\/span><\/span>\n\t\t\t\t\t\t\t\t\t\t\t<span class=\"stmp_trans_date\">Fecha publicaci\u00f3n: <span>03\/12\/2024 - 16:19:21<\/span><\/span>\n\t\t\t\t\t\t\t\t\t\t\t<span class=\"stmp_trans_date\">Fecha creaci\u00f3n: <span>03\/12\/2024 - 16:19:21<\/span><\/span><\/div>","protected":false},"excerpt":{"rendered":"<p>El Gobierno de Canarias, a trav\u00e9s de la Direcci\u00f3n General de Emergencias, declara la situaci\u00f3n de prealerta por viento en El Hierro, La Palma y Tenerife, a partir de las 00:00 horas de ma\u00f1ana, mi\u00e9rcoles, 4 de diciembre. Esta decisi\u00f3n se toma teniendo en cuenta&#8230;<\/p>\n<div class=\"pvc_clear\"><\/div>\n<p id=\"pvc_stats_7893\" class=\"pvc_stats all  \" data-element-id=\"7893\" style=\"\"><i class=\"pvc-stats-icon medium\" aria-hidden=\"true\"><svg aria-hidden=\"true\" focusable=\"false\" data-prefix=\"far\" data-icon=\"chart-bar\" role=\"img\" xmlns=\"http:\/\/www.w3.org\/2000\/svg\" viewBox=\"0 0 512 512\" class=\"svg-inline--fa fa-chart-bar fa-w-16 fa-2x\"><path fill=\"currentColor\" d=\"M396.8 352h22.4c6.4 0 12.8-6.4 12.8-12.8V108.8c0-6.4-6.4-12.8-12.8-12.8h-22.4c-6.4 0-12.8 6.4-12.8 12.8v230.4c0 6.4 6.4 12.8 12.8 12.8zm-192 0h22.4c6.4 0 12.8-6.4 12.8-12.8V140.8c0-6.4-6.4-12.8-12.8-12.8h-22.4c-6.4 0-12.8 6.4-12.8 12.8v198.4c0 6.4 6.4 12.8 12.8 12.8zm96 0h22.4c6.4 0 12.8-6.4 12.8-12.8V204.8c0-6.4-6.4-12.8-12.8-12.8h-22.4c-6.4 0-12.8 6.4-12.8 12.8v134.4c0 6.4 6.4 12.8 12.8 12.8zM496 400H48V80c0-8.84-7.16-16-16-16H16C7.16 64 0 71.16 0 80v336c0 17.67 14.33 32 32 32h464c8.84 0 16-7.16 16-16v-16c0-8.84-7.16-16-16-16zm-387.2-48h22.4c6.4 0 12.8-6.4 12.8-12.8v-70.4c0-6.4-6.4-12.8-12.8-12.8h-22.4c-6.4 0-12.8 6.4-12.8 12.8v70.4c0 6.4 6.4 12.8 12.8 12.8z\" class=\"\"><\/path><\/svg><\/i> <img loading=\"lazy\" decoding=\"async\" width=\"16\" height=\"16\" alt=\"Loading\" src=\"https:\/\/www.112canarias.com\/112\/wp-content\/plugins\/page-views-count\/ajax-loader-2x.gif\" border=0 \/><\/p>\n<div class=\"pvc_clear\"><\/div>\n","protected":false},"author":5,"featured_media":7895,"comment_status":"closed","ping_status":"open","sticky":false,"template":"","format":"standard","meta":{"footnotes":""},"categories":[9,10],"tags":[],"class_list":["post-7893","post","type-post","status-publish","format-standard","has-post-thumbnail","hentry","category-noticias","category-ultimasnoticas"],"_links":{"self":[{"href":"https:\/\/www.112canarias.com\/112\/wp-json\/wp\/v2\/posts\/7893","targetHints":{"allow":["GET"]}}],"collection":[{"href":"https:\/\/www.112canarias.com\/112\/wp-json\/wp\/v2\/posts"}],"about":[{"href":"https:\/\/www.112canarias.com\/112\/wp-json\/wp\/v2\/types\/post"}],"author":[{"embeddable":true,"href":"https:\/\/www.112canarias.com\/112\/wp-json\/wp\/v2\/users\/5"}],"replies":[{"embeddable":true,"href":"https:\/\/www.112canarias.com\/112\/wp-json\/wp\/v2\/comments?post=7893"}],"version-history":[{"count":1,"href":"https:\/\/www.112canarias.com\/112\/wp-json\/wp\/v2\/posts\/7893\/revisions"}],"predecessor-version":[{"id":7896,"href":"https:\/\/www.112canarias.com\/112\/wp-json\/wp\/v2\/posts\/7893\/revisions\/7896"}],"wp:featuredmedia":[{"embeddable":true,"href":"https:\/\/www.112canarias.com\/112\/wp-json\/wp\/v2\/media\/7895"}],"wp:attachment":[{"href":"https:\/\/www.112canarias.com\/112\/wp-json\/wp\/v2\/media?parent=7893"}],"wp:term":[{"taxonomy":"category","embeddable":true,"href":"https:\/\/www.112canarias.com\/112\/wp-json\/wp\/v2\/categories?post=7893"},{"taxonomy":"post_tag","embeddable":true,"href":"https:\/\/www.112canarias.com\/112\/wp-json\/wp\/v2\/tags?post=7893"}],"curies":[{"name":"wp","href":"https:\/\/api.w.org\/{rel}","templated":true}]}}