{"id":790,"date":"2015-04-23T13:29:25","date_gmt":"2015-04-23T13:29:25","guid":{"rendered":"http:\/\/www.112canarias.com\/112\/2015\/04\/23\/el-gobierno-de-canarias-activa-el-nivel-ii-de-emergencia-del-pecmar-en-el-ambito-territorial-de-canarias\/"},"modified":"2015-04-23T13:29:25","modified_gmt":"2015-04-23T13:29:25","slug":"el-gobierno-de-canarias-activa-el-nivel-ii-de-emergencia-del-pecmar-en-el-ambito-territorial-de-canarias","status":"publish","type":"post","link":"https:\/\/www.112canarias.com\/112\/el-gobierno-de-canarias-activa-el-nivel-ii-de-emergencia-del-pecmar-en-el-ambito-territorial-de-canarias\/","title":{"rendered":"El Gobierno de Canarias activa el nivel II de Emergencia del PECMAR en el \u00e1mbito territorial de Canarias"},"content":{"rendered":"<p>\u00a0\u00a0 <\/p>\n<p style=\"text-align: justify;\"><strong>Las manchas que afectan a la costa de Gran Canaria no tienen grandes dimensiones y no son\u00a0 muy consistentes lo que podr\u00eda facilitar las labores de limpieza<\/strong><\/p>\n<p>Ante la localizaci\u00f3n de varias manchas sobre la costa del sur de Gran Canaria en la tarde ayer, el Gobierno de Canarias activ\u00f3 anoche el Plan Espec\u00edfico de contingencias por contaminaci\u00f3n marina accidental de Canarias (PECMAR) en nivel de emergencia 2 que se da cuando el derrame detectado afecte o pueda afectar a la l\u00ednea de costa en una zona puntual y localizada que englobe \u00e1reas de vulnerabilidad media. El nivel de emergencia\u00a0 II se activa para toda Canarias de manera preventiva y se prev\u00e9 realizar vuelos de vigilancia sobre el sur de Tenerife y sur de La Gomera.<\/p>\n<p>Asimismo est\u00e1 previsto realizar vuelos con bi\u00f3logos observadores desde Mog\u00e1n siguiendo la estela de la mancha hasta donde est\u00e1 el pecio y vuelta, para detectar posibles especies afectadas.<\/p>\n<p>El Comit\u00e9 Director del Plan de Contingencia por Contaminaci\u00f3n Marina de Canarias (PECMAR) tuvo lugar esta ma\u00f1ana en Las Palmas de Gran Canaria, presidido por el consejero de Econom\u00eda, Hacienda y Seguridad del Gobierno de Canarias, y al que asisti\u00f3 el vicepresidente del Gobierno, Jos\u00e9 Miguel P\u00e9rez.<\/p>\n<p>Fue a \u00faltima hora del d\u00eda de ayer cuando peque\u00f1as manchas de fuel fueron detectadas en las costas de los municipios de San Nicol\u00e1s de Tolentino y Mog\u00e1n, tras las labores de contenci\u00f3n de los medios mar\u00edtimos.<\/p>\n<p>De los primeros an\u00e1lisis realizados se desprende que no es una mancha de grandes dimensiones, est\u00e1 dispersa y se visualizan peque\u00f1os residuos de hidrocarburos\u00a0 no muy consistentes y sobre las primeras que han llegado a la costa se est\u00e1n realizando labores de limpieza manuales. <\/p>\n<p>En este sentido, los t\u00e9cnicos desplazados al lugar han precisado que la zona de Veneguera se podr\u00eda limpiar a lo largo del d\u00eda, y en cuanto a la zona de Tasarte, que tambi\u00e9n se ha visto afectada, contar\u00e1 con personal del Cabildo para realizar las labores de limpieza. El Plan estatal ha puesto a disposici\u00f3n un equipo de Tragsa para participar en las labores de limpieza.<\/p>\n<p>Cabe recordar que desde que se activ\u00f3 el PECMAR se iniciaron vuelos de reconocimiento y vigilancia por parte de los helic\u00f3pteros del Gobierno de Canarias (GES) que fueron los que detectaron esta mancha cerca de la costa, al sur de Gran Canaria.<\/p>\n<p>A la reuni\u00f3n asistieron representantes auton\u00f3micos de Medio Ambiente, Pesca y Salud P\u00fablica, los representantes municipales de San Nicol\u00e1s de Tolentino, Mog\u00e1n y San Bartolom\u00e9 de Tirajana, as\u00ed como el Cabildo de Gran Canaria.<\/p>\n<p>Una de las decisiones acordadas ha sido la de crear un comit\u00e9 cient\u00edfico que sirva de asesoramiento a la direcci\u00f3n del Plan en relaci\u00f3n a Pesca, Salud P\u00fablica, Operatividad\u00a0 y Biodiversidad. Asimismo se desplazar\u00e1 un furg\u00f3n de comunicaciones para establecer un Puesto de Mando Avanzado con t\u00e9cnicos de la Direcci\u00f3n General de Seguridad y Emergencias, Cabildo de Gran Canaria y los Ayuntamientos.<\/p>\n<p>En principio se considera que los medios especializados ser\u00e1n suficientes para hacer frente a\u00a0 la limpieza de la costa pero se establecer\u00e1n, en coordinaci\u00f3n con el Cabildo y los Ayuntamientos,\u00a0 sendos Centros de Recepci\u00f3n de Medios en Mog\u00e1n y en La Aldea de San Nicol\u00e1s para organizar los intervinientes en los dispositivos.<\/p>\n<div class=\"pvc_clear\"><\/div>\n<p id=\"pvc_stats_790\" class=\"pvc_stats all  \" data-element-id=\"790\" style=\"\"><i class=\"pvc-stats-icon medium\" aria-hidden=\"true\"><svg aria-hidden=\"true\" focusable=\"false\" data-prefix=\"far\" data-icon=\"chart-bar\" role=\"img\" xmlns=\"http:\/\/www.w3.org\/2000\/svg\" viewBox=\"0 0 512 512\" class=\"svg-inline--fa fa-chart-bar fa-w-16 fa-2x\"><path fill=\"currentColor\" d=\"M396.8 352h22.4c6.4 0 12.8-6.4 12.8-12.8V108.8c0-6.4-6.4-12.8-12.8-12.8h-22.4c-6.4 0-12.8 6.4-12.8 12.8v230.4c0 6.4 6.4 12.8 12.8 12.8zm-192 0h22.4c6.4 0 12.8-6.4 12.8-12.8V140.8c0-6.4-6.4-12.8-12.8-12.8h-22.4c-6.4 0-12.8 6.4-12.8 12.8v198.4c0 6.4 6.4 12.8 12.8 12.8zm96 0h22.4c6.4 0 12.8-6.4 12.8-12.8V204.8c0-6.4-6.4-12.8-12.8-12.8h-22.4c-6.4 0-12.8 6.4-12.8 12.8v134.4c0 6.4 6.4 12.8 12.8 12.8zM496 400H48V80c0-8.84-7.16-16-16-16H16C7.16 64 0 71.16 0 80v336c0 17.67 14.33 32 32 32h464c8.84 0 16-7.16 16-16v-16c0-8.84-7.16-16-16-16zm-387.2-48h22.4c6.4 0 12.8-6.4 12.8-12.8v-70.4c0-6.4-6.4-12.8-12.8-12.8h-22.4c-6.4 0-12.8 6.4-12.8 12.8v70.4c0 6.4 6.4 12.8 12.8 12.8z\" class=\"\"><\/path><\/svg><\/i> <img loading=\"lazy\" decoding=\"async\" width=\"16\" height=\"16\" alt=\"Loading\" src=\"https:\/\/www.112canarias.com\/112\/wp-content\/plugins\/page-views-count\/ajax-loader-2x.gif\" border=0 \/><\/p>\n<div class=\"pvc_clear\"><\/div>\n<div class=\"print\"><span class=\"page_title\">P\u00e1gina: <span>El Gobierno de Canarias activa el nivel II de Emergencia del PECMAR en el \u00e1mbito territorial de Canarias<\/span><\/span>\n\t\t\t\t\t\t\t\t\t\t\t<span class=\"stmp_trans_date\">\u00daltima actualizaci\u00f3n: <span>23\/04\/2015 - 13:29:25<\/span><\/span>\n\t\t\t\t\t\t\t\t\t\t\t<span class=\"stmp_trans_date\">Fecha publicaci\u00f3n: <span>23\/04\/2015 - 13:29:25<\/span><\/span>\n\t\t\t\t\t\t\t\t\t\t\t<span class=\"stmp_trans_date\">Fecha creaci\u00f3n: <span>23\/04\/2015 - 13:29:25<\/span><\/span><\/div>","protected":false},"excerpt":{"rendered":"<p>\u00a0\u00a0 Las manchas que afectan a la costa de Gran Canaria no tienen grandes dimensiones y no son\u00a0 muy consistentes lo que podr\u00eda facilitar las labores de limpieza Ante la localizaci\u00f3n de varias manchas sobre la costa del sur de Gran Canaria en la tarde&#8230;<\/p>\n<div class=\"pvc_clear\"><\/div>\n<p id=\"pvc_stats_790\" class=\"pvc_stats all  \" data-element-id=\"790\" style=\"\"><i class=\"pvc-stats-icon medium\" aria-hidden=\"true\"><svg aria-hidden=\"true\" focusable=\"false\" data-prefix=\"far\" data-icon=\"chart-bar\" role=\"img\" xmlns=\"http:\/\/www.w3.org\/2000\/svg\" viewBox=\"0 0 512 512\" class=\"svg-inline--fa fa-chart-bar fa-w-16 fa-2x\"><path fill=\"currentColor\" d=\"M396.8 352h22.4c6.4 0 12.8-6.4 12.8-12.8V108.8c0-6.4-6.4-12.8-12.8-12.8h-22.4c-6.4 0-12.8 6.4-12.8 12.8v230.4c0 6.4 6.4 12.8 12.8 12.8zm-192 0h22.4c6.4 0 12.8-6.4 12.8-12.8V140.8c0-6.4-6.4-12.8-12.8-12.8h-22.4c-6.4 0-12.8 6.4-12.8 12.8v198.4c0 6.4 6.4 12.8 12.8 12.8zm96 0h22.4c6.4 0 12.8-6.4 12.8-12.8V204.8c0-6.4-6.4-12.8-12.8-12.8h-22.4c-6.4 0-12.8 6.4-12.8 12.8v134.4c0 6.4 6.4 12.8 12.8 12.8zM496 400H48V80c0-8.84-7.16-16-16-16H16C7.16 64 0 71.16 0 80v336c0 17.67 14.33 32 32 32h464c8.84 0 16-7.16 16-16v-16c0-8.84-7.16-16-16-16zm-387.2-48h22.4c6.4 0 12.8-6.4 12.8-12.8v-70.4c0-6.4-6.4-12.8-12.8-12.8h-22.4c-6.4 0-12.8 6.4-12.8 12.8v70.4c0 6.4 6.4 12.8 12.8 12.8z\" class=\"\"><\/path><\/svg><\/i> <img loading=\"lazy\" decoding=\"async\" width=\"16\" height=\"16\" alt=\"Loading\" src=\"https:\/\/www.112canarias.com\/112\/wp-content\/plugins\/page-views-count\/ajax-loader-2x.gif\" border=0 \/><\/p>\n<div class=\"pvc_clear\"><\/div>\n","protected":false},"author":1,"featured_media":0,"comment_status":"open","ping_status":"open","sticky":false,"template":"","format":"standard","meta":{"footnotes":""},"categories":[10],"tags":[],"class_list":["post-790","post","type-post","status-publish","format-standard","has-post-thumbnail","hentry","category-ultimasnoticas"],"_links":{"self":[{"href":"https:\/\/www.112canarias.com\/112\/wp-json\/wp\/v2\/posts\/790","targetHints":{"allow":["GET"]}}],"collection":[{"href":"https:\/\/www.112canarias.com\/112\/wp-json\/wp\/v2\/posts"}],"about":[{"href":"https:\/\/www.112canarias.com\/112\/wp-json\/wp\/v2\/types\/post"}],"author":[{"embeddable":true,"href":"https:\/\/www.112canarias.com\/112\/wp-json\/wp\/v2\/users\/1"}],"replies":[{"embeddable":true,"href":"https:\/\/www.112canarias.com\/112\/wp-json\/wp\/v2\/comments?post=790"}],"version-history":[{"count":0,"href":"https:\/\/www.112canarias.com\/112\/wp-json\/wp\/v2\/posts\/790\/revisions"}],"wp:attachment":[{"href":"https:\/\/www.112canarias.com\/112\/wp-json\/wp\/v2\/media?parent=790"}],"wp:term":[{"taxonomy":"category","embeddable":true,"href":"https:\/\/www.112canarias.com\/112\/wp-json\/wp\/v2\/categories?post=790"},{"taxonomy":"post_tag","embeddable":true,"href":"https:\/\/www.112canarias.com\/112\/wp-json\/wp\/v2\/tags?post=790"}],"curies":[{"name":"wp","href":"https:\/\/api.w.org\/{rel}","templated":true}]}}