{"id":791,"date":"2018-02-28T15:11:56","date_gmt":"2018-02-28T15:11:56","guid":{"rendered":"http:\/\/www.112canarias.com\/112\/2018\/02\/28\/el-gobierno-de-canarias-activa-el-plan-de-contingencias-por-contaminacion-marina-ante-el-hundimiento-de-una-embarcacion-en-la-costa-de-tuineje\/"},"modified":"2018-02-28T15:11:56","modified_gmt":"2018-02-28T15:11:56","slug":"el-gobierno-de-canarias-activa-el-plan-de-contingencias-por-contaminacion-marina-ante-el-hundimiento-de-una-embarcacion-en-la-costa-de-tuineje","status":"publish","type":"post","link":"https:\/\/www.112canarias.com\/112\/el-gobierno-de-canarias-activa-el-plan-de-contingencias-por-contaminacion-marina-ante-el-hundimiento-de-una-embarcacion-en-la-costa-de-tuineje\/","title":{"rendered":"El Gobierno de Canarias activa el Plan de Contingencias por Contaminaci\u00f3n Marina ante el hundimiento de una embarcaci\u00f3n en la costa de Tuineje"},"content":{"rendered":"<p style=\"text-align: justify;\"><strong style=\"font-size: 12.16px;\">Como consecuencia del fuerte oleaje, esta ma\u00f1ana se ha hundido una gabarra en el puerto de Gran Tarajal<\/strong><\/p>\n<p style=\"text-align: justify;\">\u00a0<span style=\"font-size: 12.16px;\">La Consejer\u00eda de Pol\u00edtica Territorial, Sostenibilidad y Seguridad del Gobierno de Canarias ha activado a las 11 horas de hoy, mi\u00e9rcoles 28 de febrero, el Plan Espec\u00edfico de Contingencias por Contaminaci\u00f3n Marina Accidental de Canarias (PECMAR) en situaci\u00f3n de Emergencia ante el hundimiento de una embarcaci\u00f3n en el puerto de Gran Tarajal, en Tuineje, Fuerteventura.<\/span><\/p>\n<p style=\"text-align: justify;\"><span style=\"font-size: 12.16px;\">La gabarra, con 10 toneladas de combustible en su dep\u00f3sito, se encuentra anclada al fondo y no presenta v\u00edas de escape. Se trata de una embarcaci\u00f3n de tipo industrial, de 20 m de eslora, se encontraba en la parte exterior del muelle y sufri\u00f3 una rotura en su amarre y ser\u00e1 reflotaba en cuanto amaine el temporal. Otra embarcaci\u00f3n tambi\u00e9n ha roto sus amarres a consecuencia del oleaje quedando varada en la rampa del puerto, pero ya est\u00e1 estabilizada.<\/span><\/p>\n<p style=\"text-align: justify;\"><span style=\"font-size: 12.16px;\">En la zona afectada, costa de Tuineje, se est\u00e1n tomando las medidas necesarias para el seguimiento y contenci\u00f3n. Intervienen embarcaciones de Salvamento Mar\u00edtimo; Grupo de Emergencias del Cabildo de Fuerteventura; Bomberos de Tuineje, Guardia Civil, Polic\u00eda Local y personal de Puertos Canarios.<\/span><\/p>\n<p style=\"text-align: justify;\"><span style=\"font-size: 12.16px;\">La Direcci\u00f3n General de Seguridad Emergencias ha convocado al Comit\u00e9 Asesor a las 14:30 horas para analizar la situaci\u00f3n, por videoconferencia, entre el Ayuntamiento de Tuineje y las salas operativas del 1-1-2 Canarias.<\/span><\/p>\n<p style=\"text-align: justify;\"><span style=\"font-size: 12.16px;\">Est\u00e1n convocados a esta reuni\u00f3n el Cabildo de Fuerteventura, Ayto. de Tuineje, Consejer\u00eda de Turismo, la Direcci\u00f3n General de Pesca, Consejer\u00eda de Sanidad, Delegaci\u00f3n de Gobierno, Demarcaci\u00f3n de Costas, Agencia Canaria de Protecci\u00f3n del Medio Natural y Puertos Canarios.<\/span><\/p>\n<div class=\"pvc_clear\"><\/div>\n<p id=\"pvc_stats_791\" class=\"pvc_stats all  \" data-element-id=\"791\" style=\"\"><i class=\"pvc-stats-icon medium\" aria-hidden=\"true\"><svg aria-hidden=\"true\" focusable=\"false\" data-prefix=\"far\" data-icon=\"chart-bar\" role=\"img\" xmlns=\"http:\/\/www.w3.org\/2000\/svg\" viewBox=\"0 0 512 512\" class=\"svg-inline--fa fa-chart-bar fa-w-16 fa-2x\"><path fill=\"currentColor\" d=\"M396.8 352h22.4c6.4 0 12.8-6.4 12.8-12.8V108.8c0-6.4-6.4-12.8-12.8-12.8h-22.4c-6.4 0-12.8 6.4-12.8 12.8v230.4c0 6.4 6.4 12.8 12.8 12.8zm-192 0h22.4c6.4 0 12.8-6.4 12.8-12.8V140.8c0-6.4-6.4-12.8-12.8-12.8h-22.4c-6.4 0-12.8 6.4-12.8 12.8v198.4c0 6.4 6.4 12.8 12.8 12.8zm96 0h22.4c6.4 0 12.8-6.4 12.8-12.8V204.8c0-6.4-6.4-12.8-12.8-12.8h-22.4c-6.4 0-12.8 6.4-12.8 12.8v134.4c0 6.4 6.4 12.8 12.8 12.8zM496 400H48V80c0-8.84-7.16-16-16-16H16C7.16 64 0 71.16 0 80v336c0 17.67 14.33 32 32 32h464c8.84 0 16-7.16 16-16v-16c0-8.84-7.16-16-16-16zm-387.2-48h22.4c6.4 0 12.8-6.4 12.8-12.8v-70.4c0-6.4-6.4-12.8-12.8-12.8h-22.4c-6.4 0-12.8 6.4-12.8 12.8v70.4c0 6.4 6.4 12.8 12.8 12.8z\" class=\"\"><\/path><\/svg><\/i> <\/p>\n<div class=\"pvc_clear\"><\/div>\n<div class=\"print\"><span class=\"page_title\">P\u00e1gina: <span>El Gobierno de Canarias activa el Plan de Contingencias por Contaminaci\u00f3n Marina ante el hundimiento de una embarcaci\u00f3n en la costa de Tuineje<\/span><\/span>\n\t\t\t\t\t\t\t\t\t\t\t<span class=\"stmp_trans_date\">\u00daltima actualizaci\u00f3n: <span>28\/02\/2018 - 15:11:56<\/span><\/span>\n\t\t\t\t\t\t\t\t\t\t\t<span class=\"stmp_trans_date\">Fecha publicaci\u00f3n: <span>28\/02\/2018 - 15:11:56<\/span><\/span>\n\t\t\t\t\t\t\t\t\t\t\t<span class=\"stmp_trans_date\">Fecha creaci\u00f3n: <span>28\/02\/2018 - 15:11:56<\/span><\/span><\/div>","protected":false},"excerpt":{"rendered":"<p>Como consecuencia del fuerte oleaje, esta ma\u00f1ana se ha hundido una gabarra en el puerto de Gran Tarajal \u00a0La Consejer\u00eda de Pol\u00edtica Territorial, Sostenibilidad y Seguridad del Gobierno de Canarias ha activado a las 11 horas de hoy, mi\u00e9rcoles 28 de febrero, el Plan Espec\u00edfico&#8230;<\/p>\n<div class=\"pvc_clear\"><\/div>\n<p id=\"pvc_stats_791\" class=\"pvc_stats all  \" data-element-id=\"791\" style=\"\"><i class=\"pvc-stats-icon medium\" aria-hidden=\"true\"><svg aria-hidden=\"true\" focusable=\"false\" data-prefix=\"far\" data-icon=\"chart-bar\" role=\"img\" xmlns=\"http:\/\/www.w3.org\/2000\/svg\" viewBox=\"0 0 512 512\" class=\"svg-inline--fa fa-chart-bar fa-w-16 fa-2x\"><path fill=\"currentColor\" d=\"M396.8 352h22.4c6.4 0 12.8-6.4 12.8-12.8V108.8c0-6.4-6.4-12.8-12.8-12.8h-22.4c-6.4 0-12.8 6.4-12.8 12.8v230.4c0 6.4 6.4 12.8 12.8 12.8zm-192 0h22.4c6.4 0 12.8-6.4 12.8-12.8V140.8c0-6.4-6.4-12.8-12.8-12.8h-22.4c-6.4 0-12.8 6.4-12.8 12.8v198.4c0 6.4 6.4 12.8 12.8 12.8zm96 0h22.4c6.4 0 12.8-6.4 12.8-12.8V204.8c0-6.4-6.4-12.8-12.8-12.8h-22.4c-6.4 0-12.8 6.4-12.8 12.8v134.4c0 6.4 6.4 12.8 12.8 12.8zM496 400H48V80c0-8.84-7.16-16-16-16H16C7.16 64 0 71.16 0 80v336c0 17.67 14.33 32 32 32h464c8.84 0 16-7.16 16-16v-16c0-8.84-7.16-16-16-16zm-387.2-48h22.4c6.4 0 12.8-6.4 12.8-12.8v-70.4c0-6.4-6.4-12.8-12.8-12.8h-22.4c-6.4 0-12.8 6.4-12.8 12.8v70.4c0 6.4 6.4 12.8 12.8 12.8z\" class=\"\"><\/path><\/svg><\/i> <img loading=\"lazy\" decoding=\"async\" width=\"16\" height=\"16\" alt=\"Loading\" src=\"https:\/\/www.112canarias.com\/112\/wp-content\/plugins\/page-views-count\/ajax-loader-2x.gif\" border=0 \/><\/p>\n<div class=\"pvc_clear\"><\/div>\n","protected":false},"author":1,"featured_media":0,"comment_status":"open","ping_status":"open","sticky":false,"template":"","format":"standard","meta":{"footnotes":""},"categories":[10],"tags":[],"class_list":["post-791","post","type-post","status-publish","format-standard","has-post-thumbnail","hentry","category-ultimasnoticas"],"_links":{"self":[{"href":"https:\/\/www.112canarias.com\/112\/wp-json\/wp\/v2\/posts\/791","targetHints":{"allow":["GET"]}}],"collection":[{"href":"https:\/\/www.112canarias.com\/112\/wp-json\/wp\/v2\/posts"}],"about":[{"href":"https:\/\/www.112canarias.com\/112\/wp-json\/wp\/v2\/types\/post"}],"author":[{"embeddable":true,"href":"https:\/\/www.112canarias.com\/112\/wp-json\/wp\/v2\/users\/1"}],"replies":[{"embeddable":true,"href":"https:\/\/www.112canarias.com\/112\/wp-json\/wp\/v2\/comments?post=791"}],"version-history":[{"count":0,"href":"https:\/\/www.112canarias.com\/112\/wp-json\/wp\/v2\/posts\/791\/revisions"}],"wp:attachment":[{"href":"https:\/\/www.112canarias.com\/112\/wp-json\/wp\/v2\/media?parent=791"}],"wp:term":[{"taxonomy":"category","embeddable":true,"href":"https:\/\/www.112canarias.com\/112\/wp-json\/wp\/v2\/categories?post=791"},{"taxonomy":"post_tag","embeddable":true,"href":"https:\/\/www.112canarias.com\/112\/wp-json\/wp\/v2\/tags?post=791"}],"curies":[{"name":"wp","href":"https:\/\/api.w.org\/{rel}","templated":true}]}}