{"id":794,"date":"2012-06-06T07:00:00","date_gmt":"2012-06-06T07:00:00","guid":{"rendered":"http:\/\/www.112canarias.com\/112\/2012\/06\/06\/el-gobierno-de-canarias-asume-la-direccion-del-incendio-de-gran-canaria\/"},"modified":"2012-06-06T07:00:00","modified_gmt":"2012-06-06T07:00:00","slug":"el-gobierno-de-canarias-asume-la-direccion-del-incendio-de-gran-canaria","status":"publish","type":"post","link":"https:\/\/www.112canarias.com\/112\/el-gobierno-de-canarias-asume-la-direccion-del-incendio-de-gran-canaria\/","title":{"rendered":"El Gobierno de Canarias asume la direcci\u00f3n del incendio de Gran Canaria"},"content":{"rendered":"<p style=\"text-align: justify;\"><strong>Tras la petici\u00f3n del Cabildo de Gran Canaria, la gesti\u00f3n del mismo pasa a ser auton\u00f3mica<\/strong><\/p>\n<p style=\"text-align: justify;\">El consejero de Econom\u00eda, Hacienda y Seguridad del Gobierno de Canarias, Javier Gonz\u00e1lez Ortiz, acaba de declarar la situaci\u00f3n de emergencia en nivel de gravedad 2 del incendio forestal declarado en la isla de Gran Canaria, que afecta en estos momentos al municipio de la Vega de San Mateo, tras la petici\u00f3n del Cabildo de Gran Canaria.<\/p>\n<p><a href=\"https:\/\/www.112canarias.com\/112\/wp-content\/uploads\/2022\/04\/incendio_gc_1.jpg\" target=\"_blank\" title=\"Incendio en la Vega de San Mateo, Gran Canaria\" rel=\"noopener\"><\/a><\/p>\n<p style=\"text-align: justify;\">Esto significa que se activa el nivel de gravedad tipo 2 por parte del Gobierno de la Comunidad Aut\u00f3noma de Canarias, en virtud de lo establecido en el art\u00edculo 5.5 del Plan Canario de Protecci\u00f3n Civil y Atenci\u00f3n de Emergencias por Incendios Forestales (INFOCA) que establece este procedimiento,  cuando prevea la necesidad de incorporar medios de la Administraci\u00f3n General del Estado, no asignadas a este Plan o cuando pueda comportar situaciones de emergencia en que se deriven de inter\u00e9s auton\u00f3mico o nacional.<\/p>\n<p style=\"text-align: justify;\">En las labores de extinci\u00f3n del incendio, dirigidas inicialmente por CECOPIN, han intervenido durante la tarde tres helic\u00f3pteros y la unidad de tierra del GES del Gobierno de Canarias, efectivos del Cuerpo General de la Polic\u00eda Canaria, Consorcio de Emergencias de Gran Canaria,  Polic\u00eda Local, Protecci\u00f3n Civil de hasta ocho municipios y Guardia Civil. Asimismo, tras la activaci\u00f3n del nivel 2 de gravedad del incendio se incorpor\u00f3 a estas tareas la Unidad Militar de Emergencias.<\/p>\n<div class=\"pvc_clear\"><\/div>\n<p id=\"pvc_stats_794\" class=\"pvc_stats all  \" data-element-id=\"794\" style=\"\"><i class=\"pvc-stats-icon medium\" aria-hidden=\"true\"><svg aria-hidden=\"true\" focusable=\"false\" data-prefix=\"far\" data-icon=\"chart-bar\" role=\"img\" xmlns=\"http:\/\/www.w3.org\/2000\/svg\" viewBox=\"0 0 512 512\" class=\"svg-inline--fa fa-chart-bar fa-w-16 fa-2x\"><path fill=\"currentColor\" d=\"M396.8 352h22.4c6.4 0 12.8-6.4 12.8-12.8V108.8c0-6.4-6.4-12.8-12.8-12.8h-22.4c-6.4 0-12.8 6.4-12.8 12.8v230.4c0 6.4 6.4 12.8 12.8 12.8zm-192 0h22.4c6.4 0 12.8-6.4 12.8-12.8V140.8c0-6.4-6.4-12.8-12.8-12.8h-22.4c-6.4 0-12.8 6.4-12.8 12.8v198.4c0 6.4 6.4 12.8 12.8 12.8zm96 0h22.4c6.4 0 12.8-6.4 12.8-12.8V204.8c0-6.4-6.4-12.8-12.8-12.8h-22.4c-6.4 0-12.8 6.4-12.8 12.8v134.4c0 6.4 6.4 12.8 12.8 12.8zM496 400H48V80c0-8.84-7.16-16-16-16H16C7.16 64 0 71.16 0 80v336c0 17.67 14.33 32 32 32h464c8.84 0 16-7.16 16-16v-16c0-8.84-7.16-16-16-16zm-387.2-48h22.4c6.4 0 12.8-6.4 12.8-12.8v-70.4c0-6.4-6.4-12.8-12.8-12.8h-22.4c-6.4 0-12.8 6.4-12.8 12.8v70.4c0 6.4 6.4 12.8 12.8 12.8z\" class=\"\"><\/path><\/svg><\/i> <\/p>\n<div class=\"pvc_clear\"><\/div>\n<div class=\"print\"><span class=\"page_title\">P\u00e1gina: <span>El Gobierno de Canarias asume la direcci\u00f3n del incendio de Gran Canaria<\/span><\/span>\n\t\t\t\t\t\t\t\t\t\t\t<span class=\"stmp_trans_date\">\u00daltima actualizaci\u00f3n: <span>06\/06\/2012 - 07:00:00<\/span><\/span>\n\t\t\t\t\t\t\t\t\t\t\t<span class=\"stmp_trans_date\">Fecha publicaci\u00f3n: <span>06\/06\/2012 - 07:00:00<\/span><\/span>\n\t\t\t\t\t\t\t\t\t\t\t<span class=\"stmp_trans_date\">Fecha creaci\u00f3n: <span>06\/06\/2012 - 07:00:00<\/span><\/span><\/div>","protected":false},"excerpt":{"rendered":"<p>Tras la petici\u00f3n del Cabildo de Gran Canaria, la gesti\u00f3n del mismo pasa a ser auton\u00f3mica El consejero de Econom\u00eda, Hacienda y Seguridad del Gobierno de Canarias, Javier Gonz\u00e1lez Ortiz, acaba de declarar la situaci\u00f3n de emergencia en nivel de gravedad 2 del incendio forestal&#8230;<\/p>\n<div class=\"pvc_clear\"><\/div>\n<p id=\"pvc_stats_794\" class=\"pvc_stats all  \" data-element-id=\"794\" style=\"\"><i class=\"pvc-stats-icon medium\" aria-hidden=\"true\"><svg aria-hidden=\"true\" focusable=\"false\" data-prefix=\"far\" data-icon=\"chart-bar\" role=\"img\" xmlns=\"http:\/\/www.w3.org\/2000\/svg\" viewBox=\"0 0 512 512\" class=\"svg-inline--fa fa-chart-bar fa-w-16 fa-2x\"><path fill=\"currentColor\" d=\"M396.8 352h22.4c6.4 0 12.8-6.4 12.8-12.8V108.8c0-6.4-6.4-12.8-12.8-12.8h-22.4c-6.4 0-12.8 6.4-12.8 12.8v230.4c0 6.4 6.4 12.8 12.8 12.8zm-192 0h22.4c6.4 0 12.8-6.4 12.8-12.8V140.8c0-6.4-6.4-12.8-12.8-12.8h-22.4c-6.4 0-12.8 6.4-12.8 12.8v198.4c0 6.4 6.4 12.8 12.8 12.8zm96 0h22.4c6.4 0 12.8-6.4 12.8-12.8V204.8c0-6.4-6.4-12.8-12.8-12.8h-22.4c-6.4 0-12.8 6.4-12.8 12.8v134.4c0 6.4 6.4 12.8 12.8 12.8zM496 400H48V80c0-8.84-7.16-16-16-16H16C7.16 64 0 71.16 0 80v336c0 17.67 14.33 32 32 32h464c8.84 0 16-7.16 16-16v-16c0-8.84-7.16-16-16-16zm-387.2-48h22.4c6.4 0 12.8-6.4 12.8-12.8v-70.4c0-6.4-6.4-12.8-12.8-12.8h-22.4c-6.4 0-12.8 6.4-12.8 12.8v70.4c0 6.4 6.4 12.8 12.8 12.8z\" class=\"\"><\/path><\/svg><\/i> <img loading=\"lazy\" decoding=\"async\" width=\"16\" height=\"16\" alt=\"Loading\" src=\"https:\/\/www.112canarias.com\/112\/wp-content\/plugins\/page-views-count\/ajax-loader-2x.gif\" border=0 \/><\/p>\n<div class=\"pvc_clear\"><\/div>\n","protected":false},"author":1,"featured_media":1235,"comment_status":"open","ping_status":"open","sticky":false,"template":"","format":"standard","meta":{"footnotes":""},"categories":[10],"tags":[],"class_list":["post-794","post","type-post","status-publish","format-standard","has-post-thumbnail","hentry","category-ultimasnoticas"],"_links":{"self":[{"href":"https:\/\/www.112canarias.com\/112\/wp-json\/wp\/v2\/posts\/794","targetHints":{"allow":["GET"]}}],"collection":[{"href":"https:\/\/www.112canarias.com\/112\/wp-json\/wp\/v2\/posts"}],"about":[{"href":"https:\/\/www.112canarias.com\/112\/wp-json\/wp\/v2\/types\/post"}],"author":[{"embeddable":true,"href":"https:\/\/www.112canarias.com\/112\/wp-json\/wp\/v2\/users\/1"}],"replies":[{"embeddable":true,"href":"https:\/\/www.112canarias.com\/112\/wp-json\/wp\/v2\/comments?post=794"}],"version-history":[{"count":0,"href":"https:\/\/www.112canarias.com\/112\/wp-json\/wp\/v2\/posts\/794\/revisions"}],"wp:featuredmedia":[{"embeddable":true,"href":"https:\/\/www.112canarias.com\/112\/wp-json\/wp\/v2\/media\/1235"}],"wp:attachment":[{"href":"https:\/\/www.112canarias.com\/112\/wp-json\/wp\/v2\/media?parent=794"}],"wp:term":[{"taxonomy":"category","embeddable":true,"href":"https:\/\/www.112canarias.com\/112\/wp-json\/wp\/v2\/categories?post=794"},{"taxonomy":"post_tag","embeddable":true,"href":"https:\/\/www.112canarias.com\/112\/wp-json\/wp\/v2\/tags?post=794"}],"curies":[{"name":"wp","href":"https:\/\/api.w.org\/{rel}","templated":true}]}}