{"id":799,"date":"2016-08-12T11:39:29","date_gmt":"2016-08-12T11:39:29","guid":{"rendered":"http:\/\/www.112canarias.com\/112\/2016\/08\/12\/el-gobierno-de-canarias-declara-controlado-el-incendio-de-la-palma-y-baja-la-emergencia-a-nivel-i-asumiendo-la-direccion-el-cabildo-insular\/"},"modified":"2016-08-12T11:39:29","modified_gmt":"2016-08-12T11:39:29","slug":"el-gobierno-de-canarias-declara-controlado-el-incendio-de-la-palma-y-baja-la-emergencia-a-nivel-i-asumiendo-la-direccion-el-cabildo-insular","status":"publish","type":"post","link":"https:\/\/www.112canarias.com\/112\/el-gobierno-de-canarias-declara-controlado-el-incendio-de-la-palma-y-baja-la-emergencia-a-nivel-i-asumiendo-la-direccion-el-cabildo-insular\/","title":{"rendered":"El Gobierno de Canarias declara controlado el incendio de La Palma y baja la emergencia a nivel I, asumiendo la direcci\u00f3n el Cabildo insular"},"content":{"rendered":"<p style=\"text-align: justify;\">La Direcci\u00f3n General de Seguridad y Emergencias del Gobierno de Canarias declara controlado el incendio que ha afectado estos d\u00edas a los municipios de El Paso, Los Llanos, Fuencaliente y Villa de Mazo, en La Palma, y rebaja la emergencia a Nivel I. Las labores para pasar de controlado a liquidado quedan ahora bajo direcci\u00f3n del Cabildo insular.<\/p>\n<p>A pesar de la rebaja de la emergencia a Nivel I, el Gobierno seguir\u00e1 colaborando con dos nuevas cuadrillas con un total de 22 operarios y agentes que se ponen bajo la direcci\u00f3n del Cabildo de La Palma y se suman a los 30 con los que ya cuenta la Corporaci\u00f3n insular.<\/p>\n<p>El incendio se inici\u00f3 el 3 de agosto y se declar\u00f3 estabilizado a las 09:45 del 8 de agosto. Hoy, a las 12:00 horas, la direcci\u00f3n del Plan Especial de Protecci\u00f3n Civil y Atenci\u00f3n de Emergencias por Incendios Forestales de Canarias INFOCA lo ha declarado controlado, lo que significa que se ha logrado aislar y detener el avance y propagaci\u00f3n del fuego.<\/p>\n<p>A lo largo de estos d\u00edas, se han quemado 4.864 hect\u00e1reas y han sido evacuadas, en distintas fases del incendio, unos 3000 vecinos de los municipios afectados.<\/p>\n<p>En las labores de extinci\u00f3n han participado 568 efectivos en turnos de 300 y han intervenido hasta 13 medios a\u00e9reos.<\/p>\n<div class=\"pvc_clear\"><\/div>\n<p id=\"pvc_stats_799\" class=\"pvc_stats all  \" data-element-id=\"799\" style=\"\"><i class=\"pvc-stats-icon medium\" aria-hidden=\"true\"><svg aria-hidden=\"true\" focusable=\"false\" data-prefix=\"far\" data-icon=\"chart-bar\" role=\"img\" xmlns=\"http:\/\/www.w3.org\/2000\/svg\" viewBox=\"0 0 512 512\" class=\"svg-inline--fa fa-chart-bar fa-w-16 fa-2x\"><path fill=\"currentColor\" d=\"M396.8 352h22.4c6.4 0 12.8-6.4 12.8-12.8V108.8c0-6.4-6.4-12.8-12.8-12.8h-22.4c-6.4 0-12.8 6.4-12.8 12.8v230.4c0 6.4 6.4 12.8 12.8 12.8zm-192 0h22.4c6.4 0 12.8-6.4 12.8-12.8V140.8c0-6.4-6.4-12.8-12.8-12.8h-22.4c-6.4 0-12.8 6.4-12.8 12.8v198.4c0 6.4 6.4 12.8 12.8 12.8zm96 0h22.4c6.4 0 12.8-6.4 12.8-12.8V204.8c0-6.4-6.4-12.8-12.8-12.8h-22.4c-6.4 0-12.8 6.4-12.8 12.8v134.4c0 6.4 6.4 12.8 12.8 12.8zM496 400H48V80c0-8.84-7.16-16-16-16H16C7.16 64 0 71.16 0 80v336c0 17.67 14.33 32 32 32h464c8.84 0 16-7.16 16-16v-16c0-8.84-7.16-16-16-16zm-387.2-48h22.4c6.4 0 12.8-6.4 12.8-12.8v-70.4c0-6.4-6.4-12.8-12.8-12.8h-22.4c-6.4 0-12.8 6.4-12.8 12.8v70.4c0 6.4 6.4 12.8 12.8 12.8z\" class=\"\"><\/path><\/svg><\/i> <\/p>\n<div class=\"pvc_clear\"><\/div>\n<div class=\"print\"><span class=\"page_title\">P\u00e1gina: <span>El Gobierno de Canarias declara controlado el incendio de La Palma y baja la emergencia a nivel I, asumiendo la direcci\u00f3n el Cabildo insular<\/span><\/span>\n\t\t\t\t\t\t\t\t\t\t\t<span class=\"stmp_trans_date\">\u00daltima actualizaci\u00f3n: <span>12\/08\/2016 - 11:39:29<\/span><\/span>\n\t\t\t\t\t\t\t\t\t\t\t<span class=\"stmp_trans_date\">Fecha publicaci\u00f3n: <span>12\/08\/2016 - 11:39:29<\/span><\/span>\n\t\t\t\t\t\t\t\t\t\t\t<span class=\"stmp_trans_date\">Fecha creaci\u00f3n: <span>12\/08\/2016 - 11:39:29<\/span><\/span><\/div>","protected":false},"excerpt":{"rendered":"<p>La Direcci\u00f3n General de Seguridad y Emergencias del Gobierno de Canarias declara controlado el incendio que ha afectado estos d\u00edas a los municipios de El Paso, Los Llanos, Fuencaliente y Villa de Mazo, en La Palma, y rebaja la emergencia a Nivel I. Las labores&#8230;<\/p>\n<div class=\"pvc_clear\"><\/div>\n<p id=\"pvc_stats_799\" class=\"pvc_stats all  \" data-element-id=\"799\" style=\"\"><i class=\"pvc-stats-icon medium\" aria-hidden=\"true\"><svg aria-hidden=\"true\" focusable=\"false\" data-prefix=\"far\" data-icon=\"chart-bar\" role=\"img\" xmlns=\"http:\/\/www.w3.org\/2000\/svg\" viewBox=\"0 0 512 512\" class=\"svg-inline--fa fa-chart-bar fa-w-16 fa-2x\"><path fill=\"currentColor\" d=\"M396.8 352h22.4c6.4 0 12.8-6.4 12.8-12.8V108.8c0-6.4-6.4-12.8-12.8-12.8h-22.4c-6.4 0-12.8 6.4-12.8 12.8v230.4c0 6.4 6.4 12.8 12.8 12.8zm-192 0h22.4c6.4 0 12.8-6.4 12.8-12.8V140.8c0-6.4-6.4-12.8-12.8-12.8h-22.4c-6.4 0-12.8 6.4-12.8 12.8v198.4c0 6.4 6.4 12.8 12.8 12.8zm96 0h22.4c6.4 0 12.8-6.4 12.8-12.8V204.8c0-6.4-6.4-12.8-12.8-12.8h-22.4c-6.4 0-12.8 6.4-12.8 12.8v134.4c0 6.4 6.4 12.8 12.8 12.8zM496 400H48V80c0-8.84-7.16-16-16-16H16C7.16 64 0 71.16 0 80v336c0 17.67 14.33 32 32 32h464c8.84 0 16-7.16 16-16v-16c0-8.84-7.16-16-16-16zm-387.2-48h22.4c6.4 0 12.8-6.4 12.8-12.8v-70.4c0-6.4-6.4-12.8-12.8-12.8h-22.4c-6.4 0-12.8 6.4-12.8 12.8v70.4c0 6.4 6.4 12.8 12.8 12.8z\" class=\"\"><\/path><\/svg><\/i> <img loading=\"lazy\" decoding=\"async\" width=\"16\" height=\"16\" alt=\"Loading\" src=\"https:\/\/www.112canarias.com\/112\/wp-content\/plugins\/page-views-count\/ajax-loader-2x.gif\" border=0 \/><\/p>\n<div class=\"pvc_clear\"><\/div>\n","protected":false},"author":1,"featured_media":0,"comment_status":"open","ping_status":"open","sticky":false,"template":"","format":"standard","meta":{"footnotes":""},"categories":[10],"tags":[],"class_list":["post-799","post","type-post","status-publish","format-standard","has-post-thumbnail","hentry","category-ultimasnoticas"],"_links":{"self":[{"href":"https:\/\/www.112canarias.com\/112\/wp-json\/wp\/v2\/posts\/799","targetHints":{"allow":["GET"]}}],"collection":[{"href":"https:\/\/www.112canarias.com\/112\/wp-json\/wp\/v2\/posts"}],"about":[{"href":"https:\/\/www.112canarias.com\/112\/wp-json\/wp\/v2\/types\/post"}],"author":[{"embeddable":true,"href":"https:\/\/www.112canarias.com\/112\/wp-json\/wp\/v2\/users\/1"}],"replies":[{"embeddable":true,"href":"https:\/\/www.112canarias.com\/112\/wp-json\/wp\/v2\/comments?post=799"}],"version-history":[{"count":0,"href":"https:\/\/www.112canarias.com\/112\/wp-json\/wp\/v2\/posts\/799\/revisions"}],"wp:attachment":[{"href":"https:\/\/www.112canarias.com\/112\/wp-json\/wp\/v2\/media?parent=799"}],"wp:term":[{"taxonomy":"category","embeddable":true,"href":"https:\/\/www.112canarias.com\/112\/wp-json\/wp\/v2\/categories?post=799"},{"taxonomy":"post_tag","embeddable":true,"href":"https:\/\/www.112canarias.com\/112\/wp-json\/wp\/v2\/tags?post=799"}],"curies":[{"name":"wp","href":"https:\/\/api.w.org\/{rel}","templated":true}]}}