{"id":809,"date":"2014-05-29T14:09:55","date_gmt":"2014-05-29T14:09:55","guid":{"rendered":"http:\/\/www.112canarias.com\/112\/2014\/05\/29\/el-gobierno-de-canarias-participa-en-la-v-jornada-de-seguridad-y-emergencias-de-los-realejos\/"},"modified":"2014-05-29T14:09:55","modified_gmt":"2014-05-29T14:09:55","slug":"el-gobierno-de-canarias-participa-en-la-v-jornada-de-seguridad-y-emergencias-de-los-realejos","status":"publish","type":"post","link":"https:\/\/www.112canarias.com\/112\/el-gobierno-de-canarias-participa-en-la-v-jornada-de-seguridad-y-emergencias-de-los-realejos\/","title":{"rendered":"El Gobierno de Canarias participa en la V Jornada de Seguridad y Emergencias de Los Realejos"},"content":{"rendered":"<p style=\"text-align: justify;\">\u00a0<\/p>\n<p>29\/05\/2014<\/p>\n<p><\/p>\n<p style=\"text-align: justify;\"><strong>SUC, 1-1-2 Canarias, GES y Polic\u00eda Canaria intervinieron en un simulacro de rescate organizado por el Ayuntamiento<\/strong><\/p>\n<p>El Servicio de Urgencias Canario (SUC) y el 1-1-2 Canarias, servicios dependientes de las consejer\u00edas de Sanidad y de Econom\u00eda, Hacienda y Seguridad del Gobierno de Canarias, han participado hoy en la V Jornada de Seguridad y Emergencias de Los Realejos, organizada por el ayuntamiento de este municipio tinerfe\u00f1o. El Ejecutivo aut\u00f3nomo acudi\u00f3 tambi\u00e9n a este encuentro con el Grupo de Emergencias y Salvamento (GES), el Cuerpo General de la Polic\u00eda Canaria (CGPC) y el Puesto de Mando Avanzado (PMA) de la Direcci\u00f3n General de Seguridad y Emergencias.<\/p>\n<p>Desde las 10 hasta las 14 horas, la Finca El Llano acogi\u00f3 una exposici\u00f3n de recursos de emergencia donde los diferentes servicios intervinientes mostraron sus veh\u00edculos y el material con el que cuentan. Adem\u00e1s, en una zona anexa al lugar en el que se realiz\u00f3 la muestra, se llev\u00f3 a cabo un simulacro de rescate y asistencia, que estuvo coordinado desde el PMA desplazado por el Gobierno.<\/p>\n<p>El Servicio de Urgencias Canario (SUC) desplaz\u00f3 el Veh\u00edculo de Intervenci\u00f3n\u00a0 R\u00e1pida (VIR), la Unidad M\u00f3vil de Cat\u00e1strofes (UMCAT), recurso especializado en la atenci\u00f3n de m\u00faltiples v\u00edctimas, un veh\u00edculo de Log\u00edstica y una ambulancia medicalizada. Una docena de profesionales sanitarios entre m\u00e9dicos, gestores y t\u00e9cnicos participaron en el simulacro.<\/p>\n<p>Por otra parte, el 1-1-2 Canarias moviliz\u00f3 el veh\u00edculo de coordinaci\u00f3n y el remolque de comunicaciones junto a un gestor de recursos y a un t\u00e9cnico de la Unidad de Tecnolog\u00eda de la informaci\u00f3n y la comunicaci\u00f3n. El veh\u00edculo de coordinaci\u00f3n del 1-1-2 Canarias dispone de una c\u00e1mara desde la que se pueden enviar im\u00e1genes del incidente en tiempo real a las salas operativas del 1-1-2. Adem\u00e1s, el material que contiene el remolque, cuyo cometido es prestar apoyo log\u00edstico a las radiocomunicaciones entre los colectivos que intervienen en una situaci\u00f3n de\u00a0 emergencia,\u00a0 permite\u00a0 no s\u00f3lo\u00a0 reforzar\u00a0 las comunicaciones existentes en momentos puntuales de riesgo, sino que adem\u00e1s tiene la capacidad de dar cobertura a una zona en la que se haya registrado un incidente de gran envergadura. <\/p>\n<p>Asimismo, el Grupo de Emergencias y Salvamento del Gobierno de Canarias (GES) desplaz\u00f3 a la jornada un veh\u00edculo de comunicaciones, un equipo de la Unidad de Tierra con un veh\u00edculo todoterreno y un helic\u00f3ptero de rescate. <\/p>\n<p>Por \u00faltimo, el Cuerpo General de la Polic\u00eda Canaria acudi\u00f3 con una unidad de intervenci\u00f3n con 10 polic\u00edas y un oficial, veh\u00edculos y material de intervenci\u00f3n.<\/p>\n<div class=\"pvc_clear\"><\/div>\n<p id=\"pvc_stats_809\" class=\"pvc_stats all  \" data-element-id=\"809\" style=\"\"><i class=\"pvc-stats-icon medium\" aria-hidden=\"true\"><svg aria-hidden=\"true\" focusable=\"false\" data-prefix=\"far\" data-icon=\"chart-bar\" role=\"img\" xmlns=\"http:\/\/www.w3.org\/2000\/svg\" viewBox=\"0 0 512 512\" class=\"svg-inline--fa fa-chart-bar fa-w-16 fa-2x\"><path fill=\"currentColor\" d=\"M396.8 352h22.4c6.4 0 12.8-6.4 12.8-12.8V108.8c0-6.4-6.4-12.8-12.8-12.8h-22.4c-6.4 0-12.8 6.4-12.8 12.8v230.4c0 6.4 6.4 12.8 12.8 12.8zm-192 0h22.4c6.4 0 12.8-6.4 12.8-12.8V140.8c0-6.4-6.4-12.8-12.8-12.8h-22.4c-6.4 0-12.8 6.4-12.8 12.8v198.4c0 6.4 6.4 12.8 12.8 12.8zm96 0h22.4c6.4 0 12.8-6.4 12.8-12.8V204.8c0-6.4-6.4-12.8-12.8-12.8h-22.4c-6.4 0-12.8 6.4-12.8 12.8v134.4c0 6.4 6.4 12.8 12.8 12.8zM496 400H48V80c0-8.84-7.16-16-16-16H16C7.16 64 0 71.16 0 80v336c0 17.67 14.33 32 32 32h464c8.84 0 16-7.16 16-16v-16c0-8.84-7.16-16-16-16zm-387.2-48h22.4c6.4 0 12.8-6.4 12.8-12.8v-70.4c0-6.4-6.4-12.8-12.8-12.8h-22.4c-6.4 0-12.8 6.4-12.8 12.8v70.4c0 6.4 6.4 12.8 12.8 12.8z\" class=\"\"><\/path><\/svg><\/i> <\/p>\n<div class=\"pvc_clear\"><\/div>\n<div class=\"print\"><span class=\"page_title\">P\u00e1gina: <span>El Gobierno de Canarias participa en la V Jornada de Seguridad y Emergencias de Los Realejos<\/span><\/span>\n\t\t\t\t\t\t\t\t\t\t\t<span class=\"stmp_trans_date\">\u00daltima actualizaci\u00f3n: <span>29\/05\/2014 - 14:09:55<\/span><\/span>\n\t\t\t\t\t\t\t\t\t\t\t<span class=\"stmp_trans_date\">Fecha publicaci\u00f3n: <span>29\/05\/2014 - 14:09:55<\/span><\/span>\n\t\t\t\t\t\t\t\t\t\t\t<span class=\"stmp_trans_date\">Fecha creaci\u00f3n: <span>29\/05\/2014 - 14:09:55<\/span><\/span><\/div>","protected":false},"excerpt":{"rendered":"<p>\u00a0 29\/05\/2014 SUC, 1-1-2 Canarias, GES y Polic\u00eda Canaria intervinieron en un simulacro de rescate organizado por el Ayuntamiento El Servicio de Urgencias Canario (SUC) y el 1-1-2 Canarias, servicios dependientes de las consejer\u00edas de Sanidad y de Econom\u00eda, Hacienda y Seguridad del Gobierno de&#8230;<\/p>\n<div class=\"pvc_clear\"><\/div>\n<p id=\"pvc_stats_809\" class=\"pvc_stats all  \" data-element-id=\"809\" style=\"\"><i class=\"pvc-stats-icon medium\" aria-hidden=\"true\"><svg aria-hidden=\"true\" focusable=\"false\" data-prefix=\"far\" data-icon=\"chart-bar\" role=\"img\" xmlns=\"http:\/\/www.w3.org\/2000\/svg\" viewBox=\"0 0 512 512\" class=\"svg-inline--fa fa-chart-bar fa-w-16 fa-2x\"><path fill=\"currentColor\" d=\"M396.8 352h22.4c6.4 0 12.8-6.4 12.8-12.8V108.8c0-6.4-6.4-12.8-12.8-12.8h-22.4c-6.4 0-12.8 6.4-12.8 12.8v230.4c0 6.4 6.4 12.8 12.8 12.8zm-192 0h22.4c6.4 0 12.8-6.4 12.8-12.8V140.8c0-6.4-6.4-12.8-12.8-12.8h-22.4c-6.4 0-12.8 6.4-12.8 12.8v198.4c0 6.4 6.4 12.8 12.8 12.8zm96 0h22.4c6.4 0 12.8-6.4 12.8-12.8V204.8c0-6.4-6.4-12.8-12.8-12.8h-22.4c-6.4 0-12.8 6.4-12.8 12.8v134.4c0 6.4 6.4 12.8 12.8 12.8zM496 400H48V80c0-8.84-7.16-16-16-16H16C7.16 64 0 71.16 0 80v336c0 17.67 14.33 32 32 32h464c8.84 0 16-7.16 16-16v-16c0-8.84-7.16-16-16-16zm-387.2-48h22.4c6.4 0 12.8-6.4 12.8-12.8v-70.4c0-6.4-6.4-12.8-12.8-12.8h-22.4c-6.4 0-12.8 6.4-12.8 12.8v70.4c0 6.4 6.4 12.8 12.8 12.8z\" class=\"\"><\/path><\/svg><\/i> <img loading=\"lazy\" decoding=\"async\" width=\"16\" height=\"16\" alt=\"Loading\" src=\"https:\/\/www.112canarias.com\/112\/wp-content\/plugins\/page-views-count\/ajax-loader-2x.gif\" border=0 \/><\/p>\n<div class=\"pvc_clear\"><\/div>\n","protected":false},"author":1,"featured_media":0,"comment_status":"open","ping_status":"open","sticky":false,"template":"","format":"standard","meta":{"footnotes":""},"categories":[10],"tags":[],"class_list":["post-809","post","type-post","status-publish","format-standard","has-post-thumbnail","hentry","category-ultimasnoticas"],"_links":{"self":[{"href":"https:\/\/www.112canarias.com\/112\/wp-json\/wp\/v2\/posts\/809","targetHints":{"allow":["GET"]}}],"collection":[{"href":"https:\/\/www.112canarias.com\/112\/wp-json\/wp\/v2\/posts"}],"about":[{"href":"https:\/\/www.112canarias.com\/112\/wp-json\/wp\/v2\/types\/post"}],"author":[{"embeddable":true,"href":"https:\/\/www.112canarias.com\/112\/wp-json\/wp\/v2\/users\/1"}],"replies":[{"embeddable":true,"href":"https:\/\/www.112canarias.com\/112\/wp-json\/wp\/v2\/comments?post=809"}],"version-history":[{"count":0,"href":"https:\/\/www.112canarias.com\/112\/wp-json\/wp\/v2\/posts\/809\/revisions"}],"wp:attachment":[{"href":"https:\/\/www.112canarias.com\/112\/wp-json\/wp\/v2\/media?parent=809"}],"wp:term":[{"taxonomy":"category","embeddable":true,"href":"https:\/\/www.112canarias.com\/112\/wp-json\/wp\/v2\/categories?post=809"},{"taxonomy":"post_tag","embeddable":true,"href":"https:\/\/www.112canarias.com\/112\/wp-json\/wp\/v2\/tags?post=809"}],"curies":[{"name":"wp","href":"https:\/\/api.w.org\/{rel}","templated":true}]}}