{"id":820,"date":"2013-12-14T00:00:00","date_gmt":"2013-12-14T00:00:00","guid":{"rendered":"http:\/\/www.112canarias.com\/112\/2013\/12\/14\/el-suc-realizo-en-ingenio-talleres-de-reanimacion-cardiopulmonar-basica-e-iniciacion-al-trauma\/"},"modified":"2013-12-14T00:00:00","modified_gmt":"2013-12-14T00:00:00","slug":"el-suc-realizo-en-ingenio-talleres-de-reanimacion-cardiopulmonar-basica-e-iniciacion-al-trauma","status":"publish","type":"post","link":"https:\/\/www.112canarias.com\/112\/el-suc-realizo-en-ingenio-talleres-de-reanimacion-cardiopulmonar-basica-e-iniciacion-al-trauma\/","title":{"rendered":"El SUC realiz\u00f3, en Ingenio, talleres de reanimaci\u00f3n cardiopulmonar b\u00e1sica e  iniciaci\u00f3n al trauma"},"content":{"rendered":"<p><\/p>\n<p><strong>En el I Encuentro de Emergencias Civiles y Militares (EMERCIMIL)<\/strong><\/p>\n<p><strong style=\"line-height: 1.3em;\">El 1-1-2 expuso material de comunicaciones y mostr\u00f3 el helic\u00f3ptero no tripulado<\/strong><\/p>\n<p style=\"text-align: justify;\"><span style=\"line-height: 1.3em;\">El Servicio de Urgencias Canario (SUC) y el Centro Coordinador de Emergencias y Seguridad (CECOES) 1-1-2, dependientes de las consejer\u00edas de Sanidad y de Econom\u00eda, Hacienda y Seguridad del Gobierno de Canarias, participaron, durante el d\u00eda de hoy, en el I Encuentro de Emergencias Civiles y Militares (EMERCIMIL) que se inici\u00f3 el pasado viernes en el municipio grancanario de Ingenio.<\/span><\/p>\n<p style=\"text-align: justify;\"><span style=\"line-height: 1.3em;\">El objetivo de este encuentro es mostrar a la poblaci\u00f3n en general los recursos con los que cuentan los diferentes servicios de seguridad y emergencias que, d\u00eda a d\u00eda, participan en la resoluci\u00f3n de los diferentes incidentes que se producen en cualquier punto del Archipi\u00e9lago.<\/span><\/p>\n<p style=\"text-align: justify;\"><span style=\"line-height: 1.3em;\">Compartiendo esta l\u00ednea de trabajo, el SUC y el CECOES 1-1-2 participaron en la exposici\u00f3n de material que se celebr\u00f3, durante todo el d\u00eda de hoy, en la Avenida Carlos V y en la que los ciudadanos pudieron observar el trabajo que realizan estos servicios a lo largo de numerosos stands.<\/span><\/p>\n<p style=\"text-align: justify;\"><span style=\"line-height: 1.3em;\">En concreto, el SUC realiz\u00f3 la jornada talleres de reanimaci\u00f3n cardiopulmonar b\u00e1sica y de iniciaci\u00f3n al trauma que fueron impartidos por los t\u00e9cnicos de coordinaci\u00f3n. En el primero de ellos se le explic\u00f3 a los asistentes la importancia de la cadena de supervivencia, c\u00f3mo realizar correctamente maniobras de reanimaci\u00f3n cardiopulmonar b\u00e1sica y las l\u00edneas generales del funcionamiento de un desfibrilador semiautom\u00e1tico (DESA).<\/span><\/p>\n<p style=\"text-align: justify;\"><span style=\"line-height: 1.3em;\">En el segundo taller del SUC, los asistentes pudieron aprender las t\u00e9cnicas iniciales de asistencia ante un traumatismo, c\u00f3mo realizar el control  cervical y de las hemorragias y qu\u00e9 hacer ante quemaduras o lesiones \u00f3seas, entre otras cuestiones.  <\/span><\/p>\n<p style=\"text-align: justify;\"><span style=\"line-height: 1.3em;\">Adem\u00e1s de impartir estos talleres, el Servicio de Urgencias Canario desplaz\u00f3 a la zona la unidad de cat\u00e1strofes UMCAT con material sanitario para dar respuesta a emergencias en las que se produzcaun n\u00famero elevado de v\u00edctimas y un veh\u00edculo de intervenci\u00f3n r\u00e1pida (VIR), en cuya dotaci\u00f3n siempre va un m\u00e9dico de urgencias. Asimismo, el SUC despleg\u00f3 un Puesto M\u00e9dico Avanzado (PMA), con una capacidad de asistencia simult\u00e1nea de seis heridos, y el correspondiente material sanitario que se utiliza en \u00e9l.<\/span><\/p>\n<p style=\"text-align: justify;\"><span style=\"line-height: 1.3em;\">El desarrollo de todas estas actividades fueron llevadas a cabo por cuatro t\u00e9cnicos de coordinaci\u00f3n y un gestor de recursos.<\/span><\/p>\n<p style=\"text-align: justify;\"><span style=\"line-height: 1.3em;\">Por su parte, el Centro Coordinador de Emergencias y Seguridad (CECOES) 1-1-2 explic\u00f3 en su stand el funcionamiento de este servicio de emergencias y mostr\u00f3 los diferentes sistemas de comunicaci\u00f3n de los que dispone tales como la red TETRA, el env\u00edo de im\u00e1genes en tiempo real al CECOES desde el lugar de la emergencia y tel\u00e9fonos sat\u00e9lite, entre otros.<\/span><\/p>\n<p style=\"text-align: justify;\"><span style=\"line-height: 1.3em;\">Asimismo, realiz\u00f3  alguna demostraci\u00f3n del funcionamiento del helic\u00f3ptero no tripulado de que dispone y cuya aplicaci\u00f3n m\u00e1s interesante es su uso en incendios forestales en la medida que permite al 1-1-2 contar con im\u00e1genes en tiempo real de la situaci\u00f3n en que se encuentra el fuego, lo que permite tomar decisiones m\u00e1s eficaces y eficientes. Esta herramienta puede ser utilizada en la localizaci\u00f3n de personas desaparecidas, ya que se puede incorporar c\u00e1maras de infrarrojos lo que facilitar\u00eda las labores de b\u00fasqueda.<\/span><\/p>\n<p style=\"text-align: justify;\"><span style=\"line-height: 1.3em;\">Adem\u00e1s de este material, el 1-1-2 desplaz\u00f3 al lugar de la exposici\u00f3n un veh\u00edculo de coordinaci\u00f3n en el que se traslada todo este material en caso de emergencia as\u00ed como a un t\u00e9cnico de coordinaci\u00f3n y otro de comunicaciones que se encargaron de dar las explicaciones correspondientes a los visitantes del evento.   <\/span><\/p>\n<div class=\"pvc_clear\"><\/div>\n<p id=\"pvc_stats_820\" class=\"pvc_stats all  \" data-element-id=\"820\" style=\"\"><i class=\"pvc-stats-icon medium\" aria-hidden=\"true\"><svg aria-hidden=\"true\" focusable=\"false\" data-prefix=\"far\" data-icon=\"chart-bar\" role=\"img\" xmlns=\"http:\/\/www.w3.org\/2000\/svg\" viewBox=\"0 0 512 512\" class=\"svg-inline--fa fa-chart-bar fa-w-16 fa-2x\"><path fill=\"currentColor\" d=\"M396.8 352h22.4c6.4 0 12.8-6.4 12.8-12.8V108.8c0-6.4-6.4-12.8-12.8-12.8h-22.4c-6.4 0-12.8 6.4-12.8 12.8v230.4c0 6.4 6.4 12.8 12.8 12.8zm-192 0h22.4c6.4 0 12.8-6.4 12.8-12.8V140.8c0-6.4-6.4-12.8-12.8-12.8h-22.4c-6.4 0-12.8 6.4-12.8 12.8v198.4c0 6.4 6.4 12.8 12.8 12.8zm96 0h22.4c6.4 0 12.8-6.4 12.8-12.8V204.8c0-6.4-6.4-12.8-12.8-12.8h-22.4c-6.4 0-12.8 6.4-12.8 12.8v134.4c0 6.4 6.4 12.8 12.8 12.8zM496 400H48V80c0-8.84-7.16-16-16-16H16C7.16 64 0 71.16 0 80v336c0 17.67 14.33 32 32 32h464c8.84 0 16-7.16 16-16v-16c0-8.84-7.16-16-16-16zm-387.2-48h22.4c6.4 0 12.8-6.4 12.8-12.8v-70.4c0-6.4-6.4-12.8-12.8-12.8h-22.4c-6.4 0-12.8 6.4-12.8 12.8v70.4c0 6.4 6.4 12.8 12.8 12.8z\" class=\"\"><\/path><\/svg><\/i> <\/p>\n<div class=\"pvc_clear\"><\/div>\n<div class=\"print\"><span class=\"page_title\">P\u00e1gina: <span>El SUC realiz\u00f3, en Ingenio, talleres de reanimaci\u00f3n cardiopulmonar b\u00e1sica e  iniciaci\u00f3n al trauma<\/span><\/span>\n\t\t\t\t\t\t\t\t\t\t\t<span class=\"stmp_trans_date\">\u00daltima actualizaci\u00f3n: <span>14\/12\/2013 - 00:00:00<\/span><\/span>\n\t\t\t\t\t\t\t\t\t\t\t<span class=\"stmp_trans_date\">Fecha publicaci\u00f3n: <span>14\/12\/2013 - 00:00:00<\/span><\/span>\n\t\t\t\t\t\t\t\t\t\t\t<span class=\"stmp_trans_date\">Fecha creaci\u00f3n: <span>14\/12\/2013 - 00:00:00<\/span><\/span><\/div>","protected":false},"excerpt":{"rendered":"<p>En el I Encuentro de Emergencias Civiles y Militares (EMERCIMIL) El 1-1-2 expuso material de comunicaciones y mostr\u00f3 el helic\u00f3ptero no tripulado El Servicio de Urgencias Canario (SUC) y el Centro Coordinador de Emergencias y Seguridad (CECOES) 1-1-2, dependientes de las consejer\u00edas de Sanidad y&#8230;<\/p>\n<div class=\"pvc_clear\"><\/div>\n<p id=\"pvc_stats_820\" class=\"pvc_stats all  \" data-element-id=\"820\" style=\"\"><i class=\"pvc-stats-icon medium\" aria-hidden=\"true\"><svg aria-hidden=\"true\" focusable=\"false\" data-prefix=\"far\" data-icon=\"chart-bar\" role=\"img\" xmlns=\"http:\/\/www.w3.org\/2000\/svg\" viewBox=\"0 0 512 512\" class=\"svg-inline--fa fa-chart-bar fa-w-16 fa-2x\"><path fill=\"currentColor\" d=\"M396.8 352h22.4c6.4 0 12.8-6.4 12.8-12.8V108.8c0-6.4-6.4-12.8-12.8-12.8h-22.4c-6.4 0-12.8 6.4-12.8 12.8v230.4c0 6.4 6.4 12.8 12.8 12.8zm-192 0h22.4c6.4 0 12.8-6.4 12.8-12.8V140.8c0-6.4-6.4-12.8-12.8-12.8h-22.4c-6.4 0-12.8 6.4-12.8 12.8v198.4c0 6.4 6.4 12.8 12.8 12.8zm96 0h22.4c6.4 0 12.8-6.4 12.8-12.8V204.8c0-6.4-6.4-12.8-12.8-12.8h-22.4c-6.4 0-12.8 6.4-12.8 12.8v134.4c0 6.4 6.4 12.8 12.8 12.8zM496 400H48V80c0-8.84-7.16-16-16-16H16C7.16 64 0 71.16 0 80v336c0 17.67 14.33 32 32 32h464c8.84 0 16-7.16 16-16v-16c0-8.84-7.16-16-16-16zm-387.2-48h22.4c6.4 0 12.8-6.4 12.8-12.8v-70.4c0-6.4-6.4-12.8-12.8-12.8h-22.4c-6.4 0-12.8 6.4-12.8 12.8v70.4c0 6.4 6.4 12.8 12.8 12.8z\" class=\"\"><\/path><\/svg><\/i> <img loading=\"lazy\" decoding=\"async\" width=\"16\" height=\"16\" alt=\"Loading\" src=\"https:\/\/www.112canarias.com\/112\/wp-content\/plugins\/page-views-count\/ajax-loader-2x.gif\" border=0 \/><\/p>\n<div class=\"pvc_clear\"><\/div>\n","protected":false},"author":1,"featured_media":0,"comment_status":"open","ping_status":"open","sticky":false,"template":"","format":"standard","meta":{"footnotes":""},"categories":[10],"tags":[],"class_list":["post-820","post","type-post","status-publish","format-standard","has-post-thumbnail","hentry","category-ultimasnoticas"],"_links":{"self":[{"href":"https:\/\/www.112canarias.com\/112\/wp-json\/wp\/v2\/posts\/820","targetHints":{"allow":["GET"]}}],"collection":[{"href":"https:\/\/www.112canarias.com\/112\/wp-json\/wp\/v2\/posts"}],"about":[{"href":"https:\/\/www.112canarias.com\/112\/wp-json\/wp\/v2\/types\/post"}],"author":[{"embeddable":true,"href":"https:\/\/www.112canarias.com\/112\/wp-json\/wp\/v2\/users\/1"}],"replies":[{"embeddable":true,"href":"https:\/\/www.112canarias.com\/112\/wp-json\/wp\/v2\/comments?post=820"}],"version-history":[{"count":0,"href":"https:\/\/www.112canarias.com\/112\/wp-json\/wp\/v2\/posts\/820\/revisions"}],"wp:attachment":[{"href":"https:\/\/www.112canarias.com\/112\/wp-json\/wp\/v2\/media?parent=820"}],"wp:term":[{"taxonomy":"category","embeddable":true,"href":"https:\/\/www.112canarias.com\/112\/wp-json\/wp\/v2\/categories?post=820"},{"taxonomy":"post_tag","embeddable":true,"href":"https:\/\/www.112canarias.com\/112\/wp-json\/wp\/v2\/tags?post=820"}],"curies":[{"name":"wp","href":"https:\/\/api.w.org\/{rel}","templated":true}]}}