{"id":833,"date":"2017-06-14T23:00:00","date_gmt":"2017-06-14T23:00:00","guid":{"rendered":"http:\/\/www.112canarias.com\/112\/2017\/06\/14\/la-consejeria-de-politica-territorial-organiza-las-v-jornadas-sobre-tecnologia-y-nuevas-emergencias\/"},"modified":"2017-06-14T23:00:00","modified_gmt":"2017-06-14T23:00:00","slug":"la-consejeria-de-politica-territorial-organiza-las-v-jornadas-sobre-tecnologia-y-nuevas-emergencias","status":"publish","type":"post","link":"https:\/\/www.112canarias.com\/112\/la-consejeria-de-politica-territorial-organiza-las-v-jornadas-sobre-tecnologia-y-nuevas-emergencias\/","title":{"rendered":"La Consejer\u00eda de Pol\u00edtica Territorial organiza las V Jornadas sobre Tecnolog\u00eda y Nuevas Emergencias"},"content":{"rendered":"<p><\/p>\n<p style=\"text-align: justify;\"><strong>El camino hacia el futuro tecnol&oacute;gico en la gesti&oacute;n de emergencias<\/strong><strong> ser&aacute; el tema central de la jornada que se celebrar&aacute; el pr&oacute;ximo 21 de junio en Tenerife<\/strong><\/p>\n<p style=\"text-align: justify;\">La Direcci&oacute;n General de Seguridad y Emergencias, dependiente de la Consejer&iacute;a de Pol&iacute;tica Territorial, Sostenibilidad y Seguridad del Gobierno de Canarias, en estrecha colaboraci&oacute;n con el Centro Coordinador de Emergencias y Seguridad (CECOES) 1-1-2, organiza por quinto a&ntilde;o consecutivo las Jornadas sobre Tecnolog&iacute;a y Nuevas Emergencias, que en esta ocasi&oacute;n se centrar&aacute;n en el futuro tecnol&oacute;gico en la gesti&oacute;n de emergencias.<\/p>\n<p style=\"text-align: justify;\">El sal&oacute;n de actos de Presidencia de Gobierno en Santa Cruz de Tenerife acoger&aacute; el pr&oacute;ximo mi&eacute;rcoles 21 de junio esta Jornada que contar&aacute; con cuatro bloques tem&aacute;ticos. El primer bloque denominado &ldquo;Uso de la tecnolog&iacute;a avanzada para resolver situaciones cr&iacute;ticas&rdquo; contar&aacute;, entre otros ponentes, con la intervenci&oacute;n de David Carmona Salas, responsable de Inteligencia Artificial de Microsoft Corporation (EEUU), que hablar&aacute; de la Inteligencia Artificial como herramienta para la sociedad.&nbsp;&nbsp;&nbsp;&nbsp;&nbsp;&nbsp;&nbsp;&nbsp;<\/p>\n<p style=\"text-align: justify;\">El segundo bloque, dedicado a la gesti&oacute;n del conocimiento, contar&aacute; con la presencia de Santiago Gonz&aacute;lez, Director de Tecnolog&iacute;as e Innovaci&oacute;n de Synergic Partners, que nos trasladar&aacute; al futuro m&aacute;s inmediato sobre los modelos de predicci&oacute;n del crimen que se est&aacute;n desplegando ya en Estados Unidos.<\/p>\n<p style=\"text-align: justify;\">El tercer bloque analizar&aacute; la respuesta ante las nuevas amenazas globales como el reciente virus inform&aacute;tico Wanna.Cry y las posibles soluciones para la preservaci&oacute;n de la informaci&oacute;n ante amenazas externas. Por &uacute;ltimo, el cuarto bloque de intervenciones se situar&aacute; en los l&iacute;mites de la tecnolog&iacute;a para tratar la evoluci&oacute;n de los modelos de predicci&oacute;n meteorol&oacute;gica; nuevos m&eacute;todos de realidad aumentada; el uso avanzado de drones en emergencias, y las innovaciones en los sistemas de radiocomunicaciones de emergencias en cuanto a la transferencia de datos.<\/p>\n<p style=\"text-align: justify;\">Este encuentro anual se enmarca en la labor divulgativa que desarrolla la Direcci&oacute;n General de Seguridad y Emergencias para generar, por un lado, una cultura preventiva en la ciudadan&iacute;a que contribuya a una mejor resoluci&oacute;n de las emergencias y, por otro, favorecer entre los profesionales un mayor conocimiento de las nuevas oportunidades que ofrece el desarrollo tecnol&oacute;gico en el &aacute;mbito de las emergencias para as&iacute; mejorar la respuesta.<\/p>\n<div class=\"pvc_clear\"><\/div>\n<p id=\"pvc_stats_833\" class=\"pvc_stats all  \" data-element-id=\"833\" style=\"\"><i class=\"pvc-stats-icon medium\" aria-hidden=\"true\"><svg aria-hidden=\"true\" focusable=\"false\" data-prefix=\"far\" data-icon=\"chart-bar\" role=\"img\" xmlns=\"http:\/\/www.w3.org\/2000\/svg\" viewBox=\"0 0 512 512\" class=\"svg-inline--fa fa-chart-bar fa-w-16 fa-2x\"><path fill=\"currentColor\" d=\"M396.8 352h22.4c6.4 0 12.8-6.4 12.8-12.8V108.8c0-6.4-6.4-12.8-12.8-12.8h-22.4c-6.4 0-12.8 6.4-12.8 12.8v230.4c0 6.4 6.4 12.8 12.8 12.8zm-192 0h22.4c6.4 0 12.8-6.4 12.8-12.8V140.8c0-6.4-6.4-12.8-12.8-12.8h-22.4c-6.4 0-12.8 6.4-12.8 12.8v198.4c0 6.4 6.4 12.8 12.8 12.8zm96 0h22.4c6.4 0 12.8-6.4 12.8-12.8V204.8c0-6.4-6.4-12.8-12.8-12.8h-22.4c-6.4 0-12.8 6.4-12.8 12.8v134.4c0 6.4 6.4 12.8 12.8 12.8zM496 400H48V80c0-8.84-7.16-16-16-16H16C7.16 64 0 71.16 0 80v336c0 17.67 14.33 32 32 32h464c8.84 0 16-7.16 16-16v-16c0-8.84-7.16-16-16-16zm-387.2-48h22.4c6.4 0 12.8-6.4 12.8-12.8v-70.4c0-6.4-6.4-12.8-12.8-12.8h-22.4c-6.4 0-12.8 6.4-12.8 12.8v70.4c0 6.4 6.4 12.8 12.8 12.8z\" class=\"\"><\/path><\/svg><\/i> <\/p>\n<div class=\"pvc_clear\"><\/div>\n<div class=\"print\"><span class=\"page_title\">P\u00e1gina: <span>La Consejer\u00eda de Pol\u00edtica Territorial organiza las V Jornadas sobre Tecnolog\u00eda y Nuevas Emergencias<\/span><\/span>\n\t\t\t\t\t\t\t\t\t\t\t<span class=\"stmp_trans_date\">\u00daltima actualizaci\u00f3n: <span>14\/06\/2017 - 23:00:00<\/span><\/span>\n\t\t\t\t\t\t\t\t\t\t\t<span class=\"stmp_trans_date\">Fecha publicaci\u00f3n: <span>14\/06\/2017 - 23:00:00<\/span><\/span>\n\t\t\t\t\t\t\t\t\t\t\t<span class=\"stmp_trans_date\">Fecha creaci\u00f3n: <span>14\/06\/2017 - 23:00:00<\/span><\/span><\/div>","protected":false},"excerpt":{"rendered":"<p>El camino hacia el futuro tecnol&oacute;gico en la gesti&oacute;n de emergencias ser&aacute; el tema central de la jornada que se celebrar&aacute; el pr&oacute;ximo 21 de junio en Tenerife La Direcci&oacute;n General de Seguridad y Emergencias, dependiente de la Consejer&iacute;a de Pol&iacute;tica Territorial, Sostenibilidad y Seguridad&#8230;<\/p>\n<div class=\"pvc_clear\"><\/div>\n<p id=\"pvc_stats_833\" class=\"pvc_stats all  \" data-element-id=\"833\" style=\"\"><i class=\"pvc-stats-icon medium\" aria-hidden=\"true\"><svg aria-hidden=\"true\" focusable=\"false\" data-prefix=\"far\" data-icon=\"chart-bar\" role=\"img\" xmlns=\"http:\/\/www.w3.org\/2000\/svg\" viewBox=\"0 0 512 512\" class=\"svg-inline--fa fa-chart-bar fa-w-16 fa-2x\"><path fill=\"currentColor\" d=\"M396.8 352h22.4c6.4 0 12.8-6.4 12.8-12.8V108.8c0-6.4-6.4-12.8-12.8-12.8h-22.4c-6.4 0-12.8 6.4-12.8 12.8v230.4c0 6.4 6.4 12.8 12.8 12.8zm-192 0h22.4c6.4 0 12.8-6.4 12.8-12.8V140.8c0-6.4-6.4-12.8-12.8-12.8h-22.4c-6.4 0-12.8 6.4-12.8 12.8v198.4c0 6.4 6.4 12.8 12.8 12.8zm96 0h22.4c6.4 0 12.8-6.4 12.8-12.8V204.8c0-6.4-6.4-12.8-12.8-12.8h-22.4c-6.4 0-12.8 6.4-12.8 12.8v134.4c0 6.4 6.4 12.8 12.8 12.8zM496 400H48V80c0-8.84-7.16-16-16-16H16C7.16 64 0 71.16 0 80v336c0 17.67 14.33 32 32 32h464c8.84 0 16-7.16 16-16v-16c0-8.84-7.16-16-16-16zm-387.2-48h22.4c6.4 0 12.8-6.4 12.8-12.8v-70.4c0-6.4-6.4-12.8-12.8-12.8h-22.4c-6.4 0-12.8 6.4-12.8 12.8v70.4c0 6.4 6.4 12.8 12.8 12.8z\" class=\"\"><\/path><\/svg><\/i> <img loading=\"lazy\" decoding=\"async\" width=\"16\" height=\"16\" alt=\"Loading\" src=\"https:\/\/www.112canarias.com\/112\/wp-content\/plugins\/page-views-count\/ajax-loader-2x.gif\" border=0 \/><\/p>\n<div class=\"pvc_clear\"><\/div>\n","protected":false},"author":1,"featured_media":1342,"comment_status":"open","ping_status":"open","sticky":false,"template":"","format":"standard","meta":{"footnotes":""},"categories":[10],"tags":[],"class_list":["post-833","post","type-post","status-publish","format-standard","has-post-thumbnail","hentry","category-ultimasnoticas"],"_links":{"self":[{"href":"https:\/\/www.112canarias.com\/112\/wp-json\/wp\/v2\/posts\/833","targetHints":{"allow":["GET"]}}],"collection":[{"href":"https:\/\/www.112canarias.com\/112\/wp-json\/wp\/v2\/posts"}],"about":[{"href":"https:\/\/www.112canarias.com\/112\/wp-json\/wp\/v2\/types\/post"}],"author":[{"embeddable":true,"href":"https:\/\/www.112canarias.com\/112\/wp-json\/wp\/v2\/users\/1"}],"replies":[{"embeddable":true,"href":"https:\/\/www.112canarias.com\/112\/wp-json\/wp\/v2\/comments?post=833"}],"version-history":[{"count":0,"href":"https:\/\/www.112canarias.com\/112\/wp-json\/wp\/v2\/posts\/833\/revisions"}],"wp:featuredmedia":[{"embeddable":true,"href":"https:\/\/www.112canarias.com\/112\/wp-json\/wp\/v2\/media\/1342"}],"wp:attachment":[{"href":"https:\/\/www.112canarias.com\/112\/wp-json\/wp\/v2\/media?parent=833"}],"wp:term":[{"taxonomy":"category","embeddable":true,"href":"https:\/\/www.112canarias.com\/112\/wp-json\/wp\/v2\/categories?post=833"},{"taxonomy":"post_tag","embeddable":true,"href":"https:\/\/www.112canarias.com\/112\/wp-json\/wp\/v2\/tags?post=833"}],"curies":[{"name":"wp","href":"https:\/\/api.w.org\/{rel}","templated":true}]}}