{"id":834,"date":"2011-01-14T11:26:38","date_gmt":"2011-01-14T11:26:38","guid":{"rendered":"http:\/\/www.112canarias.com\/112\/2011\/01\/14\/la-direccion-general-de-seguridad-y-emergencias-coordina-el-dispositivo-de-busqueda-del-anciano-desaparecido-este-miercoles-en-tenerife\/"},"modified":"2011-01-14T11:26:38","modified_gmt":"2011-01-14T11:26:38","slug":"la-direccion-general-de-seguridad-y-emergencias-coordina-el-dispositivo-de-busqueda-del-anciano-desaparecido-este-miercoles-en-tenerife","status":"publish","type":"post","link":"https:\/\/www.112canarias.com\/112\/la-direccion-general-de-seguridad-y-emergencias-coordina-el-dispositivo-de-busqueda-del-anciano-desaparecido-este-miercoles-en-tenerife\/","title":{"rendered":"La Direcci\u00f3n General de Seguridad y Emergencias  coordina el dispositivo de b\u00fasqueda del anciano desaparecido este mi\u00e9rcoles en Tenerife"},"content":{"rendered":"<p style=\"text-align: justify;\"><span style=\"font-family: arial,helvetica,sans-serif;\"> <\/span><span style=\"font-family: arial,helvetica,sans-serif; font-size: small;\">14\/01\/2011<\/span><\/p>\n<p style=\"text-align: justify;\"><span style=\"font-family: arial,helvetica,sans-serif; font-size: small;\">El Centro Coordinador de Emergencias y Seguridad CECOES 1-1-2 del Gobierno de Canarias, servicio dependiente de la Consejer\u00eda de Presidencia, Justicia y Seguridad del Ejecutivo, est\u00e1 coordinando desde el d\u00eda de hoy, a trav\u00e9s de la Direcci\u00f3n General de Seguridad y Emergencias, el operativo de b\u00fasqueda del anciano desaparecido desde el mi\u00e9rcoles 12 de enero en las inmediaciones del municipio de La Laguna.<\/span><\/p>\n<p style=\"text-align: justify;\"><span style=\"font-family: arial,helvetica,sans-serif; font-size: small;\">Se trata de un var\u00f3n de unos 69 a\u00f1os, de complexi\u00f3n fuerte y 1.60m de estatura, que viste pantal\u00f3n de chandal gris y chaqueta oscura.<\/span><\/p>\n<p style=\"text-align: justify;\"><span style=\"font-family: arial,helvetica,sans-serif; font-size: small;\">En el dispositivo de b\u00fasqueda est\u00e1n participando en el d\u00eda de hoy Cuerpo General de la Polic\u00eda Canaria con ocho efectivos, dos mandos, y cuatro veh\u00edculos de tipo intervenci\u00f3n, radio patrulla y todoterreno; Grupo de Emergencias y Salvamento (GES) del Gobierno de Canarias con tres efectivos, un mando y dos veh\u00edculos; Protecci\u00f3n Civil de La Laguna con tres efectivos; Protecci\u00f3n Civil de La Guancha con 18 efectivos; Cruz Roja con dos efectivos y un veh\u00edculo todoterreno; Ayuda en Emergencias Anaga (AEA) con seis efectivos, una unidad canina y cuatro veh\u00edculos; as\u00ed como las Polic\u00edas Locales de los municipios de Santa Cruz de Tenerife, La Laguna y La Guancha.<\/span><\/p>\n<p style=\"text-align: justify;\"><span style=\"font-family: arial,helvetica,sans-serif; font-size: small;\">Adem\u00e1s la Direcci\u00f3n General de Seguridad y Emergencias del Gobierno de Canarias ha establecido un Puesto de Mando Avanzado (PMA) con el puesto de comunicaciones en la Plaza de San Bartolom\u00e9 de Geneto desde donde se coordina todo el operativo.<\/span><\/p>\n<p style=\"text-align: justify;\"><span style=\"font-family: arial,helvetica,sans-serif; font-size: small;\">Cualquier persona que pudiera verlo deber\u00e1 ponerse en contacto con el 1-1-2 a fin de facilitar su localizaci\u00f3n.<\/span><\/p>\n<p style=\"text-align: justify;\"><span style=\"font-family: arial,helvetica,sans-serif;\"> <\/span><\/p>\n<p style=\"text-align: justify;\"><span style=\"font-family: arial,helvetica,sans-serif; font-size: small;\"><strong><span style=\"color: #808080;\"> <\/span><\/strong><\/span><\/p>\n<div class=\"pvc_clear\"><\/div>\n<p id=\"pvc_stats_834\" class=\"pvc_stats all  \" data-element-id=\"834\" style=\"\"><i class=\"pvc-stats-icon medium\" aria-hidden=\"true\"><svg aria-hidden=\"true\" focusable=\"false\" data-prefix=\"far\" data-icon=\"chart-bar\" role=\"img\" xmlns=\"http:\/\/www.w3.org\/2000\/svg\" viewBox=\"0 0 512 512\" class=\"svg-inline--fa fa-chart-bar fa-w-16 fa-2x\"><path fill=\"currentColor\" d=\"M396.8 352h22.4c6.4 0 12.8-6.4 12.8-12.8V108.8c0-6.4-6.4-12.8-12.8-12.8h-22.4c-6.4 0-12.8 6.4-12.8 12.8v230.4c0 6.4 6.4 12.8 12.8 12.8zm-192 0h22.4c6.4 0 12.8-6.4 12.8-12.8V140.8c0-6.4-6.4-12.8-12.8-12.8h-22.4c-6.4 0-12.8 6.4-12.8 12.8v198.4c0 6.4 6.4 12.8 12.8 12.8zm96 0h22.4c6.4 0 12.8-6.4 12.8-12.8V204.8c0-6.4-6.4-12.8-12.8-12.8h-22.4c-6.4 0-12.8 6.4-12.8 12.8v134.4c0 6.4 6.4 12.8 12.8 12.8zM496 400H48V80c0-8.84-7.16-16-16-16H16C7.16 64 0 71.16 0 80v336c0 17.67 14.33 32 32 32h464c8.84 0 16-7.16 16-16v-16c0-8.84-7.16-16-16-16zm-387.2-48h22.4c6.4 0 12.8-6.4 12.8-12.8v-70.4c0-6.4-6.4-12.8-12.8-12.8h-22.4c-6.4 0-12.8 6.4-12.8 12.8v70.4c0 6.4 6.4 12.8 12.8 12.8z\" class=\"\"><\/path><\/svg><\/i> <\/p>\n<div class=\"pvc_clear\"><\/div>\n<div class=\"print\"><span class=\"page_title\">P\u00e1gina: <span>La Direcci\u00f3n General de Seguridad y Emergencias  coordina el dispositivo de b\u00fasqueda del anciano desaparecido este mi\u00e9rcoles en Tenerife<\/span><\/span>\n\t\t\t\t\t\t\t\t\t\t\t<span class=\"stmp_trans_date\">\u00daltima actualizaci\u00f3n: <span>14\/01\/2011 - 11:26:38<\/span><\/span>\n\t\t\t\t\t\t\t\t\t\t\t<span class=\"stmp_trans_date\">Fecha publicaci\u00f3n: <span>14\/01\/2011 - 11:26:38<\/span><\/span>\n\t\t\t\t\t\t\t\t\t\t\t<span class=\"stmp_trans_date\">Fecha creaci\u00f3n: <span>14\/01\/2011 - 11:26:38<\/span><\/span><\/div>","protected":false},"excerpt":{"rendered":"<p>14\/01\/2011 El Centro Coordinador de Emergencias y Seguridad CECOES 1-1-2 del Gobierno de Canarias, servicio dependiente de la Consejer\u00eda de Presidencia, Justicia y Seguridad del Ejecutivo, est\u00e1 coordinando desde el d\u00eda de hoy, a trav\u00e9s de la Direcci\u00f3n General de Seguridad y Emergencias, el operativo&#8230;<\/p>\n<div class=\"pvc_clear\"><\/div>\n<p id=\"pvc_stats_834\" class=\"pvc_stats all  \" data-element-id=\"834\" style=\"\"><i class=\"pvc-stats-icon medium\" aria-hidden=\"true\"><svg aria-hidden=\"true\" focusable=\"false\" data-prefix=\"far\" data-icon=\"chart-bar\" role=\"img\" xmlns=\"http:\/\/www.w3.org\/2000\/svg\" viewBox=\"0 0 512 512\" class=\"svg-inline--fa fa-chart-bar fa-w-16 fa-2x\"><path fill=\"currentColor\" d=\"M396.8 352h22.4c6.4 0 12.8-6.4 12.8-12.8V108.8c0-6.4-6.4-12.8-12.8-12.8h-22.4c-6.4 0-12.8 6.4-12.8 12.8v230.4c0 6.4 6.4 12.8 12.8 12.8zm-192 0h22.4c6.4 0 12.8-6.4 12.8-12.8V140.8c0-6.4-6.4-12.8-12.8-12.8h-22.4c-6.4 0-12.8 6.4-12.8 12.8v198.4c0 6.4 6.4 12.8 12.8 12.8zm96 0h22.4c6.4 0 12.8-6.4 12.8-12.8V204.8c0-6.4-6.4-12.8-12.8-12.8h-22.4c-6.4 0-12.8 6.4-12.8 12.8v134.4c0 6.4 6.4 12.8 12.8 12.8zM496 400H48V80c0-8.84-7.16-16-16-16H16C7.16 64 0 71.16 0 80v336c0 17.67 14.33 32 32 32h464c8.84 0 16-7.16 16-16v-16c0-8.84-7.16-16-16-16zm-387.2-48h22.4c6.4 0 12.8-6.4 12.8-12.8v-70.4c0-6.4-6.4-12.8-12.8-12.8h-22.4c-6.4 0-12.8 6.4-12.8 12.8v70.4c0 6.4 6.4 12.8 12.8 12.8z\" class=\"\"><\/path><\/svg><\/i> <img loading=\"lazy\" decoding=\"async\" width=\"16\" height=\"16\" alt=\"Loading\" src=\"https:\/\/www.112canarias.com\/112\/wp-content\/plugins\/page-views-count\/ajax-loader-2x.gif\" border=0 \/><\/p>\n<div class=\"pvc_clear\"><\/div>\n","protected":false},"author":1,"featured_media":0,"comment_status":"open","ping_status":"open","sticky":false,"template":"","format":"standard","meta":{"footnotes":""},"categories":[10],"tags":[],"class_list":["post-834","post","type-post","status-publish","format-standard","has-post-thumbnail","hentry","category-ultimasnoticas"],"_links":{"self":[{"href":"https:\/\/www.112canarias.com\/112\/wp-json\/wp\/v2\/posts\/834","targetHints":{"allow":["GET"]}}],"collection":[{"href":"https:\/\/www.112canarias.com\/112\/wp-json\/wp\/v2\/posts"}],"about":[{"href":"https:\/\/www.112canarias.com\/112\/wp-json\/wp\/v2\/types\/post"}],"author":[{"embeddable":true,"href":"https:\/\/www.112canarias.com\/112\/wp-json\/wp\/v2\/users\/1"}],"replies":[{"embeddable":true,"href":"https:\/\/www.112canarias.com\/112\/wp-json\/wp\/v2\/comments?post=834"}],"version-history":[{"count":0,"href":"https:\/\/www.112canarias.com\/112\/wp-json\/wp\/v2\/posts\/834\/revisions"}],"wp:attachment":[{"href":"https:\/\/www.112canarias.com\/112\/wp-json\/wp\/v2\/media?parent=834"}],"wp:term":[{"taxonomy":"category","embeddable":true,"href":"https:\/\/www.112canarias.com\/112\/wp-json\/wp\/v2\/categories?post=834"},{"taxonomy":"post_tag","embeddable":true,"href":"https:\/\/www.112canarias.com\/112\/wp-json\/wp\/v2\/tags?post=834"}],"curies":[{"name":"wp","href":"https:\/\/api.w.org\/{rel}","templated":true}]}}