{"id":837,"date":"2012-03-26T10:26:38","date_gmt":"2012-03-26T10:26:38","guid":{"rendered":"http:\/\/www.112canarias.com\/112\/2012\/03\/26\/la-policia-autonomica-se-integra-en-el-centro-coordinador-de-seguridad-y-emergencias-cecoes-1-1-2\/"},"modified":"2012-03-26T10:26:38","modified_gmt":"2012-03-26T10:26:38","slug":"la-policia-autonomica-se-integra-en-el-centro-coordinador-de-seguridad-y-emergencias-cecoes-1-1-2","status":"publish","type":"post","link":"https:\/\/www.112canarias.com\/112\/la-policia-autonomica-se-integra-en-el-centro-coordinador-de-seguridad-y-emergencias-cecoes-1-1-2\/","title":{"rendered":"La Polic\u00eda Auton\u00f3mica se integra en el Centro Coordinador de Seguridad y Emergencias CECOES 1-1-2"},"content":{"rendered":"<p style=\"text-align: justify;\"><\/p>\n<p style=\"text-align: justify;\"><strong>Un agente del Cuerpo General de la Polic\u00eda Canaria estar\u00e1 presente en las salas operativas de Santa Cruz de Tenerife y Las Palmas<\/strong><\/p>\n<p style=\"text-align: justify;\">El Cuerpo General de la Polic\u00eda Canaria (CGPC) est\u00e1 ya integrado en la estructura del Centro Coordinador de Emergencias y Seguridad, CECOES 1-1-2, para garantizar la aportaci\u00f3n de una respuesta eficaz y r\u00e1pida a las alarmas de emergencia que se produzcan y mejorar la atenci\u00f3n al ciudadano.Para ello, un agente perteneciente al cuerpo General de la Polic\u00eda Canaria tendr\u00e1 presencia f\u00edsica en las salas operativas del CECOES 1-1-2, en Santa Cruz de Tenerife y Las Palmas, desempe\u00f1ando las funciones de T\u00e9cnico Sectorial de Seguridad, con el que los agentes en servicio estar\u00e1n en contacto permanente utilizando como medio de comunicaci\u00f3n los equipos TETRA o la red telef\u00f3nica operativa.<\/p>\n<p style=\"text-align: justify;\">El t\u00e9cnico sectorial estar\u00e1 a su vez coordinado con los responsables de coordinaci\u00f3n multisectorial del 1-1-2 consiguiendo un intercambio de informaci\u00f3n que permite el mejor servicio posible ante la recepci\u00f3n, transmisi\u00f3n y coordinaci\u00f3n de llamadas y situaciones de emergencia.<\/p>\n<p style=\"text-align: justify;\">De esta forma el Centro Coordinador tendr\u00e1 conocimiento diario de la localizaci\u00f3n de los agentes del CGPC para activarlos en funci\u00f3n de sus competencias, o en funci\u00f3n de la operatividad en la atenci\u00f3n de las emergencias.<\/p>\n<p style=\"text-align: justify;\">Recordemos que en el CECOES 1-1-2 se integran los operadores policiales y las actividades y servicios de las organizaciones de car\u00e1cter p\u00fablico y privado relacionados con la prevenci\u00f3n planificaci\u00f3n, atenci\u00f3n, socorro, seguridad, asistencia t\u00e9cnica o profesional de personas, bienes o derechos en operaciones de seguridad y emergencia.<\/p>\n<p style=\"text-align: justify;\">\n<p style=\"text-align: justify;\"><span style=\"font-family: arial,helvetica,sans-serif; font-size: small;\"><strong><span style=\"color: #808080;\"> <\/span><\/strong><\/span><\/p>\n<div class=\"pvc_clear\"><\/div>\n<p id=\"pvc_stats_837\" class=\"pvc_stats all  \" data-element-id=\"837\" style=\"\"><i class=\"pvc-stats-icon medium\" aria-hidden=\"true\"><svg aria-hidden=\"true\" focusable=\"false\" data-prefix=\"far\" data-icon=\"chart-bar\" role=\"img\" xmlns=\"http:\/\/www.w3.org\/2000\/svg\" viewBox=\"0 0 512 512\" class=\"svg-inline--fa fa-chart-bar fa-w-16 fa-2x\"><path fill=\"currentColor\" d=\"M396.8 352h22.4c6.4 0 12.8-6.4 12.8-12.8V108.8c0-6.4-6.4-12.8-12.8-12.8h-22.4c-6.4 0-12.8 6.4-12.8 12.8v230.4c0 6.4 6.4 12.8 12.8 12.8zm-192 0h22.4c6.4 0 12.8-6.4 12.8-12.8V140.8c0-6.4-6.4-12.8-12.8-12.8h-22.4c-6.4 0-12.8 6.4-12.8 12.8v198.4c0 6.4 6.4 12.8 12.8 12.8zm96 0h22.4c6.4 0 12.8-6.4 12.8-12.8V204.8c0-6.4-6.4-12.8-12.8-12.8h-22.4c-6.4 0-12.8 6.4-12.8 12.8v134.4c0 6.4 6.4 12.8 12.8 12.8zM496 400H48V80c0-8.84-7.16-16-16-16H16C7.16 64 0 71.16 0 80v336c0 17.67 14.33 32 32 32h464c8.84 0 16-7.16 16-16v-16c0-8.84-7.16-16-16-16zm-387.2-48h22.4c6.4 0 12.8-6.4 12.8-12.8v-70.4c0-6.4-6.4-12.8-12.8-12.8h-22.4c-6.4 0-12.8 6.4-12.8 12.8v70.4c0 6.4 6.4 12.8 12.8 12.8z\" class=\"\"><\/path><\/svg><\/i> <\/p>\n<div class=\"pvc_clear\"><\/div>\n<div class=\"print\"><span class=\"page_title\">P\u00e1gina: <span>La Polic\u00eda Auton\u00f3mica se integra en el Centro Coordinador de Seguridad y Emergencias CECOES 1-1-2<\/span><\/span>\n\t\t\t\t\t\t\t\t\t\t\t<span class=\"stmp_trans_date\">\u00daltima actualizaci\u00f3n: <span>26\/03\/2012 - 10:26:38<\/span><\/span>\n\t\t\t\t\t\t\t\t\t\t\t<span class=\"stmp_trans_date\">Fecha publicaci\u00f3n: <span>26\/03\/2012 - 10:26:38<\/span><\/span>\n\t\t\t\t\t\t\t\t\t\t\t<span class=\"stmp_trans_date\">Fecha creaci\u00f3n: <span>26\/03\/2012 - 10:26:38<\/span><\/span><\/div>","protected":false},"excerpt":{"rendered":"<p>Un agente del Cuerpo General de la Polic\u00eda Canaria estar\u00e1 presente en las salas operativas de Santa Cruz de Tenerife y Las Palmas El Cuerpo General de la Polic\u00eda Canaria (CGPC) est\u00e1 ya integrado en la estructura del Centro Coordinador de Emergencias y Seguridad, CECOES&#8230;<\/p>\n<div class=\"pvc_clear\"><\/div>\n<p id=\"pvc_stats_837\" class=\"pvc_stats all  \" data-element-id=\"837\" style=\"\"><i class=\"pvc-stats-icon medium\" aria-hidden=\"true\"><svg aria-hidden=\"true\" focusable=\"false\" data-prefix=\"far\" data-icon=\"chart-bar\" role=\"img\" xmlns=\"http:\/\/www.w3.org\/2000\/svg\" viewBox=\"0 0 512 512\" class=\"svg-inline--fa fa-chart-bar fa-w-16 fa-2x\"><path fill=\"currentColor\" d=\"M396.8 352h22.4c6.4 0 12.8-6.4 12.8-12.8V108.8c0-6.4-6.4-12.8-12.8-12.8h-22.4c-6.4 0-12.8 6.4-12.8 12.8v230.4c0 6.4 6.4 12.8 12.8 12.8zm-192 0h22.4c6.4 0 12.8-6.4 12.8-12.8V140.8c0-6.4-6.4-12.8-12.8-12.8h-22.4c-6.4 0-12.8 6.4-12.8 12.8v198.4c0 6.4 6.4 12.8 12.8 12.8zm96 0h22.4c6.4 0 12.8-6.4 12.8-12.8V204.8c0-6.4-6.4-12.8-12.8-12.8h-22.4c-6.4 0-12.8 6.4-12.8 12.8v134.4c0 6.4 6.4 12.8 12.8 12.8zM496 400H48V80c0-8.84-7.16-16-16-16H16C7.16 64 0 71.16 0 80v336c0 17.67 14.33 32 32 32h464c8.84 0 16-7.16 16-16v-16c0-8.84-7.16-16-16-16zm-387.2-48h22.4c6.4 0 12.8-6.4 12.8-12.8v-70.4c0-6.4-6.4-12.8-12.8-12.8h-22.4c-6.4 0-12.8 6.4-12.8 12.8v70.4c0 6.4 6.4 12.8 12.8 12.8z\" class=\"\"><\/path><\/svg><\/i> <img loading=\"lazy\" decoding=\"async\" width=\"16\" height=\"16\" alt=\"Loading\" src=\"https:\/\/www.112canarias.com\/112\/wp-content\/plugins\/page-views-count\/ajax-loader-2x.gif\" border=0 \/><\/p>\n<div class=\"pvc_clear\"><\/div>\n","protected":false},"author":1,"featured_media":1230,"comment_status":"open","ping_status":"open","sticky":false,"template":"","format":"standard","meta":{"footnotes":""},"categories":[10],"tags":[],"class_list":["post-837","post","type-post","status-publish","format-standard","has-post-thumbnail","hentry","category-ultimasnoticas"],"_links":{"self":[{"href":"https:\/\/www.112canarias.com\/112\/wp-json\/wp\/v2\/posts\/837","targetHints":{"allow":["GET"]}}],"collection":[{"href":"https:\/\/www.112canarias.com\/112\/wp-json\/wp\/v2\/posts"}],"about":[{"href":"https:\/\/www.112canarias.com\/112\/wp-json\/wp\/v2\/types\/post"}],"author":[{"embeddable":true,"href":"https:\/\/www.112canarias.com\/112\/wp-json\/wp\/v2\/users\/1"}],"replies":[{"embeddable":true,"href":"https:\/\/www.112canarias.com\/112\/wp-json\/wp\/v2\/comments?post=837"}],"version-history":[{"count":0,"href":"https:\/\/www.112canarias.com\/112\/wp-json\/wp\/v2\/posts\/837\/revisions"}],"wp:featuredmedia":[{"embeddable":true,"href":"https:\/\/www.112canarias.com\/112\/wp-json\/wp\/v2\/media\/1230"}],"wp:attachment":[{"href":"https:\/\/www.112canarias.com\/112\/wp-json\/wp\/v2\/media?parent=837"}],"wp:term":[{"taxonomy":"category","embeddable":true,"href":"https:\/\/www.112canarias.com\/112\/wp-json\/wp\/v2\/categories?post=837"},{"taxonomy":"post_tag","embeddable":true,"href":"https:\/\/www.112canarias.com\/112\/wp-json\/wp\/v2\/tags?post=837"}],"curies":[{"name":"wp","href":"https:\/\/api.w.org\/{rel}","templated":true}]}}