{"id":8477,"date":"2025-02-17T13:17:59","date_gmt":"2025-02-17T13:17:59","guid":{"rendered":"https:\/\/www.112canarias.com\/112\/?p=8477"},"modified":"2025-02-17T13:17:59","modified_gmt":"2025-02-17T13:17:59","slug":"la-direccion-general-de-emergencias-declara-la-situacion-de-alerta-por-fenomenos-costeros","status":"publish","type":"post","link":"https:\/\/www.112canarias.com\/112\/la-direccion-general-de-emergencias-declara-la-situacion-de-alerta-por-fenomenos-costeros\/","title":{"rendered":"La Direcci\u00f3n General de Emergencias declara la situaci\u00f3n de alerta por fen\u00f3menos costeros"},"content":{"rendered":"<p>El Gobierno de Canarias, a trav\u00e9s de la Direcci\u00f3n General de Emergencias, ha actualizado la situaci\u00f3n y declara la alerta por fen\u00f3menos costeros en las islas de Tenerife, La Palma, El Hierro, Fuerteventura y Lanzarote a partir de las 22:00 horas de hoy, 17 de febrero.<\/p>\n<p>Esta decisi\u00f3n se toma teniendo en cuenta la informaci\u00f3n facilitada por la Agencia Estatal de Meteorolog\u00eda y otras fuentes disponibles, y en aplicaci\u00f3n del Plan Espec\u00edfico de Emergencias de Canarias por Riesgos de Fen\u00f3menos Meteorol\u00f3gicos Adversos (PEFMA).<\/p>\n<p><strong>\u00c1mbito territorial de la alerta:\u00a0<\/strong><\/p>\n<p>Litoral norte y oeste de La Palma, El Hierro, Fuerteventura y Lanzarote, y costa norte de Tenerife.<\/p>\n<p><strong>\u00c1mbito territorial de la prealerta:\u00a0<\/strong><br \/>\nLitoral norte y oeste de La Gomera, la costa este de La Palma y el litoral norte de Gran Canaria permanecer\u00e1n en situaci\u00f3n de prealerta.<\/p>\n<p><strong>Observaciones:\u00a0\u00a0<\/strong><\/p>\n<p>Mal estado del mar. Oleaje de mar combinada de 3 \u2013 5,5 m. Viento de componente oeste, que rolar\u00e1 al noroeste en la primera mitad del martes, al norte por la noche y al nordeste en la primera mitad del mi\u00e9rcoles. Fuerza 5 (29 \u2013 38 km\/h) con \u00e1reas de fuerza 6 (39 \u2013 49 km\/h). Marejada \u2013 Fuerte Marejada, y mar de fondo del noroeste de 3 a 5 m.<\/p>\n<p>Pleamar martes 18: 03:50 \u2013 04:35 h y 16:15 \u2013 16:55 h<br \/>\nPleamar mi\u00e9rcoles 19: 04:30 \u2013 05:10 h y 16:55 \u2013 17:35 h<\/p>\n<p>Se insta a la poblaci\u00f3n a seguir los siguientes\u00a0<a href=\"https:\/\/www.gobiernodecanarias.org\/emergencias\/alertas\/consejos\/costeros\/costeros.html\">consejos de autoprotecci\u00f3n<\/a>\u00a0de la Direcci\u00f3n General de Emergencias.<\/p>\n<p><a href=\"https:\/\/www3.gobiernodecanarias.org\/noticias\/wp-content\/uploads\/2025\/02\/25-02-17-Actualizacion-9-2025-PEFMA-Alerta-y-Prealerta_fenomenos-costeros-FIRMADO.pdf\">25-02-17 Actualizacion 9 2025 PEFMA Alerta y Prealerta_fenomenos costeros FIRMADO<\/a><\/p>\n<p><a href=\"https:\/\/www3.gobiernodecanarias.org\/noticias\/wp-content\/uploads\/2025\/02\/RECOMENDACIONES-POBLACION-FENOMENOS-COSTEROS_.pdf\">RECOMENDACIONES POBLACI\u00d3N FEN\u00d3MENOS COSTEROS_<\/a><\/p>\n<div class=\"pvc_clear\"><\/div>\n<p id=\"pvc_stats_8477\" class=\"pvc_stats all  \" data-element-id=\"8477\" style=\"\"><i class=\"pvc-stats-icon medium\" aria-hidden=\"true\"><svg aria-hidden=\"true\" focusable=\"false\" data-prefix=\"far\" data-icon=\"chart-bar\" role=\"img\" xmlns=\"http:\/\/www.w3.org\/2000\/svg\" viewBox=\"0 0 512 512\" class=\"svg-inline--fa fa-chart-bar fa-w-16 fa-2x\"><path fill=\"currentColor\" d=\"M396.8 352h22.4c6.4 0 12.8-6.4 12.8-12.8V108.8c0-6.4-6.4-12.8-12.8-12.8h-22.4c-6.4 0-12.8 6.4-12.8 12.8v230.4c0 6.4 6.4 12.8 12.8 12.8zm-192 0h22.4c6.4 0 12.8-6.4 12.8-12.8V140.8c0-6.4-6.4-12.8-12.8-12.8h-22.4c-6.4 0-12.8 6.4-12.8 12.8v198.4c0 6.4 6.4 12.8 12.8 12.8zm96 0h22.4c6.4 0 12.8-6.4 12.8-12.8V204.8c0-6.4-6.4-12.8-12.8-12.8h-22.4c-6.4 0-12.8 6.4-12.8 12.8v134.4c0 6.4 6.4 12.8 12.8 12.8zM496 400H48V80c0-8.84-7.16-16-16-16H16C7.16 64 0 71.16 0 80v336c0 17.67 14.33 32 32 32h464c8.84 0 16-7.16 16-16v-16c0-8.84-7.16-16-16-16zm-387.2-48h22.4c6.4 0 12.8-6.4 12.8-12.8v-70.4c0-6.4-6.4-12.8-12.8-12.8h-22.4c-6.4 0-12.8 6.4-12.8 12.8v70.4c0 6.4 6.4 12.8 12.8 12.8z\" class=\"\"><\/path><\/svg><\/i> <\/p>\n<div class=\"pvc_clear\"><\/div>\n<div class=\"print\"><span class=\"page_title\">P\u00e1gina: <span>La Direcci\u00f3n General de Emergencias declara la situaci\u00f3n de alerta por fen\u00f3menos costeros<\/span><\/span>\n\t\t\t\t\t\t\t\t\t\t\t<span class=\"stmp_trans_date\">\u00daltima actualizaci\u00f3n: <span>17\/02\/2025 - 13:17:59<\/span><\/span>\n\t\t\t\t\t\t\t\t\t\t\t<span class=\"stmp_trans_date\">Fecha publicaci\u00f3n: <span>17\/02\/2025 - 13:17:59<\/span><\/span>\n\t\t\t\t\t\t\t\t\t\t\t<span class=\"stmp_trans_date\">Fecha creaci\u00f3n: <span>17\/02\/2025 - 13:17:59<\/span><\/span><\/div>","protected":false},"excerpt":{"rendered":"<p>El Gobierno de Canarias, a trav\u00e9s de la Direcci\u00f3n General de Emergencias, ha actualizado la situaci\u00f3n y declara la alerta por fen\u00f3menos costeros en las islas de Tenerife, La Palma, El Hierro, Fuerteventura y Lanzarote a partir de las 22:00 horas de hoy, 17 de&#8230;<\/p>\n<div class=\"pvc_clear\"><\/div>\n<p id=\"pvc_stats_8477\" class=\"pvc_stats all  \" data-element-id=\"8477\" style=\"\"><i class=\"pvc-stats-icon medium\" aria-hidden=\"true\"><svg aria-hidden=\"true\" focusable=\"false\" data-prefix=\"far\" data-icon=\"chart-bar\" role=\"img\" xmlns=\"http:\/\/www.w3.org\/2000\/svg\" viewBox=\"0 0 512 512\" class=\"svg-inline--fa fa-chart-bar fa-w-16 fa-2x\"><path fill=\"currentColor\" d=\"M396.8 352h22.4c6.4 0 12.8-6.4 12.8-12.8V108.8c0-6.4-6.4-12.8-12.8-12.8h-22.4c-6.4 0-12.8 6.4-12.8 12.8v230.4c0 6.4 6.4 12.8 12.8 12.8zm-192 0h22.4c6.4 0 12.8-6.4 12.8-12.8V140.8c0-6.4-6.4-12.8-12.8-12.8h-22.4c-6.4 0-12.8 6.4-12.8 12.8v198.4c0 6.4 6.4 12.8 12.8 12.8zm96 0h22.4c6.4 0 12.8-6.4 12.8-12.8V204.8c0-6.4-6.4-12.8-12.8-12.8h-22.4c-6.4 0-12.8 6.4-12.8 12.8v134.4c0 6.4 6.4 12.8 12.8 12.8zM496 400H48V80c0-8.84-7.16-16-16-16H16C7.16 64 0 71.16 0 80v336c0 17.67 14.33 32 32 32h464c8.84 0 16-7.16 16-16v-16c0-8.84-7.16-16-16-16zm-387.2-48h22.4c6.4 0 12.8-6.4 12.8-12.8v-70.4c0-6.4-6.4-12.8-12.8-12.8h-22.4c-6.4 0-12.8 6.4-12.8 12.8v70.4c0 6.4 6.4 12.8 12.8 12.8z\" class=\"\"><\/path><\/svg><\/i> <img loading=\"lazy\" decoding=\"async\" width=\"16\" height=\"16\" alt=\"Loading\" src=\"https:\/\/www.112canarias.com\/112\/wp-content\/plugins\/page-views-count\/ajax-loader-2x.gif\" border=0 \/><\/p>\n<div class=\"pvc_clear\"><\/div>\n","protected":false},"author":5,"featured_media":8341,"comment_status":"closed","ping_status":"open","sticky":false,"template":"","format":"standard","meta":{"footnotes":""},"categories":[9,10],"tags":[],"class_list":["post-8477","post","type-post","status-publish","format-standard","has-post-thumbnail","hentry","category-noticias","category-ultimasnoticas"],"_links":{"self":[{"href":"https:\/\/www.112canarias.com\/112\/wp-json\/wp\/v2\/posts\/8477","targetHints":{"allow":["GET"]}}],"collection":[{"href":"https:\/\/www.112canarias.com\/112\/wp-json\/wp\/v2\/posts"}],"about":[{"href":"https:\/\/www.112canarias.com\/112\/wp-json\/wp\/v2\/types\/post"}],"author":[{"embeddable":true,"href":"https:\/\/www.112canarias.com\/112\/wp-json\/wp\/v2\/users\/5"}],"replies":[{"embeddable":true,"href":"https:\/\/www.112canarias.com\/112\/wp-json\/wp\/v2\/comments?post=8477"}],"version-history":[{"count":1,"href":"https:\/\/www.112canarias.com\/112\/wp-json\/wp\/v2\/posts\/8477\/revisions"}],"predecessor-version":[{"id":8478,"href":"https:\/\/www.112canarias.com\/112\/wp-json\/wp\/v2\/posts\/8477\/revisions\/8478"}],"wp:featuredmedia":[{"embeddable":true,"href":"https:\/\/www.112canarias.com\/112\/wp-json\/wp\/v2\/media\/8341"}],"wp:attachment":[{"href":"https:\/\/www.112canarias.com\/112\/wp-json\/wp\/v2\/media?parent=8477"}],"wp:term":[{"taxonomy":"category","embeddable":true,"href":"https:\/\/www.112canarias.com\/112\/wp-json\/wp\/v2\/categories?post=8477"},{"taxonomy":"post_tag","embeddable":true,"href":"https:\/\/www.112canarias.com\/112\/wp-json\/wp\/v2\/tags?post=8477"}],"curies":[{"name":"wp","href":"https:\/\/api.w.org\/{rel}","templated":true}]}}