{"id":876,"date":"2019-03-02T11:17:00","date_gmt":"2019-03-02T11:17:00","guid":{"rendered":"http:\/\/www.112canarias.com\/112\/2019\/03\/02\/un-motorista-herido-tras-sufrir-una-accidente-con-un-turismo-en-tenerife\/"},"modified":"2019-03-02T11:17:00","modified_gmt":"2019-03-02T11:17:00","slug":"un-motorista-herido-tras-sufrir-una-accidente-con-un-turismo-en-tenerife","status":"publish","type":"post","link":"https:\/\/www.112canarias.com\/112\/un-motorista-herido-tras-sufrir-una-accidente-con-un-turismo-en-tenerife\/","title":{"rendered":"Un motorista herido tras sufrir una accidente con un turismo en Tenerife"},"content":{"rendered":"<div class=\"detalleNoticia-bloqueTitulosNoticia\" style=\"text-align: left; padding: 0px; color: #373737; font-family: Arial; font-size: 14px;\">\n<div class=\"titulo_noticia\">\n<div id=\"subtitulo\" class=\"subtitulo\" style=\"color: #333333; font-family: Arial, Verdana; letter-spacing: 0px; text-align: left; line-height: normal; margin: 0px 0px 10px; font-size: 12px;\">\n<div id=\"subtitulo\" class=\"subtitulo\" style=\"color: #333333; font-family: Arial, Verdana; letter-spacing: 0px; text-align: left; line-height: normal; margin: 0px 0px 10px; font-size: 12px;\"><span id=\"autor\" style=\"margin: 0px; padding: 0px; line-height: normal; color: #00529c;\">Por 1-1-2 Canarias\u00a0<\/span><span id=\"fecha\" style=\"margin: 0px; padding: 0px; color: #444444; font-size: 10px; line-height: normal;\">02 de marzo del 2019\u00a0<\/span><\/div>\n<div class=\"subtitulo\" style=\"color: #333333; font-family: Arial, Verdana; letter-spacing: 0px; text-align: left; line-height: normal; margin: 0px 0px 10px; font-size: 12px;\">Carretera Cuesta-Taco, La Laguna<\/div>\n<\/div>\n<\/div>\n<\/div>\n<div class=\"ancho100 margen_inf10px\" style=\"margin-bottom: 10px; color: #373737; font-family: Arial; font-size: 14px; text-align: left;\">\n\u00a0<\/div>\n<div class=\"herramientas\" style=\"color: #616161; text-align: left; padding: 0px; line-height: 11px; margin: 5px 20px 5px 0px; float: left; font-size: 11px; font-family: Arial;\">\u00a0<\/div>\n<div class=\"compartir\" style=\"color: #616161; text-align: left; padding: 0px; line-height: 11px; float: right; font-size: 11px; font-family: Arial;\">\u00a0<\/div>\n<div class=\"pie_bloq\" style=\"clear: both; font-size: 0px; line-height: 0; color: #373737; font-family: Arial; text-align: left;\">\u00a0<\/div>\n<div id=\"zonaAmpliarTexto1\" class=\"detalleNoticia-zonaAmpliarTexto\" style=\"font-size: 12px; line-height: normal; font-family: Arial, Verdana; color: #333333; text-align: left;\">\n<div id=\"texto_noticia\" style=\"margin: 0px 0px 1em; line-height: 17px; font-size: 14px; text-align: justify;\">\n<div id=\"subtitulo\" class=\"subtitulo\" style=\"letter-spacing: 0px; text-align: left; line-height: normal; margin: 0px 0px 10px; font-size: 12px; font-family: Arial, Verdana;\"><span id=\"autor\" style=\"margin: 0px; padding: 0px; text-align: left; font-size: 12px; line-height: normal; font-family: Arial, Verdana; color: #00529c;\">Por 1-1-2 Canarias\u00a0<\/span><span id=\"fecha\" style=\"margin: 0px; padding: 0px; color: #444444; font-size: 10px; text-align: left; line-height: normal; font-family: Arial, Verdana;\">02 de marzo del 2019<\/span><\/div>\n<div class=\"subtitulo\" style=\"letter-spacing: 0px; text-align: left; line-height: normal; margin: 0px 0px 10px; font-size: 12px; font-family: Arial, Verdana;\">Carretera Cuesta-Taco, La Laguna<\/div>\n<div class=\"subtitulo\" style=\"letter-spacing: 0px; text-align: left; line-height: normal; margin: 0px 0px 10px; font-size: 12px; font-family: Arial, Verdana;\">\u00a0<\/div>\n<p style=\"margin: 0px 0px 1em; line-height: 17px;\"><strong>Lugar, fecha y hora del incidente:<\/strong><\/p>\n<p style=\"margin: 0px 0px 1em; line-height: 17px;\">02\/03\/2019<span style=\"color: #ff0000; font-family: Arial, Verdana; font-size: 14px; text-align: justify;\"><br \/><\/span><\/p>\n<p style=\"margin: 0px 0px 1em; line-height: 17px;\">08:31 horas<\/p>\n<p style=\"margin: 0px 0px 1em; line-height: 17px;\">Carretera Cuesta-Taco, La Laguna<\/p>\n<p style=\"margin: 0px 0px 1em; line-height: 17px;\"><strong>Valoraci\u00f3n de los afectados proporcionada por el SUC:<\/strong><\/p>\n<p style=\"margin: 0px 0px 1em; line-height: 17px;\"><span style=\"color: #333333; font-family: Arial, Verdana; font-size: 14px; text-align: justify;\">&#8211;\u00a0Var\u00f3n de 38 a\u00f1os que, en el momento inicial de la asistencia, presenta policontusiones y traumatismo en miembro inferior de car\u00e1cter moderado, trasladado al Hospital Universitario de Canarias.<\/span><\/p>\n<p style=\"margin: 0px 0px 1em; line-height: 17px;\"><strong>Servicios intervinientes activados por el CECOES 1-1-2:<\/strong><\/p>\n<p><span>&#8211; Servicio de Urgencias Canario (SUC): una ambulancia de soporte vital b\u00e1sico<\/span><\/p>\n<p>&#8211; Polic\u00eda Local<\/p>\n<p style=\"margin: 0px 0px 1em; line-height: 17px;\">\u00a0<strong>Observaciones:<\/strong><\/p>\n<p><span>&#8211; A la hora arriba indicada se recibe alerta en el Centro Coordinador de Seguridad y Emergencias (CECOES) 1-1-2 informando de la colisi\u00f3n de un veh\u00edculo y una motocicleta, en la que hab\u00eda resultado herido el motorista.<\/span><\/p>\n<p><span>&#8211; El 1-1-2 activ\u00f3 de inmediato a los recursos de emergencia necesarios.<\/span><\/p>\n<p>&#8211; El personal sanitario del SUC asisti\u00f3 al afectado y una vez inmovilizado realiz\u00f3 su traslado al hospital.<\/p>\n<p><span>&#8211; La Polic\u00eda Local realiz\u00f3 las diligencias correspondientes<\/span><\/p>\n<\/div>\n<\/div>\n<div class=\"pvc_clear\"><\/div>\n<p id=\"pvc_stats_876\" class=\"pvc_stats all  \" data-element-id=\"876\" style=\"\"><i class=\"pvc-stats-icon medium\" aria-hidden=\"true\"><svg aria-hidden=\"true\" focusable=\"false\" data-prefix=\"far\" data-icon=\"chart-bar\" role=\"img\" xmlns=\"http:\/\/www.w3.org\/2000\/svg\" viewBox=\"0 0 512 512\" class=\"svg-inline--fa fa-chart-bar fa-w-16 fa-2x\"><path fill=\"currentColor\" d=\"M396.8 352h22.4c6.4 0 12.8-6.4 12.8-12.8V108.8c0-6.4-6.4-12.8-12.8-12.8h-22.4c-6.4 0-12.8 6.4-12.8 12.8v230.4c0 6.4 6.4 12.8 12.8 12.8zm-192 0h22.4c6.4 0 12.8-6.4 12.8-12.8V140.8c0-6.4-6.4-12.8-12.8-12.8h-22.4c-6.4 0-12.8 6.4-12.8 12.8v198.4c0 6.4 6.4 12.8 12.8 12.8zm96 0h22.4c6.4 0 12.8-6.4 12.8-12.8V204.8c0-6.4-6.4-12.8-12.8-12.8h-22.4c-6.4 0-12.8 6.4-12.8 12.8v134.4c0 6.4 6.4 12.8 12.8 12.8zM496 400H48V80c0-8.84-7.16-16-16-16H16C7.16 64 0 71.16 0 80v336c0 17.67 14.33 32 32 32h464c8.84 0 16-7.16 16-16v-16c0-8.84-7.16-16-16-16zm-387.2-48h22.4c6.4 0 12.8-6.4 12.8-12.8v-70.4c0-6.4-6.4-12.8-12.8-12.8h-22.4c-6.4 0-12.8 6.4-12.8 12.8v70.4c0 6.4 6.4 12.8 12.8 12.8z\" class=\"\"><\/path><\/svg><\/i> <\/p>\n<div class=\"pvc_clear\"><\/div>\n<div class=\"print\"><span class=\"page_title\">P\u00e1gina: <span>Un motorista herido tras sufrir una accidente con un turismo en Tenerife<\/span><\/span>\n\t\t\t\t\t\t\t\t\t\t\t<span class=\"stmp_trans_date\">\u00daltima actualizaci\u00f3n: <span>02\/03\/2019 - 11:17:00<\/span><\/span>\n\t\t\t\t\t\t\t\t\t\t\t<span class=\"stmp_trans_date\">Fecha publicaci\u00f3n: <span>02\/03\/2019 - 11:17:00<\/span><\/span>\n\t\t\t\t\t\t\t\t\t\t\t<span class=\"stmp_trans_date\">Fecha creaci\u00f3n: <span>02\/03\/2019 - 11:17:00<\/span><\/span><\/div>","protected":false},"excerpt":{"rendered":"<p>Por 1-1-2 Canarias\u00a002 de marzo del 2019\u00a0 Carretera Cuesta-Taco, La Laguna \u00a0 \u00a0 \u00a0 \u00a0 Por 1-1-2 Canarias\u00a002 de marzo del 2019 Carretera Cuesta-Taco, La Laguna \u00a0 Lugar, fecha y hora del incidente: 02\/03\/2019 08:31 horas Carretera Cuesta-Taco, La Laguna Valoraci\u00f3n de los afectados proporcionada&#8230;<\/p>\n<div class=\"pvc_clear\"><\/div>\n<p id=\"pvc_stats_876\" class=\"pvc_stats all  \" data-element-id=\"876\" style=\"\"><i class=\"pvc-stats-icon medium\" aria-hidden=\"true\"><svg aria-hidden=\"true\" focusable=\"false\" data-prefix=\"far\" data-icon=\"chart-bar\" role=\"img\" xmlns=\"http:\/\/www.w3.org\/2000\/svg\" viewBox=\"0 0 512 512\" class=\"svg-inline--fa fa-chart-bar fa-w-16 fa-2x\"><path fill=\"currentColor\" d=\"M396.8 352h22.4c6.4 0 12.8-6.4 12.8-12.8V108.8c0-6.4-6.4-12.8-12.8-12.8h-22.4c-6.4 0-12.8 6.4-12.8 12.8v230.4c0 6.4 6.4 12.8 12.8 12.8zm-192 0h22.4c6.4 0 12.8-6.4 12.8-12.8V140.8c0-6.4-6.4-12.8-12.8-12.8h-22.4c-6.4 0-12.8 6.4-12.8 12.8v198.4c0 6.4 6.4 12.8 12.8 12.8zm96 0h22.4c6.4 0 12.8-6.4 12.8-12.8V204.8c0-6.4-6.4-12.8-12.8-12.8h-22.4c-6.4 0-12.8 6.4-12.8 12.8v134.4c0 6.4 6.4 12.8 12.8 12.8zM496 400H48V80c0-8.84-7.16-16-16-16H16C7.16 64 0 71.16 0 80v336c0 17.67 14.33 32 32 32h464c8.84 0 16-7.16 16-16v-16c0-8.84-7.16-16-16-16zm-387.2-48h22.4c6.4 0 12.8-6.4 12.8-12.8v-70.4c0-6.4-6.4-12.8-12.8-12.8h-22.4c-6.4 0-12.8 6.4-12.8 12.8v70.4c0 6.4 6.4 12.8 12.8 12.8z\" class=\"\"><\/path><\/svg><\/i> <img loading=\"lazy\" decoding=\"async\" width=\"16\" height=\"16\" alt=\"Loading\" src=\"https:\/\/www.112canarias.com\/112\/wp-content\/plugins\/page-views-count\/ajax-loader-2x.gif\" border=0 \/><\/p>\n<div class=\"pvc_clear\"><\/div>\n","protected":false},"author":1,"featured_media":0,"comment_status":"open","ping_status":"open","sticky":false,"template":"","format":"standard","meta":{"footnotes":""},"categories":[1],"tags":[],"class_list":["post-876","post","type-post","status-publish","format-standard","has-post-thumbnail","hentry","category-uncategorized"],"_links":{"self":[{"href":"https:\/\/www.112canarias.com\/112\/wp-json\/wp\/v2\/posts\/876","targetHints":{"allow":["GET"]}}],"collection":[{"href":"https:\/\/www.112canarias.com\/112\/wp-json\/wp\/v2\/posts"}],"about":[{"href":"https:\/\/www.112canarias.com\/112\/wp-json\/wp\/v2\/types\/post"}],"author":[{"embeddable":true,"href":"https:\/\/www.112canarias.com\/112\/wp-json\/wp\/v2\/users\/1"}],"replies":[{"embeddable":true,"href":"https:\/\/www.112canarias.com\/112\/wp-json\/wp\/v2\/comments?post=876"}],"version-history":[{"count":0,"href":"https:\/\/www.112canarias.com\/112\/wp-json\/wp\/v2\/posts\/876\/revisions"}],"wp:attachment":[{"href":"https:\/\/www.112canarias.com\/112\/wp-json\/wp\/v2\/media?parent=876"}],"wp:term":[{"taxonomy":"category","embeddable":true,"href":"https:\/\/www.112canarias.com\/112\/wp-json\/wp\/v2\/categories?post=876"},{"taxonomy":"post_tag","embeddable":true,"href":"https:\/\/www.112canarias.com\/112\/wp-json\/wp\/v2\/tags?post=876"}],"curies":[{"name":"wp","href":"https:\/\/api.w.org\/{rel}","templated":true}]}}