{"id":889,"date":"2014-05-29T12:56:54","date_gmt":"2014-05-29T12:56:54","guid":{"rendered":"http:\/\/www.112canarias.com\/112\/2014\/05\/29\/cumplimos16-con-este-lema-el-1-1-2-canarias-celebra-su-decimo-sexto-aniversario\/"},"modified":"2014-05-29T12:56:54","modified_gmt":"2014-05-29T12:56:54","slug":"cumplimos16-con-este-lema-el-1-1-2-canarias-celebra-su-decimo-sexto-aniversario","status":"publish","type":"post","link":"https:\/\/www.112canarias.com\/112\/cumplimos16-con-este-lema-el-1-1-2-canarias-celebra-su-decimo-sexto-aniversario\/","title":{"rendered":"\u201cCumplimos16\u201d, con este lema el 1-1-2 Canarias celebra su d\u00e9cimo sexto aniversario"},"content":{"rendered":"<p style=\"text-align: justify;\"><\/p>\n<p style=\"text-align: justify;\"><strong>Una campa\u00f1a informativa en redes sociales afianzar\u00e1 el conocimiento de este servicio en la poblaci\u00f3n<\/strong> <\/p>\n<p>El Centro Coordinador de Emergencias y Seguridad (CECOES) 1-1-2, dependiente de la Consejer\u00eda de Econom\u00eda, Hacienda y Seguridad del Gobierno de Canarias, cumple ma\u00f1ana viernes, 30 de mayo,\u00a0 16 a\u00f1os desde su puesta en marcha. Durante este per\u00edodo ha recibido un total de 37.550.917 llamadas, lo que supone 5.666 diarias, y ha coordinado la resoluci\u00f3n de 6.775.855 incidentes en todo el Archipi\u00e9lago.<\/p>\n<p>Adem\u00e1s, el 1-1-2 Canarias ha dado respuesta a casi 6.200.000 personas, 1.281 al d\u00eda, que requer\u00edan la asistencia de alg\u00fan tipo de servicio de emergencia, bien sanitario, de seguridad o de extinci\u00f3n de incendios, salvamento y rescate. De \u00e9stas, algo m\u00e1s de 2.000.000, es decir, 373 diarias, se encontraban en una situaci\u00f3n de emergencia lo que significa de peligro inminente para su vida, sus bienes o sus derechos.<\/p>\n<p>Para conmemorar este d\u00e9cimo sexto aniversario, el 1-1-2 de Canarias realizar\u00e1 una acci\u00f3n informativa en redes sociales a trav\u00e9s de su perfil @112Canarias, que con dos a\u00f1os de vida cuenta con m\u00e1s de 56.000 seguidores. <\/p>\n<p>Bajo el hashtag #Cumplimos16, el 1-1-2 Canarias enviar\u00e1 durante estos d\u00edas diferentes tweets con contenido referido a c\u00f3mo hacer un buen uso del servicio de emergencias; las herramientas tecnol\u00f3gicas de que dispone -como la aplicaci\u00f3n para personas con discapacidad auditiva SOMU o la aplicaci\u00f3n para smartphone FRESS 112-; y el perfil de los profesionales que del \u00e1mbito de la sanidad, seguridad o extinci\u00f3n de incendios y salvamento trabajan en este servicio, entre otros. \u00a0<\/p>\n<p>Estos datos ponen de manifiesto el continuo trabajo realizado por el \u00c1rea de Seguridad y Emergencias del Gobierno de Canarias desde el nacimiento del CECOES 1-1-2, el 30 de mayo de 1998, d\u00eda en que el Archipi\u00e9lago se integr\u00f3 en el Sistema Europeo de Atenci\u00f3n de Urgencias y Emergencias, tal como se establec\u00eda en la Decisi\u00f3n de la Uni\u00f3n Europea 396\/1991 por la que se recomendaba la puesta en marcha de un \u00fanico n\u00famero de tel\u00e9fono, el 1-1-2, para acceder a todos los servicios de urgencia de cada uno de los pa\u00edses comunitarios.<\/p>\n<div class=\"pvc_clear\"><\/div>\n<p id=\"pvc_stats_889\" class=\"pvc_stats all  \" data-element-id=\"889\" style=\"\"><i class=\"pvc-stats-icon medium\" aria-hidden=\"true\"><svg aria-hidden=\"true\" focusable=\"false\" data-prefix=\"far\" data-icon=\"chart-bar\" role=\"img\" xmlns=\"http:\/\/www.w3.org\/2000\/svg\" viewBox=\"0 0 512 512\" class=\"svg-inline--fa fa-chart-bar fa-w-16 fa-2x\"><path fill=\"currentColor\" d=\"M396.8 352h22.4c6.4 0 12.8-6.4 12.8-12.8V108.8c0-6.4-6.4-12.8-12.8-12.8h-22.4c-6.4 0-12.8 6.4-12.8 12.8v230.4c0 6.4 6.4 12.8 12.8 12.8zm-192 0h22.4c6.4 0 12.8-6.4 12.8-12.8V140.8c0-6.4-6.4-12.8-12.8-12.8h-22.4c-6.4 0-12.8 6.4-12.8 12.8v198.4c0 6.4 6.4 12.8 12.8 12.8zm96 0h22.4c6.4 0 12.8-6.4 12.8-12.8V204.8c0-6.4-6.4-12.8-12.8-12.8h-22.4c-6.4 0-12.8 6.4-12.8 12.8v134.4c0 6.4 6.4 12.8 12.8 12.8zM496 400H48V80c0-8.84-7.16-16-16-16H16C7.16 64 0 71.16 0 80v336c0 17.67 14.33 32 32 32h464c8.84 0 16-7.16 16-16v-16c0-8.84-7.16-16-16-16zm-387.2-48h22.4c6.4 0 12.8-6.4 12.8-12.8v-70.4c0-6.4-6.4-12.8-12.8-12.8h-22.4c-6.4 0-12.8 6.4-12.8 12.8v70.4c0 6.4 6.4 12.8 12.8 12.8z\" class=\"\"><\/path><\/svg><\/i> <\/p>\n<div class=\"pvc_clear\"><\/div>\n<div class=\"print\"><span class=\"page_title\">P\u00e1gina: <span>\u201cCumplimos16\u201d, con este lema el 1-1-2 Canarias celebra su d\u00e9cimo sexto aniversario<\/span><\/span>\n\t\t\t\t\t\t\t\t\t\t\t<span class=\"stmp_trans_date\">\u00daltima actualizaci\u00f3n: <span>29\/05\/2014 - 12:56:54<\/span><\/span>\n\t\t\t\t\t\t\t\t\t\t\t<span class=\"stmp_trans_date\">Fecha publicaci\u00f3n: <span>29\/05\/2014 - 12:56:54<\/span><\/span>\n\t\t\t\t\t\t\t\t\t\t\t<span class=\"stmp_trans_date\">Fecha creaci\u00f3n: <span>29\/05\/2014 - 12:56:54<\/span><\/span><\/div>","protected":false},"excerpt":{"rendered":"<p>Una campa\u00f1a informativa en redes sociales afianzar\u00e1 el conocimiento de este servicio en la poblaci\u00f3n El Centro Coordinador de Emergencias y Seguridad (CECOES) 1-1-2, dependiente de la Consejer\u00eda de Econom\u00eda, Hacienda y Seguridad del Gobierno de Canarias, cumple ma\u00f1ana viernes, 30 de mayo,\u00a0 16 a\u00f1os&#8230;<\/p>\n<div class=\"pvc_clear\"><\/div>\n<p id=\"pvc_stats_889\" class=\"pvc_stats all  \" data-element-id=\"889\" style=\"\"><i class=\"pvc-stats-icon medium\" aria-hidden=\"true\"><svg aria-hidden=\"true\" focusable=\"false\" data-prefix=\"far\" data-icon=\"chart-bar\" role=\"img\" xmlns=\"http:\/\/www.w3.org\/2000\/svg\" viewBox=\"0 0 512 512\" class=\"svg-inline--fa fa-chart-bar fa-w-16 fa-2x\"><path fill=\"currentColor\" d=\"M396.8 352h22.4c6.4 0 12.8-6.4 12.8-12.8V108.8c0-6.4-6.4-12.8-12.8-12.8h-22.4c-6.4 0-12.8 6.4-12.8 12.8v230.4c0 6.4 6.4 12.8 12.8 12.8zm-192 0h22.4c6.4 0 12.8-6.4 12.8-12.8V140.8c0-6.4-6.4-12.8-12.8-12.8h-22.4c-6.4 0-12.8 6.4-12.8 12.8v198.4c0 6.4 6.4 12.8 12.8 12.8zm96 0h22.4c6.4 0 12.8-6.4 12.8-12.8V204.8c0-6.4-6.4-12.8-12.8-12.8h-22.4c-6.4 0-12.8 6.4-12.8 12.8v134.4c0 6.4 6.4 12.8 12.8 12.8zM496 400H48V80c0-8.84-7.16-16-16-16H16C7.16 64 0 71.16 0 80v336c0 17.67 14.33 32 32 32h464c8.84 0 16-7.16 16-16v-16c0-8.84-7.16-16-16-16zm-387.2-48h22.4c6.4 0 12.8-6.4 12.8-12.8v-70.4c0-6.4-6.4-12.8-12.8-12.8h-22.4c-6.4 0-12.8 6.4-12.8 12.8v70.4c0 6.4 6.4 12.8 12.8 12.8z\" class=\"\"><\/path><\/svg><\/i> <img loading=\"lazy\" decoding=\"async\" width=\"16\" height=\"16\" alt=\"Loading\" src=\"https:\/\/www.112canarias.com\/112\/wp-content\/plugins\/page-views-count\/ajax-loader-2x.gif\" border=0 \/><\/p>\n<div class=\"pvc_clear\"><\/div>\n","protected":false},"author":1,"featured_media":0,"comment_status":"open","ping_status":"open","sticky":false,"template":"","format":"standard","meta":{"footnotes":""},"categories":[10],"tags":[],"class_list":["post-889","post","type-post","status-publish","format-standard","has-post-thumbnail","hentry","category-ultimasnoticas"],"_links":{"self":[{"href":"https:\/\/www.112canarias.com\/112\/wp-json\/wp\/v2\/posts\/889","targetHints":{"allow":["GET"]}}],"collection":[{"href":"https:\/\/www.112canarias.com\/112\/wp-json\/wp\/v2\/posts"}],"about":[{"href":"https:\/\/www.112canarias.com\/112\/wp-json\/wp\/v2\/types\/post"}],"author":[{"embeddable":true,"href":"https:\/\/www.112canarias.com\/112\/wp-json\/wp\/v2\/users\/1"}],"replies":[{"embeddable":true,"href":"https:\/\/www.112canarias.com\/112\/wp-json\/wp\/v2\/comments?post=889"}],"version-history":[{"count":0,"href":"https:\/\/www.112canarias.com\/112\/wp-json\/wp\/v2\/posts\/889\/revisions"}],"wp:attachment":[{"href":"https:\/\/www.112canarias.com\/112\/wp-json\/wp\/v2\/media?parent=889"}],"wp:term":[{"taxonomy":"category","embeddable":true,"href":"https:\/\/www.112canarias.com\/112\/wp-json\/wp\/v2\/categories?post=889"},{"taxonomy":"post_tag","embeddable":true,"href":"https:\/\/www.112canarias.com\/112\/wp-json\/wp\/v2\/tags?post=889"}],"curies":[{"name":"wp","href":"https:\/\/api.w.org\/{rel}","templated":true}]}}